{"id":22776,"date":"2025-05-06T12:26:33","date_gmt":"2025-05-06T15:26:33","guid":{"rendered":"https:\/\/13.com.ar\/index.php\/una-visa-denegada-un-problema-inesperado-para-boca-rumbo-al-mundial-de-clubes\/"},"modified":"2025-05-06T12:26:33","modified_gmt":"2025-05-06T15:26:33","slug":"una-visa-denegada-un-problema-inesperado-para-boca-rumbo-al-mundial-de-clubes","status":"publish","type":"post","link":"https:\/\/13.com.ar\/index.php\/una-visa-denegada-un-problema-inesperado-para-boca-rumbo-al-mundial-de-clubes\/","title":{"rendered":"una visa denegada, un problema inesperado para Boca rumbo al Mundial de Clubes"},"content":{"rendered":"<p> <br \/>\n<br \/><img decoding=\"async\" src=\"https:\/\/13.com.ar\/wp-content\/uploads\/2025\/05\/una-visa-denegada-un-problema-inesperado-para-Boca-rumbo-al.jpg\" \/><\/p>\n<div id=\"element-body-0\">\n<p>Cuando Boca so\u00f1aba con su participaci\u00f3n al <strong>Mundial de Clubes<\/strong>, imaginando competir de igual a igual con las potencias europeas, un contratiempo administrativo se transform\u00f3 en una preocupaci\u00f3n mayor. <strong>La visa que Ayrton Costa necesita para ingresar a Estados Unidos fue nuevamente denegada <\/strong>y su presencia en el torneo est\u00e1 pr\u00e1cticamente descartada. El ex Independiente, se\u00f1alado como uno de los refuerzos clave del semestre, qued\u00f3 atrapado en una situaci\u00f3n judicial compleja, cuyas consecuencias exceden el \u00e1mbito deportivo.<\/p>\n<\/div>\n<div id=\"element-body-1\">\n<p>Desde su llegada al club, el tema estaba sobre la mesa: <strong>Costa ya hab\u00eda sido rechazado por las autoridades migratorias norteamericanas a fines de 2023<\/strong>, cuando integraba el plantel de Independiente en una gira frustrada. Entonces, la negativa se apoy\u00f3 en dos causas judiciales en las que aparece como part\u00edcipe secundario: un robo vinculado a amigos suyos y un caso m\u00e1s grave, un femicidio en el que su hermano es el principal acusado y \u00e9l figura como supuesto encubridor. Aunque ninguna de esas investigaciones avanz\u00f3 formalmente en su contra, los antecedentes pesaron en su nueva solicitud.<\/p>\n<\/div>\n<div id=\"element-body-2\">\n<p>La consecuencia es clara: <strong>el marcador central no puede viajar al pa\u00eds sede del Mundial de Clubes y, salvo una intervenci\u00f3n directa de la FIFA<\/strong> \u2014que ya est\u00e1 siendo gestionada por el club\u2014, quedar\u00e1 fuera de la competencia. Boca, mientras tanto, se rearma en defensa con el regreso de Cristian Lema y la reincorporaci\u00f3n paulatina de Nicol\u00e1s Figal, pero la baja de Costa desarma el plan original. <strong>Su llegada hab\u00eda sido pensada como un respaldo de jerarqu\u00eda para Marcos Rojo<\/strong>, una pieza con presencia y autoridad, que en sus primeros partidos gener\u00f3 buenas impresiones.<\/p>\n<\/div>\n<div id=\"element-body-4\">\n<p>Ante este escenario, y con la Copa como objetivo prioritario, en el Consejo de F\u00fatbol ya se preguntan si no ser\u00e1 necesario aprovechar la ventana especial de junio para sumar otro zaguero. Herr\u00f3n o quien est\u00e9 al frente del plantel deber\u00e1 contar con alternativas firmes en una l\u00ednea que adem\u00e1s integra <strong>Rodrigo Battaglia<\/strong> como comod\u00edn y los juveniles <strong>Lautaro Di Lollo y Mateo Mendia<\/strong>. Todo mientras se espera una respuesta que llegue desde m\u00e1s all\u00e1 del deporte. Porque esta vez, el partido Boca lo juega en otra cancha.<\/p>\n<\/div>\n<p><br \/>\n<br \/><a href=\"https:\/\/www.clarin.com\/deportes\/caso-ayrton-costa-visa-denegada-problema-inesperado-boca-rumbo-mundial-clubes_0_xguq7JYNEc.html\">Fuente Clarin.com <\/a><\/p>\n","protected":false},"excerpt":{"rendered":"<p>Cuando Boca so\u00f1aba con su participaci\u00f3n al Mundial de Clubes, imaginando competir de igual a igual con las potencias europeas, un contratiempo administrativo se transform\u00f3 en una preocupaci\u00f3n mayor. La visa que Ayrton Costa necesita para ingresar a Estados Unidos fue nuevamente denegada y su presencia en el torneo est\u00e1 pr\u00e1cticamente descartada. El ex Independiente, [&hellip;]<\/p>\n","protected":false},"author":1,"featured_media":22777,"comment_status":"open","ping_status":"open","sticky":false,"template":"","format":"standard","meta":{"footnotes":""},"categories":[2],"tags":[707,1613,17204,965,1612,16,242,8839,73,5459],"class_list":["post-22776","post","type-post","status-publish","format-standard","has-post-thumbnail","hentry","category-ultimas-noticias","tag-boca","tag-clubes","tag-denegada","tag-inesperado","tag-mundial","tag-para","tag-problema","tag-rumbo","tag-una","tag-visa"],"_links":{"self":[{"href":"https:\/\/13.com.ar\/index.php\/wp-json\/wp\/v2\/posts\/22776","targetHints":{"allow":["GET"]}}],"collection":[{"href":"https:\/\/13.com.ar\/index.php\/wp-json\/wp\/v2\/posts"}],"about":[{"href":"https:\/\/13.com.ar\/index.php\/wp-json\/wp\/v2\/types\/post"}],"author":[{"embeddable":true,"href":"https:\/\/13.com.ar\/index.php\/wp-json\/wp\/v2\/users\/1"}],"replies":[{"embeddable":true,"href":"https:\/\/13.com.ar\/index.php\/wp-json\/wp\/v2\/comments?post=22776"}],"version-history":[{"count":0,"href":"https:\/\/13.com.ar\/index.php\/wp-json\/wp\/v2\/posts\/22776\/revisions"}],"wp:featuredmedia":[{"embeddable":true,"href":"https:\/\/13.com.ar\/index.php\/wp-json\/wp\/v2\/media\/22777"}],"wp:attachment":[{"href":"https:\/\/13.com.ar\/index.php\/wp-json\/wp\/v2\/media?parent=22776"}],"wp:term":[{"taxonomy":"category","embeddable":true,"href":"https:\/\/13.com.ar\/index.php\/wp-json\/wp\/v2\/categories?post=22776"},{"taxonomy":"post_tag","embeddable":true,"href":"https:\/\/13.com.ar\/index.php\/wp-json\/wp\/v2\/tags?post=22776"}],"curies":[{"name":"wp","href":"https:\/\/api.w.org\/{rel}","templated":true}]}}