{"id":22773,"date":"2025-05-06T12:20:27","date_gmt":"2025-05-06T15:20:27","guid":{"rendered":"https:\/\/13.com.ar\/index.php\/la-libertad-avanza-no-compite-este-domingo-en-san-luis-por-orden-de-karina-milei-pero-se-anotaron-libertarios-blue-ligados-al-gobierno\/"},"modified":"2025-05-06T12:20:27","modified_gmt":"2025-05-06T15:20:27","slug":"la-libertad-avanza-no-compite-este-domingo-en-san-luis-por-orden-de-karina-milei-pero-se-anotaron-libertarios-blue-ligados-al-gobierno","status":"publish","type":"post","link":"https:\/\/13.com.ar\/index.php\/la-libertad-avanza-no-compite-este-domingo-en-san-luis-por-orden-de-karina-milei-pero-se-anotaron-libertarios-blue-ligados-al-gobierno\/","title":{"rendered":"La Libertad Avanza no compite este domingo en San Luis por orden de Karina Milei, pero se anotaron &#8220;libertarios blue&#8221; ligados al Gobierno"},"content":{"rendered":"<p> <br \/>\n<br \/><img decoding=\"async\" src=\"https:\/\/13.com.ar\/wp-content\/uploads\/2025\/05\/La-Libertad-Avanza-no-compite-este-domingo-en-San-Luis.jpg\" \/><\/p>\n<div id=\"element-body-0\">\n<p>Este domingo cuatro provincias ir\u00e1n a las urnas en el segundo test electoral del a\u00f1o despu\u00e9s de las elecciones locales en Santa Fe, pero <strong>La Libertad Avanza no competir\u00e1 en San Luis<\/strong>. El partido que preside<strong> Karina Milei<\/strong> no participar\u00e1 de manera oficial aunque habr\u00e1 <strong>listas libertarias vinculadas <\/strong>a un diputado nacional y a una senadora nacional de LLA.<\/p>\n<\/div>\n<div id=\"element-body-1\">\n<p>A diferencia de Salta o Jujuy, donde en cinco d\u00edas LLA tendr\u00e1 sus candidatos oficiales, o Chaco, donde va en alianza con el gobernador radical Leandro Zdero, en San Luis no habr\u00e1 candidatos provinciales bendecidos por la Casa Rosada.<\/p>\n<\/div>\n<div id=\"element-body-2\">\n<p>El apoderado nacional del partido libertario, <strong>Santiago Viola <\/strong>-ex defensor de L\u00e1zaro B\u00e1ez-, se present\u00f3 en la Justicia Electoral para impedir que los libertarios inscriptos para competir usen el logo, los s\u00edmbolos y el color del partido de Milei. Tras una resoluci\u00f3n en contra, apel\u00f3 y logr\u00f3 que no prospere el frente local La Libertad Avanza, de <strong>Rodolfo Negri<\/strong>, un empresario y prosecretario parlamentario del bloque nacional de LLA en el Senado.<\/p>\n<\/div>\n<div id=\"element-body-3\">\n<p>El desdoblamiento de la elecci\u00f3n local que llev\u00f3 adelante el gobernador Claudio Poggi, que encabeza un frente provincial con el PRO, radicales y otros partidos, le complic\u00f3 a los libertarios el armado de LLA a nivel local. El senador nacional y presidente provisional del Senado, Bartolom\u00e9 Abdala, no logr\u00f3 el objetivo y apunta para tener la aprobaci\u00f3n para las elecciones nacionales de octubre.<\/p>\n<\/div>\n<div id=\"element-body-4\">\n<p>Por el cambio de fechas, el cierre de listas fue en marzo. Negri, empresario de la salud, pareja de la senadora nacional libertaria <strong>Marcela Arrascaeta<\/strong> y funcionario en el Senado, present\u00f3 el frente &#8220;La Libertad Avanza&#8221;. Tuvo una resoluci\u00f3n a favor, pero con la \u00faltima presentaci\u00f3n de Viola, tuvo que cambiar nombre y logo. <\/p>\n<\/div>\n<div id=\"element-body-6\">\n<p>En el debut provincial de la Boleta \u00danica de Papel (BUP), el frente competir\u00e1 este domingo con el sello: <strong>&#8220;Viva La Libertad Carajo&#8221;<\/strong>. No tiene la cara del le\u00f3n, sino una especie de le\u00f3n de perfil con alas del \u00e1guila libertaria, en violeta.<\/p>\n<\/div>\n<div id=\"element-body-7\">\n<p>Pero no es la \u00fanica lista &#8220;libertaria blue&#8221;. El diputado nacional de LLA <strong>Carlos Gonz\u00e1lez D&#8217;Alessandro<\/strong> jugar\u00e1 en la elecci\u00f3n local a trav\u00e9s del frente &#8220;Las Fuerzas del Cielo&#8221;. Es una alianza integrada por la Uni\u00f3n Vecinal Provincial y el partido Tercera Posici\u00f3n, de un dirigente del sindicato Uthgra, de Luis Barrionuevo.<\/p>\n<\/div>\n<div id=\"element-body-8\">\n<p>D&#8217;Alessandro hace campa\u00f1a en San Luis con sorteo de camisetas de f\u00fatbol y 50 botellas de vino &#8220;Llanto de mandriles&#8221; para aquellos que lo voten y denuncien &#8220;hechos de corrupci\u00f3n&#8221; del gobernador Poggi. El diputado tiene el apoyo de Abdala y compite con en la BUP con una cara de un le\u00f3n y un violeta &#8220;light&#8221;.<\/p>\n<\/div>\n<div id=\"element-body-10\">\n<p>Este domingo los puntanos elegir\u00e1n cuatro senadores, 21 diputados, cinco intendentes y concejales. En los sondeos que manejan en el gobierno local, el oficialismo que compite con el frente &#8220;Ahora San Luis&#8221;, que sum\u00f3 peronistas que se abrieron del exgobernador Alberto Rodr\u00edguez Sa\u00e1, aparece como favorito. <\/p>\n<\/div>\n<div id=\"element-body-11\">\n<p>El ex mandatario tendr\u00e1 una lista y hay otra peronista con candidatos del kirchnerismo.<\/p>\n<\/div>\n<p><br \/>\n<br \/><a href=\"https:\/\/www.clarin.com\/politica\/libertad-avanza-compite-domingo-san-luis-orden-karina-milei-anotaron-libertarios-blue-ligados-gobierno_0_tb1lmHbwk0.html\">Fuente Clarin.com <\/a><\/p>\n","protected":false},"excerpt":{"rendered":"<p>Este domingo cuatro provincias ir\u00e1n a las urnas en el segundo test electoral del a\u00f1o despu\u00e9s de las elecciones locales en Santa Fe, pero La Libertad Avanza no competir\u00e1 en San Luis. El partido que preside Karina Milei no participar\u00e1 de manera oficial aunque habr\u00e1 listas libertarias vinculadas a un diputado nacional y a una [&hellip;]<\/p>\n","protected":false},"author":1,"featured_media":22774,"comment_status":"open","ping_status":"open","sticky":false,"template":"","format":"standard","meta":{"footnotes":""},"categories":[2],"tags":[9986,253,8374,9643,2845,139,71,4337,1792,3181,17200,1251,77,1185,265,142,451],"class_list":["post-22773","post","type-post","status-publish","format-standard","has-post-thumbnail","hentry","category-ultimas-noticias","tag-anotaron","tag-avanza","tag-blue","tag-compite","tag-domingo","tag-este","tag-gobierno","tag-karina","tag-libertad","tag-libertarios","tag-ligados","tag-luis","tag-milei","tag-orden","tag-pero","tag-por","tag-san"],"_links":{"self":[{"href":"https:\/\/13.com.ar\/index.php\/wp-json\/wp\/v2\/posts\/22773","targetHints":{"allow":["GET"]}}],"collection":[{"href":"https:\/\/13.com.ar\/index.php\/wp-json\/wp\/v2\/posts"}],"about":[{"href":"https:\/\/13.com.ar\/index.php\/wp-json\/wp\/v2\/types\/post"}],"author":[{"embeddable":true,"href":"https:\/\/13.com.ar\/index.php\/wp-json\/wp\/v2\/users\/1"}],"replies":[{"embeddable":true,"href":"https:\/\/13.com.ar\/index.php\/wp-json\/wp\/v2\/comments?post=22773"}],"version-history":[{"count":0,"href":"https:\/\/13.com.ar\/index.php\/wp-json\/wp\/v2\/posts\/22773\/revisions"}],"wp:featuredmedia":[{"embeddable":true,"href":"https:\/\/13.com.ar\/index.php\/wp-json\/wp\/v2\/media\/22774"}],"wp:attachment":[{"href":"https:\/\/13.com.ar\/index.php\/wp-json\/wp\/v2\/media?parent=22773"}],"wp:term":[{"taxonomy":"category","embeddable":true,"href":"https:\/\/13.com.ar\/index.php\/wp-json\/wp\/v2\/categories?post=22773"},{"taxonomy":"post_tag","embeddable":true,"href":"https:\/\/13.com.ar\/index.php\/wp-json\/wp\/v2\/tags?post=22773"}],"curies":[{"name":"wp","href":"https:\/\/api.w.org\/{rel}","templated":true}]}}