{"id":22771,"date":"2025-05-06T12:17:29","date_gmt":"2025-05-06T15:17:29","guid":{"rendered":"https:\/\/13.com.ar\/index.php\/cual-fue-la-reaccion-de-su-papa\/"},"modified":"2025-05-06T12:17:29","modified_gmt":"2025-05-06T15:17:29","slug":"cual-fue-la-reaccion-de-su-papa","status":"publish","type":"post","link":"https:\/\/13.com.ar\/index.php\/cual-fue-la-reaccion-de-su-papa\/","title":{"rendered":"cu\u00e1l fue la reacci\u00f3n de su pap\u00e1"},"content":{"rendered":"<p> <br \/>\n<br \/><img decoding=\"async\" src=\"https:\/\/13.com.ar\/wp-content\/uploads\/2025\/05\/cual-fue-la-reaccion-de-su-papa.jpg\" \/><\/p>\n<div id=\"element-body-0\">\n<p>Con el sue\u00f1o latente de ser futbolista, <strong>Cristiano Jr.<\/strong> comenz\u00f3 a prepararse desde sus primeros a\u00f1os de vida, incluso muchas veces trabajando a la par de su pap\u00e1 quien, adem\u00e1s de ser Cristiano Ronaldo, uno de los mejores jugadores del mundo, <strong>es reconocido por sus intensas rutinas f\u00edsicas y futbol\u00edsticas para mantenerse siempre en el mejor nivel. <\/strong>Y todo ese esfuerzo, que incluy\u00f3 m\u00faltiples cambios de clubes, siempre siguiendo los pasos de CR7, tuvo sus frutos:<strong> el hijo mayor del crack portugu\u00e9s fue convocado a la selecci\u00f3n sub 15 de su pa\u00eds. <\/strong><\/p>\n<\/div>\n<div id=\"element-body-1\">\n<p>Cristiano Dos Santos fue convocado por Jo\u00e3o Santos para disputar la <strong>s\u00e9ptima edici\u00f3n del Torneo Internacional Vlatko Markovic,<\/strong> en Croacia, entre el 13 y el 18 de mayo.<\/p>\n<\/div>\n<div id=\"element-body-2\">\n<p>La selecci\u00f3n portuguesa disputar\u00e1 cuatro partidos, los tres primeros contra<strong> Jap\u00f3n (13 de mayo), Grecia (14 de mayo) e Inglaterra (16 de mayo).<\/strong> En tanto, el cuarto y \u00faltimo encuentro, se jugar\u00e1 el 18 de mayo, sin rival a\u00fan definido. Adem\u00e1s, la selecci\u00f3n tambi\u00e9n cumplir\u00e1 con cuatro entrenamientos con el plantel completo, dos en Portugal y otros dos ya en Croacia.  <\/p>\n<\/div>\n<p><h2><strong>La reacci\u00f3n de Cristiano tras la convocatoria de su hijo a la selecci\u00f3n de Portugal<\/strong><\/h2>\n<\/p>\n<div id=\"element-body-4\">\n<p>Tras confirmarse la noticia, CR7 celebr\u00f3 la convocatoria en sus redes sociales.<strong> &#8220;Orgulloso de ti, mi hijo&#8221;,<\/strong> escribi\u00f3 el crack portugu\u00e9s en una historia de Instagram, en la que adem\u00e1s comparti\u00f3 una captura con la novedad. <\/p>\n<\/div>\n<div id=\"element-body-5\">\n<p>Al igual que Cristiano, actualmente <strong>su hijo es futbolista de la divisiones inferiores del Al Nassr de Arabia Saudita. <\/strong><\/p>\n<\/div>\n<p><br \/>\n<br \/><a href=\"https:\/\/www.clarin.com\/deportes\/hijo-cristiano-ronaldo-convocado-seleccion-portugal-reaccion-papa_0_hiLHCq1xkJ.html\">Fuente Clarin.com <\/a><\/p>\n","protected":false},"excerpt":{"rendered":"<p>Con el sue\u00f1o latente de ser futbolista, Cristiano Jr. comenz\u00f3 a prepararse desde sus primeros a\u00f1os de vida, incluso muchas veces trabajando a la par de su pap\u00e1 quien, adem\u00e1s de ser Cristiano Ronaldo, uno de los mejores jugadores del mundo, es reconocido por sus intensas rutinas f\u00edsicas y futbol\u00edsticas para mantenerse siempre en el [&hellip;]<\/p>\n","protected":false},"author":1,"featured_media":22772,"comment_status":"open","ping_status":"open","sticky":false,"template":"","format":"standard","meta":{"footnotes":""},"categories":[2],"tags":[373,105,2919,825],"class_list":["post-22771","post","type-post","status-publish","format-standard","has-post-thumbnail","hentry","category-ultimas-noticias","tag-cual","tag-fue","tag-papa","tag-reaccion"],"_links":{"self":[{"href":"https:\/\/13.com.ar\/index.php\/wp-json\/wp\/v2\/posts\/22771","targetHints":{"allow":["GET"]}}],"collection":[{"href":"https:\/\/13.com.ar\/index.php\/wp-json\/wp\/v2\/posts"}],"about":[{"href":"https:\/\/13.com.ar\/index.php\/wp-json\/wp\/v2\/types\/post"}],"author":[{"embeddable":true,"href":"https:\/\/13.com.ar\/index.php\/wp-json\/wp\/v2\/users\/1"}],"replies":[{"embeddable":true,"href":"https:\/\/13.com.ar\/index.php\/wp-json\/wp\/v2\/comments?post=22771"}],"version-history":[{"count":0,"href":"https:\/\/13.com.ar\/index.php\/wp-json\/wp\/v2\/posts\/22771\/revisions"}],"wp:featuredmedia":[{"embeddable":true,"href":"https:\/\/13.com.ar\/index.php\/wp-json\/wp\/v2\/media\/22772"}],"wp:attachment":[{"href":"https:\/\/13.com.ar\/index.php\/wp-json\/wp\/v2\/media?parent=22771"}],"wp:term":[{"taxonomy":"category","embeddable":true,"href":"https:\/\/13.com.ar\/index.php\/wp-json\/wp\/v2\/categories?post=22771"},{"taxonomy":"post_tag","embeddable":true,"href":"https:\/\/13.com.ar\/index.php\/wp-json\/wp\/v2\/tags?post=22771"}],"curies":[{"name":"wp","href":"https:\/\/api.w.org\/{rel}","templated":true}]}}