{"id":22770,"date":"2025-05-06T12:14:33","date_gmt":"2025-05-06T15:14:33","guid":{"rendered":"https:\/\/13.com.ar\/index.php\/los-posteos-de-alpine-y-las-reacciones-de-los-fans-argentinos-ante-los-rumores-sobre-franco-colapinto\/"},"modified":"2025-05-06T12:14:33","modified_gmt":"2025-05-06T15:14:33","slug":"los-posteos-de-alpine-y-las-reacciones-de-los-fans-argentinos-ante-los-rumores-sobre-franco-colapinto","status":"publish","type":"post","link":"https:\/\/13.com.ar\/index.php\/los-posteos-de-alpine-y-las-reacciones-de-los-fans-argentinos-ante-los-rumores-sobre-franco-colapinto\/","title":{"rendered":"los posteos de Alpine y las reacciones de los fans argentinos, ante los rumores sobre Franco Colapinto"},"content":{"rendered":"<p> <br \/>\n<br \/><img decoding=\"async\" src=\"https:\/\/13.com.ar\/wp-content\/uploads\/2025\/05\/la-estrategia-de-Doohan-para-combatir-los-rumores-sobre-el.jpg\" \/><\/p>\n<div id=\"element-body-0\">\n<p>A la espera del inminente anuncio de que <strong>Franco Colapinto <\/strong>ser\u00e1 piloto titular de<strong> Alpine<\/strong> a partir del<strong> Gran Premio de Imola<\/strong>, los fan\u00e1ticos argentinos est\u00e1n m\u00e1s presentes que nunca en las redes sociales del equipo, rogando que lo confirmen. En s\u00ed, los pedidos para que el piloto argentino vuelva a ser uno de los 20 protagonistas de la <strong>F\u00f3rmula 1<\/strong> nunca cesaron desde que se confirm\u00f3 su llegada a la escuder\u00eda francesa, pero en los \u00faltimos d\u00edas no paran de crecer los rumores de que en cualquier momento va a ser oficial.<\/p>\n<\/div>\n<div id=\"element-body-1\">\n<p>Fue una suma de factores que se fueron apilando para que el p\u00fablico est\u00e9 casi del todo seguro de que Colapinto se subir\u00e1 al A525 en la pr\u00f3xima cita del calendario. Ya no hay nada que frene la ilusi\u00f3n de los argentinos, y lo hacen notar en los \u00faltimos posteos de Alpine.<\/p>\n<\/div>\n<div id=\"element-body-2\">\n<p>Los primeros fueron sobre el <strong>Gran Premio de Miami <\/strong>que se celebr\u00f3 el fin de semana pasado, donde todo lo malo que le podr\u00eda pasar al equipo termin\u00f3 pasando. <strong>Pierre Gasly<\/strong> sufri\u00f3 durante la clasificaci\u00f3n y tampoco pudo recuperar lo suficiente durante la carrera para llegar a la zona de puntos, y <strong>Jack Doohan<\/strong>, quien ya viene teniendo un desempe\u00f1o poco destacable desde que empez\u00f3 el a\u00f1o, no pudo ni completar una vuelta debido a un pinchazo en uno de sus neum\u00e1ticos que caus\u00f3 un &#8220;da\u00f1o demasiado grave para continuar&#8221;, seg\u00fan explic\u00f3 Alpine.<\/p>\n<\/div>\n<div id=\"element-body-3\">\n<p>En los d\u00edas que le siguieron a la carrera, el equipo asegur\u00f3 que ya est\u00e1n con la mente en Europa, y debajo de los posteos llueven comentarios pidiendo por el piloto argentino. Varios revelaron que tienen las notificaciones de las redes de Alpine prendidas para ser los primeros en enterarse sobre el ascenso de Colapinto.<\/p>\n<\/div>\n<div id=\"element-body-4\">\n<p>El domingo, cuando la cuenta oficial de Alpine anunci\u00f3 que Doohan estaba fuera de carrera, decidi\u00f3 bloquear los comentarios para evitar la reacci\u00f3n de los haters. Pasado el temblor, este martes la escuder\u00eda anunci\u00f3 que ya est\u00e1n preparados para la gira europea y las respuestas de los fans fueron m\u00e1s que elocuentes.<\/p>\n<\/div>\n<div id=\"element-body-5\">\n<blockquote class=\"twitter-tweet\">\n<p lang=\"en\" dir=\"ltr\">First half of the flyaways done for the year\u00a0\ud83c\udde6\ud83c\uddfa\ud83c\udde8\ud83c\uddf3\ud83c\uddef\ud83c\uddf5\ud83c\udde7\ud83c\udded\ud83c\uddf8\ud83c\udde6\ud83c\uddfa\ud83c\uddf8<\/p>\n<p>Europe, we&#8217;re coming for you \ud83d\udd1c <a rel=\"nofollow\" target=\"_blank\" href=\"https:\/\/t.co\/ISh4KH3O4a\">pic.twitter.com\/ISh4KH3O4a<\/a><\/p>\n<p>\u2014 BWT Alpine Formula One Team (@AlpineF1Team) <a rel=\"nofollow\" target=\"_blank\" href=\"https:\/\/twitter.com\/AlpineF1Team\/status\/1919704023776600350?ref_src=twsrc%5Etfw\">May 6, 2025<\/a><\/p><\/blockquote>\n<\/div>\n<div id=\"element-body-6\">\n<p> <strong>&#8220;Es la hora&#8221;. &#8220;Estamos todos expectantes a la confirmaci\u00f3n. La ansiedad es total&#8221;; &#8220;Y Alpine? Sale humo blanco? Habemus Franco?&#8221;; &#8220;Estamos todos actualizando la cuenta cada 5 minutos, no?&#8221;; &#8220;Siento olor a asadito, se viene&#8221;<\/strong>, y variedades de este tipo de comentarios estallan en las redes de Alpine, mientras que otros solo comparten memes y fotos del piloto argentino, diciendo sin palabras que tambi\u00e9n est\u00e1n a la espera de una confirmaci\u00f3n.<\/p>\n<\/div>\n<div id=\"element-body-7\">\n<p>Aunque hay algunos que les recuerdan a sus compatriotas que la anuncio oficial se har\u00e1 una vez que Colapinto complete sus pruebas en Silverstone y Monza, donde manejar\u00e1 el A523 mientras aprovecha su status de piloto de reserva para hacer varios kil\u00f3metros en pista, ya que los pilotos titulares tienen una cantidad limitada de pruebas que pueden hacer por a\u00f1o.<\/p>\n<\/div>\n<div id=\"element-body-8\">\n<p>De todas formas, lo \u00fanico que queda hacer es esperar a que Alpine confirme si Colapinto reemplazar\u00e1 a Doohan a partir del GP de Emilia Romagna este 18 de mayo, o si los argentinos deber\u00e1n aguantar un poco m\u00e1s para ver al pilarense de nuevo en un monoplaza de F\u00f3rmula 1 como piloto titular.<\/p>\n<\/div>\n<p><script async src=\"\/\/platform.twitter.com\/widgets.js\" charset=\"utf-8\"><\/script><br \/>\n<br \/><br \/>\n<br \/><a href=\"https:\/\/www.clarin.com\/deportes\/hora-sale-humo-blanco-posteos-alpine-reacciones-fans-argentinos-rumores-franco-colapinto_0_8ZzuhOTAiV.html\">Fuente Clarin.com <\/a><\/p>\n","protected":false},"excerpt":{"rendered":"<p>A la espera del inminente anuncio de que Franco Colapinto ser\u00e1 piloto titular de Alpine a partir del Gran Premio de Imola, los fan\u00e1ticos argentinos est\u00e1n m\u00e1s presentes que nunca en las redes sociales del equipo, rogando que lo confirmen. En s\u00ed, los pedidos para que el piloto argentino vuelva a ser uno de los [&hellip;]<\/p>\n","protected":false},"author":1,"featured_media":21733,"comment_status":"open","ping_status":"open","sticky":false,"template":"","format":"standard","meta":{"footnotes":""},"categories":[2],"tags":[3963,2759,671,1053,3054,3011,48,28,1691,15438,364,732],"class_list":["post-22770","post","type-post","status-publish","format-standard","has-post-thumbnail","hentry","category-ultimas-noticias","tag-alpine","tag-ante","tag-argentinos","tag-colapinto","tag-fans","tag-franco","tag-las","tag-los","tag-posteos","tag-reacciones","tag-rumores","tag-sobre"],"_links":{"self":[{"href":"https:\/\/13.com.ar\/index.php\/wp-json\/wp\/v2\/posts\/22770","targetHints":{"allow":["GET"]}}],"collection":[{"href":"https:\/\/13.com.ar\/index.php\/wp-json\/wp\/v2\/posts"}],"about":[{"href":"https:\/\/13.com.ar\/index.php\/wp-json\/wp\/v2\/types\/post"}],"author":[{"embeddable":true,"href":"https:\/\/13.com.ar\/index.php\/wp-json\/wp\/v2\/users\/1"}],"replies":[{"embeddable":true,"href":"https:\/\/13.com.ar\/index.php\/wp-json\/wp\/v2\/comments?post=22770"}],"version-history":[{"count":0,"href":"https:\/\/13.com.ar\/index.php\/wp-json\/wp\/v2\/posts\/22770\/revisions"}],"wp:featuredmedia":[{"embeddable":true,"href":"https:\/\/13.com.ar\/index.php\/wp-json\/wp\/v2\/media\/21733"}],"wp:attachment":[{"href":"https:\/\/13.com.ar\/index.php\/wp-json\/wp\/v2\/media?parent=22770"}],"wp:term":[{"taxonomy":"category","embeddable":true,"href":"https:\/\/13.com.ar\/index.php\/wp-json\/wp\/v2\/categories?post=22770"},{"taxonomy":"post_tag","embeddable":true,"href":"https:\/\/13.com.ar\/index.php\/wp-json\/wp\/v2\/tags?post=22770"}],"curies":[{"name":"wp","href":"https:\/\/api.w.org\/{rel}","templated":true}]}}