{"id":22768,"date":"2025-05-06T12:11:28","date_gmt":"2025-05-06T15:11:28","guid":{"rendered":"https:\/\/13.com.ar\/index.php\/hoy-tiene-24-y-es-identica-a-su-madre\/"},"modified":"2025-05-06T12:11:28","modified_gmt":"2025-05-06T15:11:28","slug":"hoy-tiene-24-y-es-identica-a-su-madre","status":"publish","type":"post","link":"https:\/\/13.com.ar\/index.php\/hoy-tiene-24-y-es-identica-a-su-madre\/","title":{"rendered":"hoy tiene 24 y es id\u00e9ntica a su madre"},"content":{"rendered":"<p> <br \/>\n<br \/><img decoding=\"async\" src=\"https:\/\/13.com.ar\/wp-content\/uploads\/2025\/05\/hoy-tiene-24-y-es-identica-a-su-madre.jpg\" \/><\/p>\n<div id=\"element-body-0\">\n<p><strong>Thylane Blondeau<\/strong> ten\u00eda seis a\u00f1os cuando se convirti\u00f3 en <strong>estrella infantil <\/strong>de la noche a la ma\u00f1ana. En 2007 camin\u00f3 en la pasarela de un importante desfile, y la nombraron <strong>&#8220;la ni\u00f1a m\u00e1s hermosa del mundo&#8221;<\/strong>, un t\u00edtulo que le abri\u00f3 las puertas al mundo de la moda con un aluvi\u00f3n de contratos de las grandes marcas de belleza.<\/p>\n<\/div>\n<div id=\"element-body-1\">\n<p>En su momento, aquella distinci\u00f3n trajo sorpresa y pol\u00e9mica, por considerar un est\u00e1ndar de belleza a una menor de edad. M\u00e1s adelante ella transform\u00f3 aquella etiqueta en una oportunidad para demostrar su postura sobre los estereotipos hegem\u00f3nicos.<\/p>\n<\/div>\n<div id=\"element-body-3\">\n<p>Sus primeros pasos los dio en Dolce &amp; Gabbana, junto a <strong>Gigi Hadid y Kaia Gerber<\/strong>, cuando ten\u00eda tan solo cuatro a\u00f1os. Poco despu\u00e9s el dise\u00f1ador <strong>Jean Paul Gaultier<\/strong> la eligi\u00f3 para su lanzamiento de temporada, y a los 10 a\u00f1os fue <strong>la modelo m\u00e1s joven del mundo<\/strong> en posar para Vogue Par\u00eds. <\/p>\n<\/div>\n<div id=\"element-body-4\">\n<p>Poco tiempo despu\u00e9s qued\u00f3 seleccionada en la lista de &#8220;Las 100 caras m\u00e1s bellas&#8221; que realiza TC Candler. Siempre viajera, sol\u00eda contar que <strong>hac\u00eda las tareas para la escuela en los aeropuertos<\/strong>, entre una escala y otra, por sus compromisos con varias campa\u00f1as publicitarias. <\/p>\n<\/div>\n<div id=\"element-body-6\">\n<p>Su gran apoyo fueron sus padres: es hija del ex futbolista Patrick Blondeau y<strong> la modelo Veronika Loubry<\/strong>, a quien suele llamar &#8220;su alma gemela&#8221;, no solo por su personalidad sino tambi\u00e9n por su <strong>parecido f\u00edsico<\/strong>, que con el tiempo se hizo cada vez m\u00e1s llamativo. <\/p>\n<\/div>\n<div id=\"element-body-9\">\n<p>A sus 20 a\u00f1os cont\u00f3 en sus redes sociales que tuvo que someterse a m\u00faltiples operaciones por quistes en el ovario. &#8220;Tuve una operaci\u00f3n de emergencia por un quiste ov\u00e1rico que me hab\u00eda explotado en el est\u00f3mago&#8221;, revel\u00f3.<\/p>\n<\/div>\n<div id=\"element-body-11\">\n<p>&#8220;Tres meses despu\u00e9s mi abdomen comenz\u00f3 a doler de nuevo y al principio todos pensamos que era por la operaci\u00f3n, pero vi a tres ginec\u00f3logos diferentes, fui a m\u00e1s de cuatro centros de radiolog\u00eda en Par\u00eds y todos dijeron lo mismo: &#8216;No te preocupes, no tienes nada, todo est\u00e1 en tu cabeza'&#8221;, relat\u00f3.<\/p>\n<\/div>\n<div id=\"element-body-12\">\n<p>&#8220;Fui a urgencias porque me dol\u00eda tanto que no pod\u00eda m\u00e1s y me dijeron que todo estaba bien, que ten\u00eda un peque\u00f1o quiste y que tendr\u00eda que hacerme un nuevo chequeo en dos o tres meses. Al d\u00eda siguiente tuve una cita con un m\u00e9dico incre\u00edble que vio directamente que<strong> ten\u00eda un quiste de 5,6 cent\u00edmetros<\/strong> <strong>que ya estaba tocando mi ovario<\/strong>, por lo que me mand\u00f3 a hacer pruebas y directamente me mand\u00f3 a una operaci\u00f3n de emergencia&#8221;, indic\u00f3. Aquella cirug\u00eda fue exitosa, y la salud de la joven modelo mejor\u00f3. <\/p>\n<\/div>\n<div id=\"element-body-15\">\n<p>La modelo francesa hoy tiene 24 a\u00f1os, y m\u00e1s de <strong>6,9 millones de seguidores <\/strong>en su cuenta de Instagram. Sigue activa en su carrera de modelaje, pero tambi\u00e9n incursion\u00f3 con su propia marca de moda y <strong>sue\u00f1a con consolidarse como actriz. <\/strong><\/p>\n<\/div>\n<div id=\"element-body-16\">\n<p>En 2015 protagoniz\u00f3 la pel\u00edcula <em>Belle &amp; Sebastian: The Adventure Continues<\/em>, y su deseo es seguir creciendo en ese mundo. <strong>&#8220;Angelina Jolie es mi objetivo final como actriz&#8221;,<\/strong> dijo tiempo atr\u00e1s en una entrevista con <em>Teen Vogue<\/em>, donde fantaseaba con coprotagonizar un film con Brad Pitt, Leonardo DiCaprio o Johnny Depp. <\/p>\n<\/div>\n<div id=\"element-body-18\">\n<p>Est\u00e1 en pareja con el actor <strong>Ben Attal<\/strong>, hijo del director de cine Yvan Attal, y se muestran cada vez m\u00e1s afianzados, con vacaciones familiares compartidas y convivencia. <\/p>\n<\/div>\n<div id=\"element-body-19\">\n<p>A pesar de su estilo de vida y de sus contactos en el mundo de la moda, Thylane se mostr\u00f3 en desacuerdo con los estereotipos de la industria. &#8220;<strong>No quiero ser delgada, quiero comer hamburguesas<\/strong>; incluso si alguien dice &#8216;ella no es tan delgada, no puede hacer este programa&#8217;, yo solo le contesto: &#8216;Est\u00e1 bien, entonces no voy a hacer ese programa&#8217;, no voy a dejar de comer por ellos y nadie debe hacerlo&#8221;, indic\u00f3 en una entrevista con <em>The Sun<\/em>. <\/p>\n<\/div>\n<p><br \/>\n<br \/><a href=\"https:\/\/www.clarin.com\/internacional\/nombrada-nina-hermosa-mundo-6-anos-hoy-24-identica-madre_0_LNkaw3huFW.html\">Fuente Clarin.com <\/a><\/p>\n","protected":false},"excerpt":{"rendered":"<p>Thylane Blondeau ten\u00eda seis a\u00f1os cuando se convirti\u00f3 en estrella infantil de la noche a la ma\u00f1ana. En 2007 camin\u00f3 en la pasarela de un importante desfile, y la nombraron &#8220;la ni\u00f1a m\u00e1s hermosa del mundo&#8221;, un t\u00edtulo que le abri\u00f3 las puertas al mundo de la moda con un aluvi\u00f3n de contratos de las [&hellip;]<\/p>\n","protected":false},"author":1,"featured_media":22769,"comment_status":"open","ping_status":"open","sticky":false,"template":"","format":"standard","meta":{"footnotes":""},"categories":[2],"tags":[147,17199,1163,1486],"class_list":["post-22768","post","type-post","status-publish","format-standard","has-post-thumbnail","hentry","category-ultimas-noticias","tag-hoy","tag-identica","tag-madre","tag-tiene"],"_links":{"self":[{"href":"https:\/\/13.com.ar\/index.php\/wp-json\/wp\/v2\/posts\/22768","targetHints":{"allow":["GET"]}}],"collection":[{"href":"https:\/\/13.com.ar\/index.php\/wp-json\/wp\/v2\/posts"}],"about":[{"href":"https:\/\/13.com.ar\/index.php\/wp-json\/wp\/v2\/types\/post"}],"author":[{"embeddable":true,"href":"https:\/\/13.com.ar\/index.php\/wp-json\/wp\/v2\/users\/1"}],"replies":[{"embeddable":true,"href":"https:\/\/13.com.ar\/index.php\/wp-json\/wp\/v2\/comments?post=22768"}],"version-history":[{"count":0,"href":"https:\/\/13.com.ar\/index.php\/wp-json\/wp\/v2\/posts\/22768\/revisions"}],"wp:featuredmedia":[{"embeddable":true,"href":"https:\/\/13.com.ar\/index.php\/wp-json\/wp\/v2\/media\/22769"}],"wp:attachment":[{"href":"https:\/\/13.com.ar\/index.php\/wp-json\/wp\/v2\/media?parent=22768"}],"wp:term":[{"taxonomy":"category","embeddable":true,"href":"https:\/\/13.com.ar\/index.php\/wp-json\/wp\/v2\/categories?post=22768"},{"taxonomy":"post_tag","embeddable":true,"href":"https:\/\/13.com.ar\/index.php\/wp-json\/wp\/v2\/tags?post=22768"}],"curies":[{"name":"wp","href":"https:\/\/api.w.org\/{rel}","templated":true}]}}