{"id":22766,"date":"2025-05-06T12:08:28","date_gmt":"2025-05-06T15:08:28","guid":{"rendered":"https:\/\/13.com.ar\/index.php\/son-obligatorias-las-elecciones-2025-en-jujuy\/"},"modified":"2025-05-06T12:08:28","modified_gmt":"2025-05-06T15:08:28","slug":"son-obligatorias-las-elecciones-2025-en-jujuy","status":"publish","type":"post","link":"https:\/\/13.com.ar\/index.php\/son-obligatorias-las-elecciones-2025-en-jujuy\/","title":{"rendered":"\u00bfSon obligatorias las elecciones 2025 en Jujuy?"},"content":{"rendered":"<p> <br \/>\n<br \/><img decoding=\"async\" src=\"https:\/\/13.com.ar\/wp-content\/uploads\/2025\/05\/\u00bfSon-obligatorias-las-elecciones-2025-en-Jujuy.jpg\" \/><\/p>\n<div id=\"element-body-0\">\n<p><strong>Jujuy celebrar\u00e1 las elecciones locales el domingo 11 de mayo<\/strong>, en las que se renovar\u00e1 parte de los representantes de su Legislatura provincial. En esta jornada electoral, los ciudadanos juje\u00f1os elegir\u00e1n 24 diputados provinciales titulares y 10 suplentes.<\/p>\n<\/div>\n<div id=\"element-body-1\">\n<p>Adem\u00e1s, se votar\u00e1 para elegir nuevos concejales en diversos municipios y miembros de comisiones municipales en distintas localidades de la provincia.<\/p>\n<\/div>\n<div id=\"element-body-2\">\n<p>En estos comicios podr\u00e1n votar <strong>ciudadanos argentinos con domicilio en la provincia de Jujuy que tengan 16 a\u00f1os o m\u00e1s <\/strong>y figuren en el padr\u00f3n presentando el \u00faltimo ejemplar del DNI.<\/p>\n<\/div>\n<div id=\"element-body-4\">\n<p>Para las <strong>personas de entre 18 y 70 a\u00f1os el voto es obligatorio<\/strong>. En tanto, el sufragio es<strong> voluntario para los j\u00f3venes de 16 y 17 a\u00f1os y para los mayores de 70. <\/strong>Sin embargo, tambi\u00e9n hay <strong>otras excepciones que justifican el no voto<\/strong>, pero que deber\u00e1n realizar un tr\u00e1mite para validar el motivo y no ser considerados infractores.<\/p>\n<\/div>\n<p><br \/>\n<br \/><a href=\"https:\/\/www.clarin.com\/informacion-general\/obligatorias-elecciones-2025-jujuy_0_5M3KK6fXjo.html\">Fuente Clarin.com <\/a><\/p>\n","protected":false},"excerpt":{"rendered":"<p>Jujuy celebrar\u00e1 las elecciones locales el domingo 11 de mayo, en las que se renovar\u00e1 parte de los representantes de su Legislatura provincial. En esta jornada electoral, los ciudadanos juje\u00f1os elegir\u00e1n 24 diputados provinciales titulares y 10 suplentes. Adem\u00e1s, se votar\u00e1 para elegir nuevos concejales en diversos municipios y miembros de comisiones municipales en distintas [&hellip;]<\/p>\n","protected":false},"author":1,"featured_media":22767,"comment_status":"open","ping_status":"open","sticky":false,"template":"","format":"standard","meta":{"footnotes":""},"categories":[2],"tags":[404,11805,48,16601,406],"class_list":["post-22766","post","type-post","status-publish","format-standard","has-post-thumbnail","hentry","category-ultimas-noticias","tag-elecciones","tag-jujuy","tag-las","tag-obligatorias","tag-son"],"_links":{"self":[{"href":"https:\/\/13.com.ar\/index.php\/wp-json\/wp\/v2\/posts\/22766","targetHints":{"allow":["GET"]}}],"collection":[{"href":"https:\/\/13.com.ar\/index.php\/wp-json\/wp\/v2\/posts"}],"about":[{"href":"https:\/\/13.com.ar\/index.php\/wp-json\/wp\/v2\/types\/post"}],"author":[{"embeddable":true,"href":"https:\/\/13.com.ar\/index.php\/wp-json\/wp\/v2\/users\/1"}],"replies":[{"embeddable":true,"href":"https:\/\/13.com.ar\/index.php\/wp-json\/wp\/v2\/comments?post=22766"}],"version-history":[{"count":0,"href":"https:\/\/13.com.ar\/index.php\/wp-json\/wp\/v2\/posts\/22766\/revisions"}],"wp:featuredmedia":[{"embeddable":true,"href":"https:\/\/13.com.ar\/index.php\/wp-json\/wp\/v2\/media\/22767"}],"wp:attachment":[{"href":"https:\/\/13.com.ar\/index.php\/wp-json\/wp\/v2\/media?parent=22766"}],"wp:term":[{"taxonomy":"category","embeddable":true,"href":"https:\/\/13.com.ar\/index.php\/wp-json\/wp\/v2\/categories?post=22766"},{"taxonomy":"post_tag","embeddable":true,"href":"https:\/\/13.com.ar\/index.php\/wp-json\/wp\/v2\/tags?post=22766"}],"curies":[{"name":"wp","href":"https:\/\/api.w.org\/{rel}","templated":true}]}}