{"id":22764,"date":"2025-05-06T12:05:28","date_gmt":"2025-05-06T15:05:28","guid":{"rendered":"https:\/\/13.com.ar\/index.php\/mas-denuncias-sospechas-y-nuevos-chats-en-la-polemica-por-los-fondos-del-pami-que-enfrenta-a-karina-milei-y-santiago-caputo\/"},"modified":"2025-05-06T12:05:28","modified_gmt":"2025-05-06T15:05:28","slug":"mas-denuncias-sospechas-y-nuevos-chats-en-la-polemica-por-los-fondos-del-pami-que-enfrenta-a-karina-milei-y-santiago-caputo","status":"publish","type":"post","link":"https:\/\/13.com.ar\/index.php\/mas-denuncias-sospechas-y-nuevos-chats-en-la-polemica-por-los-fondos-del-pami-que-enfrenta-a-karina-milei-y-santiago-caputo\/","title":{"rendered":"M\u00e1s denuncias, sospechas y nuevos chats en la pol\u00e9mica por los fondos del PAMI que enfrenta a Karina Milei y Santiago Caputo"},"content":{"rendered":"<p> <br \/>\n<br \/><img decoding=\"async\" src=\"https:\/\/13.com.ar\/wp-content\/uploads\/2025\/05\/Mas-denuncias-sospechas-y-nuevos-chats-en-la-polemica-por.jpg\" \/><\/p>\n<div id=\"element-body-0\">\n<p><strong>&#8220;Est\u00e1n financiando la creaci\u00f3n de un partido desde el Gobierno. Todo lo contrario a los ideales liberales&#8221;<\/strong>, sostiene una conocida dirigente libertaria que se hizo eco de las acusaciones de desv\u00edos de fondos y el supuesto pedido de retornos a empleados y funcionarios de las oficinas del PAMI en distritos como Chaco, donde ya se judicializ\u00f3 el caso, Misiones o Santa Cruz y la divulgaci\u00f3n de escandalosos chats en los que se formalizar\u00eda una operatoria destinada a apuntalar las seccionales de LLA en las provincias.<\/p>\n<\/div>\n<div id=\"element-body-1\">\n<p>Las denuncias sobre la presunta coacci\u00f3n a empleados para que entreguen hasta el 25% de sus salarios y el uso indebido de recursos p\u00fablicos para financiar la campa\u00f1a pol\u00edtica de medio t\u00e9rmino de LLA en las provincias fueron complementadas por un  comunicado institucional del organismo dependiente del ministerio de Salud, -que conduce <strong>Mario Lugones<\/strong>, padre del socio <strong>Santiago Caputo<\/strong> en la consultora Move-, que anunci\u00f3 una auditoria para detectar irregularidades. Pero el fen\u00f3meno, que no ser\u00eda nuevo, se enmarca en la interna oficial.<\/p>\n<\/div>\n<div id=\"element-body-2\">\n<p>La llama de indignaci\u00f3n fue avivada por las usinas caputistas cuando dejaron traslucir supuestas maniobras que se remontar\u00edan, al menos, a fines de 2024. El asesor todoterreno rivaliza con el armado electoral que conduce <strong>Karina Milei<\/strong>: las dependencias del interior del PAMI est\u00e1n al servicio del armado pol\u00edtico de los primos<strong> Mart\u00edn y Lule Menem<\/strong>, alfiles de la secretaria general de la Presidencia<strong>.<\/strong> El foco estar\u00eda puesto en el subsecretario de gesti\u00f3n institucional de Karina, que habr\u00eda influido en la designaci\u00f3n de los jefes de las delegaciones locales de la obra social de los jubilados.<\/p>\n<\/div>\n<div id=\"element-body-4\">\n<p>En Mendoza las delegaciones del organismo fueron distribuidas, en parte, a militantes libertarios cercanos a la diputada<strong> Lourdes Arrieta<\/strong>, que abandon\u00f3 LLA el a\u00f1o pasado en medio de un esc\u00e1ndalo. En las \u00faltimas horas se conocieron chats entre la legisladora y el funcionario de la Secretar\u00eda General de la Presidencia,<strong> Diego Vartabedian, un emisario de &#8220;Lule&#8221; Menem <\/strong>para acordar la designaci\u00f3n la conducci\u00f3n de las distintas delegaciones.<\/p>\n<\/div>\n<div id=\"element-body-5\">\n<p><strong>&#8220;Lourdes me dice Lule que me pases de Anses gente acorde al cargo y que sean militantes para poner en alguna de las oficinas que hay&#8221;,<\/strong> le dijo el dirigente a la diputada &#8220;del patito en la cabeza&#8221; en una comunicaci\u00f3n de 2024. Si bien no hay di\u00e1logos ni denuncias que hablen de aportes compulsivos de los trabajadores al partido, llam\u00f3 la atenci\u00f3n en la provincia cuyana la &#8220;sospechosa&#8221; apertura de locales de LLA en Mendoza, Las Heras y Guaymall\u00e9n.<strong> Vartabedian, a quien le dicen el &#8220;Chino&#8221; pese a su origen armenio, est\u00e1 en el puesto 9\u00b0 en la lista que encabeza Manuel Adorni de los candidatos a legisladores porte\u00f1os.<\/strong><\/p>\n<\/div>\n<div id=\"element-body-7\">\n<p>En Chaco, el fiscal federal <strong>Patricio Sabadini<\/strong> inici\u00f3 una investigaci\u00f3n a ra\u00edz de la divulgaci\u00f3n de chats y n\u00f3minas que advert\u00edan sobre &#8220;maniobras&#8221; por las que funcionarios y empleados de PAMI y ANSES &#8220;eran conminados a entregar un porcentaje de sus haberes para asegurarse de esta manera continuar desempe\u00f1\u00e1ndose en sus funciones&#8221;. <\/p>\n<\/div>\n<div id=\"element-body-8\">\n<p>Las denuncias sugieren la entrega de montos que van de los 100 mil a los 300 mil pesos. &#8220;Le pedimos a la jueza que habilite medidas de prueba para verificar si existieron estas maniobras y si fueron de manera extorsiva. Citaciones y verificar qu\u00e9 tipo de contrataci\u00f3n ten\u00edan los trabajadores mencionados&#8221;, dijo el funcionario judicial a <strong>Clar\u00edn.<\/strong><\/p>\n<\/div>\n<div id=\"element-body-9\">\n<p>El reguero de denuncias comenz\u00f3 en Misiones donde el presidente de la filial local, <strong>Adri\u00e1n N\u00fa\u00f1ez<\/strong>, enfrent\u00f3 acusaciones y pedidos de renuncia por supuestamente recaudar para la campa\u00f1a de LLA parte del salario de empleados de PAMI y ANSES. La denuncia tom\u00f3 estado p\u00fablico tras la aparici\u00f3n de una carta firmada por 22 funcionarios libertarios misioneros que exigen la devoluci\u00f3n de los fondos, al parecer, retenidos durante los meses de enero y febrero.<\/p>\n<\/div>\n<div id=\"element-body-10\">\n<p>En Santa Cruz, en tanto, estall\u00f3 otro esc\u00e1ndalo de similares caracter\u00edsticas. Fue con la filtraci\u00f3n de una conversaci\u00f3n entre<strong> Jairo Guzm\u00e1n, <\/strong>presidente LLA local, con <strong>Sergio Torres<\/strong>, ex mano derecha y actual denunciante, donde se le ped\u00eda a una m\u00e9dica contratada en PAMI que aportara \u201cpara el alquiler\u201d. Luego trascendi\u00f3 un audio en el que Guzm\u00e1n le recordaba a Torres que <strong>\u201ctodos tienen que poner\u201d <\/strong>para supuestamente financiar al partido.<\/p>\n<\/div>\n<div id=\"element-body-11\">\n<p>El PAMI cuenta este a\u00f1o con un presupuesto reforzado que, mediante una actualizaci\u00f3n, supera los 4 billones de pesos (($4.911.595.518.311). Cuenta con m\u00e1s de 600 Agencias de Atenci\u00f3n, la mayor\u00eda ubicada en CABA y Provincia, y 38 Unidades de Gesti\u00f3n Local (UGL). Estas \u00faltimas, <strong>las &#8220;regionales&#8221;,<\/strong> s\u00ed manejan &#8220;un monto de dinero dependiendo la cantidad de afiliados por poblaci\u00f3n&#8221; a diferencia de las delegaciones del organismo que ni siquiera &#8220;tiene caja chica&#8221;. Pero las fuentes consultadas coinciden en que esta administraci\u00f3n &#8220;centraliz\u00f3&#8221; a\u00fan m\u00e1s el manejo del dinero por parte de PAMI Central, que conduce <strong>Estaban Leguizamo<\/strong>, vinculado a Santiago Caputo. <\/p>\n<\/div>\n<div id=\"element-body-12\">\n<p>&#8220;Lule no pide plata. Pero s\u00ed lo han hecho los armadores de cada provincia con la excusa de ir armando el partido a nivel local&#8221;, reconoci\u00f3 a <strong>Clar\u00edn<\/strong> un titular de una Agencia del AMBA consultado.<\/p>\n<\/div>\n<p><br \/>\n<br \/><a href=\"https:\/\/www.clarin.com\/politica\/denuncias-sospechas-nuevos-chats-polemica-fondos-pami-enfrenta-karina-milei-santiago-caputo_0_S2uVMGx8Q6.html\">Fuente Clarin.com <\/a><\/p>\n","protected":false},"excerpt":{"rendered":"<p>&#8220;Est\u00e1n financiando la creaci\u00f3n de un partido desde el Gobierno. Todo lo contrario a los ideales liberales&#8221;, sostiene una conocida dirigente libertaria que se hizo eco de las acusaciones de desv\u00edos de fondos y el supuesto pedido de retornos a empleados y funcionarios de las oficinas del PAMI en distritos como Chaco, donde ya se [&hellip;]<\/p>\n","protected":false},"author":1,"featured_media":22765,"comment_status":"open","ping_status":"open","sticky":false,"template":"","format":"standard","meta":{"footnotes":""},"categories":[2],"tags":[45,6448,100,2143,3110,2452,4337,28,155,77,2318,10387,814,142,414,3512],"class_list":["post-22764","post","type-post","status-publish","format-standard","has-post-thumbnail","hentry","category-ultimas-noticias","tag-caputo","tag-chats","tag-del","tag-denuncias","tag-enfrenta","tag-fondos","tag-karina","tag-los","tag-mas","tag-milei","tag-nuevos","tag-pami","tag-polemica","tag-por","tag-santiago","tag-sospechas"],"_links":{"self":[{"href":"https:\/\/13.com.ar\/index.php\/wp-json\/wp\/v2\/posts\/22764","targetHints":{"allow":["GET"]}}],"collection":[{"href":"https:\/\/13.com.ar\/index.php\/wp-json\/wp\/v2\/posts"}],"about":[{"href":"https:\/\/13.com.ar\/index.php\/wp-json\/wp\/v2\/types\/post"}],"author":[{"embeddable":true,"href":"https:\/\/13.com.ar\/index.php\/wp-json\/wp\/v2\/users\/1"}],"replies":[{"embeddable":true,"href":"https:\/\/13.com.ar\/index.php\/wp-json\/wp\/v2\/comments?post=22764"}],"version-history":[{"count":0,"href":"https:\/\/13.com.ar\/index.php\/wp-json\/wp\/v2\/posts\/22764\/revisions"}],"wp:featuredmedia":[{"embeddable":true,"href":"https:\/\/13.com.ar\/index.php\/wp-json\/wp\/v2\/media\/22765"}],"wp:attachment":[{"href":"https:\/\/13.com.ar\/index.php\/wp-json\/wp\/v2\/media?parent=22764"}],"wp:term":[{"taxonomy":"category","embeddable":true,"href":"https:\/\/13.com.ar\/index.php\/wp-json\/wp\/v2\/categories?post=22764"},{"taxonomy":"post_tag","embeddable":true,"href":"https:\/\/13.com.ar\/index.php\/wp-json\/wp\/v2\/tags?post=22764"}],"curies":[{"name":"wp","href":"https:\/\/api.w.org\/{rel}","templated":true}]}}