{"id":22762,"date":"2025-05-06T12:02:27","date_gmt":"2025-05-06T15:02:27","guid":{"rendered":"https:\/\/13.com.ar\/index.php\/el-festejo-premier-league-de-emiliano-vecchio-tras-marcar-su-primer-gol-para-el-triunfo-de-defensores-de-belgrano\/"},"modified":"2025-05-06T12:02:27","modified_gmt":"2025-05-06T15:02:27","slug":"el-festejo-premier-league-de-emiliano-vecchio-tras-marcar-su-primer-gol-para-el-triunfo-de-defensores-de-belgrano","status":"publish","type":"post","link":"https:\/\/13.com.ar\/index.php\/el-festejo-premier-league-de-emiliano-vecchio-tras-marcar-su-primer-gol-para-el-triunfo-de-defensores-de-belgrano\/","title":{"rendered":"El festejo &#8220;Premier League&#8221; de Emiliano Vecchio tras marcar su primer gol para el triunfo de Defensores de Belgrano"},"content":{"rendered":"<p> <br \/>\n<br \/><img decoding=\"async\" src=\"https:\/\/13.com.ar\/wp-content\/uploads\/2025\/05\/El-festejo-Premier-League-de-Emiliano-Vecchio-tras-marcar-su.jpg\" \/><\/p>\n<div id=\"element-body-0\">\n<p>Fue una de las sorpresas del \u00faltimo mercado de pases de la Primera Nacional. Fue la incorporaci\u00f3n estrella de<strong> Defensores de Belgrano<\/strong>. A los 36 a\u00f1os, a \u00e9l no le tembl\u00f3 el pulso de bajar a las profundidades del Ascenso para tomar impulso. Y despu\u00e9s de mucho buscarlo, Emiliano Vecchio<strong> se destap\u00f3<\/strong>: convirti\u00f3 su primer gol en este 2025 para darle la victoria al equipo, estirar su buen momento y quedar a un punto de Gimnasia de Jujuy, el l\u00edder de la Zona B.<\/p>\n<\/div>\n<div id=\"element-body-2\">\n<blockquote class=\"twitter-tweet\">\n<p lang=\"it\" dir=\"ltr\">Simplemente, Emi Vecchio. \ud83e\uddf8\ud83e\ude84 <a rel=\"nofollow\" target=\"_blank\" href=\"https:\/\/t.co\/ZnXqDpCP3u\">pic.twitter.com\/ZnXqDpCP3u<\/a><\/p>\n<p>\u2014 Defensores de Belgrano (@defeweb) <a rel=\"nofollow\" target=\"_blank\" href=\"https:\/\/twitter.com\/defeweb\/status\/1919593639233077295?ref_src=twsrc%5Etfw\">May 6, 2025<\/a><\/p><\/blockquote>\n<\/div>\n<div id=\"element-body-3\">\n<p><strong>El 10 tuvo un partido de diez cuando el Drag\u00f3n jug\u00f3 gran parte del duelo con diez<\/strong>. A pesar de ser mejor y coquetear en varias oportunidades con la apertura del marcador, la<strong> <\/strong>expulsi\u00f3n de Facundo Pons<strong> <\/strong>en el primer tiempo lo condicion\u00f3. El delantero intercambi\u00f3 golpes de pu\u00f1o con Rodrigo Gonz\u00e1lez, le qued\u00f3 la cara marcada por la hinchaz\u00f3n y, caliente por la situaci\u00f3n, le peg\u00f3 un patad\u00f3n a Juan Alesandroni que deriv\u00f3 en la roja.<\/p>\n<\/div>\n<div id=\"element-body-4\">\n<p>Ah\u00ed, cuando m\u00e1s lo necesitaban,<strong> <\/strong>Vecchio<strong>\u00a0apareci\u00f3 en el complemento para meterse en posici\u00f3n de punta<\/strong>, justo el hueco que dej\u00f3 Pons, y meti\u00f3 un cabezazo para reflejar toda su jerarqu\u00eda y darle tres puntos de oro a Defensores. Vecchio hab\u00eda fallado una jugada clara en el cierre del primer tiempo tras un error de un rival que le dej\u00f3 la pelota servida casi en el punto del penal, pero se redimi\u00f3 en el complemento con un certero cabezazo tras un preciso centro desde la derecha de Mendoza.<\/p>\n<\/div>\n<div id=\"element-body-5\">\n<p>Vecchio no dud\u00f3 y sali\u00f3 a festejar con todo su gol y aprovech\u00f3 el c\u00e9sped mojado del Juan Pasquale para intentar deslizarse de rodillas, como hacen los jugadores de la Premier League. Apenas logr\u00f3 hacerlo por unos cent\u00edmetros, pero su definici\u00f3n top merec\u00eda un festejo a la altura.<\/p>\n<\/div>\n<div id=\"element-body-6\">\n<blockquote class=\"twitter-tweet\">\n<p lang=\"es\" dir=\"ltr\">\ud83d\udd34\u26ab\u2705 TRIUNFO DEL DRAG\u00d3N ANTE EL AURINEGRO<\/p>\n<p>Con este tanto de Vecchio, Defensores de Belgrano venci\u00f3 por la m\u00ednima a Mitre de Santiago del Estero, en el marco de la decimotercera fecha del <a rel=\"nofollow\" target=\"_blank\" href=\"https:\/\/twitter.com\/hashtag\/NacionalEnTyCSports?src=hash&amp;ref_src=twsrc%5Etfw\">#NacionalEnTyCSports<\/a>. <a rel=\"nofollow\" target=\"_blank\" href=\"https:\/\/t.co\/wAWZbbKIBQ\">pic.twitter.com\/wAWZbbKIBQ<\/a><\/p>\n<p>\u2014 TyC Sports (@TyCSports) <a rel=\"nofollow\" target=\"_blank\" href=\"https:\/\/twitter.com\/TyCSports\/status\/1919574097681420470?ref_src=twsrc%5Etfw\">May 6, 2025<\/a><\/p><\/blockquote>\n<\/div>\n<p><script async src=\"\/\/platform.twitter.com\/widgets.js\" charset=\"utf-8\"><\/script><br \/>\n<br \/><br \/>\n<br \/><a href=\"https:\/\/www.clarin.com\/deportes\/festejo-premier-league-emiliano-vecchio-marcar-primer-gol-triunfo-defensores-belgrano_0_8746VckPXy.html\">Fuente Clarin.com <\/a><\/p>\n","protected":false},"excerpt":{"rendered":"<p>Fue una de las sorpresas del \u00faltimo mercado de pases de la Primera Nacional. Fue la incorporaci\u00f3n estrella de Defensores de Belgrano. A los 36 a\u00f1os, a \u00e9l no le tembl\u00f3 el pulso de bajar a las profundidades del Ascenso para tomar impulso. Y despu\u00e9s de mucho buscarlo, Emiliano Vecchio se destap\u00f3: convirti\u00f3 su primer [&hellip;]<\/p>\n","protected":false},"author":1,"featured_media":22763,"comment_status":"open","ping_status":"open","sticky":false,"template":"","format":"standard","meta":{"footnotes":""},"categories":[2],"tags":[2147,10030,4977,478,479,711,1081,16,3812,195,312,2027,17198],"class_list":["post-22762","post","type-post","status-publish","format-standard","has-post-thumbnail","hentry","category-ultimas-noticias","tag-belgrano","tag-defensores","tag-emiliano","tag-festejo","tag-gol","tag-league","tag-marcar","tag-para","tag-premier","tag-primer","tag-tras","tag-triunfo","tag-vecchio"],"_links":{"self":[{"href":"https:\/\/13.com.ar\/index.php\/wp-json\/wp\/v2\/posts\/22762","targetHints":{"allow":["GET"]}}],"collection":[{"href":"https:\/\/13.com.ar\/index.php\/wp-json\/wp\/v2\/posts"}],"about":[{"href":"https:\/\/13.com.ar\/index.php\/wp-json\/wp\/v2\/types\/post"}],"author":[{"embeddable":true,"href":"https:\/\/13.com.ar\/index.php\/wp-json\/wp\/v2\/users\/1"}],"replies":[{"embeddable":true,"href":"https:\/\/13.com.ar\/index.php\/wp-json\/wp\/v2\/comments?post=22762"}],"version-history":[{"count":0,"href":"https:\/\/13.com.ar\/index.php\/wp-json\/wp\/v2\/posts\/22762\/revisions"}],"wp:featuredmedia":[{"embeddable":true,"href":"https:\/\/13.com.ar\/index.php\/wp-json\/wp\/v2\/media\/22763"}],"wp:attachment":[{"href":"https:\/\/13.com.ar\/index.php\/wp-json\/wp\/v2\/media?parent=22762"}],"wp:term":[{"taxonomy":"category","embeddable":true,"href":"https:\/\/13.com.ar\/index.php\/wp-json\/wp\/v2\/categories?post=22762"},{"taxonomy":"post_tag","embeddable":true,"href":"https:\/\/13.com.ar\/index.php\/wp-json\/wp\/v2\/tags?post=22762"}],"curies":[{"name":"wp","href":"https:\/\/api.w.org\/{rel}","templated":true}]}}