{"id":22758,"date":"2025-05-06T11:47:29","date_gmt":"2025-05-06T14:47:29","guid":{"rendered":"https:\/\/13.com.ar\/index.php\/es-el-sexto-partido-al-que-se-afilia-la-ministra-de-seguridad\/"},"modified":"2025-05-06T11:47:29","modified_gmt":"2025-05-06T14:47:29","slug":"es-el-sexto-partido-al-que-se-afilia-la-ministra-de-seguridad","status":"publish","type":"post","link":"https:\/\/13.com.ar\/index.php\/es-el-sexto-partido-al-que-se-afilia-la-ministra-de-seguridad\/","title":{"rendered":"es el sexto partido al que se afilia la ministra de Seguridad"},"content":{"rendered":"<p> <br \/>\n<br \/><img decoding=\"async\" src=\"https:\/\/13.com.ar\/wp-content\/uploads\/2025\/05\/es-el-sexto-partido-al-que-se-afilia-la-ministra.jpg\" \/><\/p>\n<div id=\"element-body-0\">\n<p>La <strong>decisi\u00f3n ya estaba tomada<\/strong> desde hac\u00eda meses, pero se dilat\u00f3. Patricia Bullrich eligi\u00f3 la campa\u00f1a electoral porte\u00f1a para saltar formalmente a la La Libertad Avanza, la <strong>sexta parada de una extensa trayectoria pol\u00edtica<\/strong> que incluy\u00f3 al peronismo, el gobierno de la Alianza, Uni\u00f3n por la Libertad (que fund\u00f3), la Coalici\u00f3n C\u00edvica (en cuya boleta fue candidata) y el PRO (que presidi\u00f3). El <strong>bloque del macrismo en el Congreso termina de resquebrajarse<\/strong><\/p>\n<\/div>\n<div id=\"element-body-1\">\n<p>Este martes a las 17.30 en Recoleta y en compa\u00f1\u00eda del vocero presidencial <strong>Manuel Adorni<\/strong> y la titular del partido violeta a nivel nacional <strong>Karina Millei<\/strong>, Bullrich se afiliar\u00e1 a LLA. Tambi\u00e9n ser\u00e1 de la partida la jefa del partido en la Capital, <strong>Pilar Ram\u00edrez<\/strong>, que responde a la hermana del Presidente y cop\u00f3 casi todos los lugares en la lista de legisladores. <\/p>\n<\/div>\n<div id=\"element-body-3\">\n<p>A pesar de la fidelidad de Bullrich, solo pude lograr que <strong>Juan Pablo Arenaza<\/strong>, su antiguo jefe de campa\u00f1a intente renovar su banca. <strong>Fernando Soto, funcionario de Seguridad<\/strong>, qued\u00f3 muy relegado, sin chances de entrar.  <\/p>\n<\/div>\n<div id=\"element-body-4\">\n<p>A pesar de los pocos lugares que consigui\u00f3 para su armado propio, Bullrich, <strong>devenida en m\u00e1s mile\u00edsta que Milei<\/strong>, no se corri\u00f3 de la campa\u00f1a, un detalle que <strong>Karina Milei le factura a Santiago Caputo<\/strong> por estos d\u00edas. El fin de semana volvi\u00f3 a caminar la Ciudad con el vocero candidato. En octubre podr\u00eda ser candidata a senadora nacional. La secretar\u00eda general de Presidencia ya mostr\u00f3 <strong>pragmatismo para &#8220;soltar&#8221; a un funcionario propio<\/strong> -y que considera efectivo- como Adorni (<strong>siempre y cuando cumpla su promesa y asuma<\/strong>, claro). Bullrich, en tanto, ya asumi\u00f3 y abraz\u00f3 la idea de que <strong>abandonar\u00e1 la gesti\u00f3n para ir por un esca\u00f1o en la c\u00e1mara Alta<\/strong>. <\/p>\n<\/div>\n<div id=\"element-body-5\">\n<p>Las pruebas de lealtad de la ministra de Seguridad se repiten. <strong>Casi siempre son para da\u00f1ar a Mauricio Macri<\/strong>. El PRO se hab\u00eda negado a expulsarla formalmente del partido, igual que a Horacio Rodr\u00edguez Larreta. &#8220;Ya se fueron, no hace falta regalarles que se victimicen&#8221;, dec\u00edan hace un tiempo muy cerca del ex presidente. \u00bfY ahora? <\/p>\n<\/div>\n<div id=\"element-body-6\">\n<p>En enero, los  legisladores porte\u00f1os de la ministra <strong>se hab\u00edan fusionado con LLA<\/strong> y se afiliaron al partido. O algo m\u00e1s, en rigor, saltaron directamente al bloque violeta y al partido, con afiliaci\u00f3n incluida. Meses antes hab\u00eda pasado lo mismo en <strong>la Legislatura bonaerense<\/strong>. <\/p>\n<\/div>\n<div id=\"element-body-7\">\n<p>En el Congreso, <strong>Bullrich y el Gobierno<\/strong> dilataban la decisi\u00f3n para no provocar de m\u00e1s a sus aliados y <strong>poner en riesgo el n\u00famero m\u00e1gico para blindar decretos, vetos y trabar un eventual inicio de juicio pol\u00edtico<\/strong>. <\/p>\n<\/div>\n<div id=\"element-body-8\">\n<p>Ahora, la realidad termina de imponerse. &#8220;<strong>Estamos vi\u00e9ndolo<\/strong>&#8220;, razonan los alfiles de la ministra que hasta hace poco negaban su salto a LLA. En la C\u00e1mara Baja <strong>Dami\u00e1n Arabia<\/strong>, el m\u00e1s bullrichista de todos, lidera una tropa de 12 legisladores de diferente extracci\u00f3n. <\/p>\n<\/div>\n<div id=\"element-body-9\">\n<p>Otros funcionarios apuestas que el proceso de separaci\u00f3n entre el PRO y LLA en el Congreso ya empez\u00f3, aunque conlleve riesgos. La Casa Rosada <strong>coquetea desde hace meses<\/strong> con el presidente del bloque del macrismo <strong>Cristian Ritondo<\/strong>, entre otros. <\/p>\n<\/div>\n<div id=\"element-body-10\">\n<p>En uno de sus \u00faltimos actos como miembro del PRO, Bullrich asisti\u00f3 a la Feria del Libro para participar de la presentaci\u00f3n del libro de Arabia. <\/p>\n<\/div>\n<div id=\"element-body-11\">\n<p>Algo relegada en los \u00faltimos meses de la <strong>mesa pol\u00edtica del Presidente<\/strong>, <strong>la ministra intenta con gestos volver a ocupar un lugar central<\/strong>. Fue fundamental para acercar a los &#8220;radicales con peluca&#8221; y garantizar el blindaje de vetos y DNU.<\/p>\n<\/div>\n<div id=\"element-body-12\">\n<p>Bullrich formaliz\u00f3 un pase que ya se hab\u00eda concretado en los hechos el 10 de diciembre de 2023, cuando asumi\u00f3 como ministra. Diego Valenzuela, de 3 de Febrero, fue uno de los primeros intendentes bonaerenses en afiliarse a LLA. Siguieron otros. En las pr\u00f3ximas semanas podr\u00edan multiplicarse. &#8220;<strong>A Mauricio no le va a quedar nadie<\/strong>&#8220;, escucharon decir a la ministra meses atr\u00e1s, cuando la decisi\u00f3n que efectiviz\u00f3 este martes ya estaba tomada. <\/p>\n<\/div>\n<div id=\"element-body-13\">\n<p>Bullrich pavimenta tambi\u00e9n acuerdos con gobernadores de otras fuerzas pol\u00edticas. El mendocino y radical Alfredo Cornejo figura primero en la n\u00f3mina. De eso se trat\u00f3 la visita de la vicegobernadora Hebe Casado hace 4 meses a la Casa Rosada para fotografiarse con Karina Milei y la ministra de Seguridad. Casado responde un ciento por ciento a Bullrich. Sin embargo, en la gobernaci\u00f3n mendocina enfatizan que no se trata de un gesto de autonom\u00eda de Casado. \u201c<strong>Estuvo coordinado con el gobernador, no es autonom\u00eda. Significa seguir abriendo puertas para un posible acuerdo entre Milei y Cornejo<\/strong>\u201d, confirmaron en el c\u00edrculo \u00e1ulico del mandatario provincial.<\/p>\n<\/div>\n<p><br \/>\n<br \/><a href=\"https:\/\/www.clarin.com\/politica\/patricia-bullrich-pase-libertad-avanza-sexto-partido-afilia-ministra-seguridad_0_9g5OjJmxRa.html\">Fuente Clarin.com <\/a><\/p>\n","protected":false},"excerpt":{"rendered":"<p>La decisi\u00f3n ya estaba tomada desde hac\u00eda meses, pero se dilat\u00f3. Patricia Bullrich eligi\u00f3 la campa\u00f1a electoral porte\u00f1a para saltar formalmente a la La Libertad Avanza, la sexta parada de una extensa trayectoria pol\u00edtica que incluy\u00f3 al peronismo, el gobierno de la Alianza, Uni\u00f3n por la Libertad (que fund\u00f3), la Coalici\u00f3n C\u00edvica (en cuya boleta [&hellip;]<\/p>\n","protected":false},"author":1,"featured_media":22759,"comment_status":"open","ping_status":"open","sticky":false,"template":"","format":"standard","meta":{"footnotes":""},"categories":[2],"tags":[17196,74,1899,316,10104],"class_list":["post-22758","post","type-post","status-publish","format-standard","has-post-thumbnail","hentry","category-ultimas-noticias","tag-afilia","tag-ministra","tag-partido","tag-seguridad","tag-sexto"],"_links":{"self":[{"href":"https:\/\/13.com.ar\/index.php\/wp-json\/wp\/v2\/posts\/22758","targetHints":{"allow":["GET"]}}],"collection":[{"href":"https:\/\/13.com.ar\/index.php\/wp-json\/wp\/v2\/posts"}],"about":[{"href":"https:\/\/13.com.ar\/index.php\/wp-json\/wp\/v2\/types\/post"}],"author":[{"embeddable":true,"href":"https:\/\/13.com.ar\/index.php\/wp-json\/wp\/v2\/users\/1"}],"replies":[{"embeddable":true,"href":"https:\/\/13.com.ar\/index.php\/wp-json\/wp\/v2\/comments?post=22758"}],"version-history":[{"count":0,"href":"https:\/\/13.com.ar\/index.php\/wp-json\/wp\/v2\/posts\/22758\/revisions"}],"wp:featuredmedia":[{"embeddable":true,"href":"https:\/\/13.com.ar\/index.php\/wp-json\/wp\/v2\/media\/22759"}],"wp:attachment":[{"href":"https:\/\/13.com.ar\/index.php\/wp-json\/wp\/v2\/media?parent=22758"}],"wp:term":[{"taxonomy":"category","embeddable":true,"href":"https:\/\/13.com.ar\/index.php\/wp-json\/wp\/v2\/categories?post=22758"},{"taxonomy":"post_tag","embeddable":true,"href":"https:\/\/13.com.ar\/index.php\/wp-json\/wp\/v2\/tags?post=22758"}],"curies":[{"name":"wp","href":"https:\/\/api.w.org\/{rel}","templated":true}]}}