{"id":22754,"date":"2025-05-06T11:41:30","date_gmt":"2025-05-06T14:41:30","guid":{"rendered":"https:\/\/13.com.ar\/index.php\/maria-becerra-reaparecio-en-sus-redes-sociales-y-revelo-como-atraveso-sus-dias-de-recuperacion\/"},"modified":"2025-05-06T11:41:30","modified_gmt":"2025-05-06T14:41:30","slug":"maria-becerra-reaparecio-en-sus-redes-sociales-y-revelo-como-atraveso-sus-dias-de-recuperacion","status":"publish","type":"post","link":"https:\/\/13.com.ar\/index.php\/maria-becerra-reaparecio-en-sus-redes-sociales-y-revelo-como-atraveso-sus-dias-de-recuperacion\/","title":{"rendered":"Mar\u00eda Becerra reapareci\u00f3 en sus redes sociales y revel\u00f3 c\u00f3mo atraves\u00f3 sus d\u00edas de recuperaci\u00f3n"},"content":{"rendered":"<p> <br \/>\n<br \/><img decoding=\"async\" src=\"https:\/\/13.com.ar\/wp-content\/uploads\/2025\/05\/Maria-Becerra-reaparecio-en-sus-redes-sociales-y-revelo-como.jpg\" \/><\/p>\n<div id=\"element-body-0\">\n<p>Hace poco m\u00e1s de una semana, <strong>Mar\u00eda Becerra<\/strong> recibi\u00f3 el alta tras sufrir su segundo embarazo ect\u00f3pico que la llev\u00f3 a estar en terapia intensiva con riesgo de vida,y por eso anunci\u00f3 que se alejar\u00eda de las redes sociales por un tiempo, mientras se dedicaba a recuperarse acompa\u00f1ada de su novio, J Rei, su familia y amigos.<\/p>\n<\/div>\n<div id=\"element-body-1\">\n<p>Sin embargo, ahora, la artista<strong> regres\u00f3 a las plataformas<\/strong> con una publicaci\u00f3n en su cuenta de Instagram en la que mostr\u00f3 la actividad que estuvo practicando durante estos d\u00edas de descanso.<\/p>\n<\/div>\n<div id=\"element-body-3\">\n<p>\u201cEstos d\u00edas<strong> he estado pintando much\u00edsimo para procesar y canalizar <\/strong>varios pensamientos. Hoy hice este cuadrito inspirado en <em>Ramen para dos<\/em>, una canci\u00f3n m\u00e1s que especial de la mano de Paulo Londra y XROSS que ya pronto ve la luz\u201d, comenz\u00f3 escribiendo.<\/p>\n<\/div>\n<div id=\"element-body-4\">\n<p>Mar\u00eda se refiri\u00f3 a su colaboraci\u00f3n con el cordob\u00e9s que<strong> ten\u00eda fecha de lanzamiento para el mi\u00e9rcoles 30 de abril <\/strong>pero que, debido a su delicado estado de salud, fue pospuesta una semana y<strong> saldr\u00e1 el pr\u00f3ximo 8 de mayo.<\/strong><\/p>\n<\/div>\n<div id=\"element-body-6\">\n<p>\u201cMe hace tan pero tan feliz este lanzamiento\u2026 <strong>Es un rayito de sol en medio de esta neblina que a veces aparece y desaparece<\/strong>\u201d, sigui\u00f3 escribiendo, acerca del duro momento que debi\u00f3 atravesar.<\/p>\n<\/div>\n<div id=\"element-body-8\">\n<p>Las im\u00e1genes con las que acompa\u00f1\u00f3 sus palabras muestran a Becerra, sentada en la mesa de su hogar pintando un bastidor con la imagen de un bowl de ramen, representativo del t\u00edtulo de la canci\u00f3n.<\/p>\n<\/div>\n<div id=\"element-body-10\">\n<p>\u201cLos quiero mucho, me hice esta cuenta para mostrarles lo que hago cuando no estoy cantando, je, je, je\u201d, cerr\u00f3, al contarle a sus seguidores que abri\u00f3 el perfil <strong><em>@aca_me_expreso_diferente<\/em><\/strong> para mostrarles otras de sus facetas por fuera de la m\u00fasica, como la <strong>pintura, cer\u00e1mica, tejido, bordado y m\u00e1s.<\/strong><\/p>\n<\/div>\n<div id=\"element-body-12\">\n<p>Cabe recordar que, hace poco m\u00e1s de una semana, Mar\u00eda fue ingresada de urgencia a la Cl\u00ednica Zabala acompa\u00f1ada por su pareja, J Rei, debido a un <strong>cuadro de hemorragia interna con riesgo de vida<\/strong> y una vez que los m\u00e9dicos lograron compensarla, fue derivada directamente al quir\u00f3fano con un <strong>diagn\u00f3stico de abdomen agudo de shock hipovol\u00e9mico.<\/strong><\/p>\n<\/div>\n<div id=\"element-body-14\">\n<p>Finalizada la operaci\u00f3n con \u00e9xito, Mar\u00eda fue trasladada a la UTI (Unidad de Terapia Intensiva) para continuar con su recuperaci\u00f3n y tambi\u00e9n realizarse an\u00e1lisis de laboratorio, y ecograf\u00edas.<\/p>\n<\/div>\n<div id=\"element-body-15\">\n<p>Horas m\u00e1s tarde, la familia emiti\u00f3 un comunicado oficial mediante el cual confirmaron que la cantante <strong>hab\u00eda afrontado su segundo embarazo ect\u00f3pico <\/strong>y que incluso hab\u00eda llegado a la cl\u00ednica Zabala con una severa p\u00e9rdida de sangre que comprometi\u00f3 de manera cr\u00edtica su estado de salud.<\/p>\n<\/div>\n<div id=\"element-body-17\">\n<p>Luego de tres d\u00edas de internaci\u00f3n<strong><em>, <\/em>Mar\u00eda anunci\u00f3 que recibi\u00f3 el alta m\u00e9dica<\/strong> a trav\u00e9s de una historia en su cuenta de Instagram.<\/p>\n<\/div>\n<p><br \/>\n<br \/><a href=\"https:\/\/www.clarin.com\/fama\/maria-becerra-reaparecio-redes-sociales-revelo-atraveso-dias-recuperacion_0_ZCgMbhqdXG.html\">Fuente Clarin.com <\/a><\/p>\n","protected":false},"excerpt":{"rendered":"<p>Hace poco m\u00e1s de una semana, Mar\u00eda Becerra recibi\u00f3 el alta tras sufrir su segundo embarazo ect\u00f3pico que la llev\u00f3 a estar en terapia intensiva con riesgo de vida,y por eso anunci\u00f3 que se alejar\u00eda de las redes sociales por un tiempo, mientras se dedicaba a recuperarse acompa\u00f1ada de su novio, J Rei, su familia [&hellip;]<\/p>\n","protected":false},"author":1,"featured_media":22755,"comment_status":"open","ping_status":"open","sticky":false,"template":"","format":"standard","meta":{"footnotes":""},"categories":[2],"tags":[11995,2808,66,500,2807,7968,3199,505,241,1034,40],"class_list":["post-22754","post","type-post","status-publish","format-standard","has-post-thumbnail","hentry","category-ultimas-noticias","tag-atraveso","tag-becerra","tag-como","tag-dias","tag-maria","tag-reaparecio","tag-recuperacion","tag-redes","tag-revelo","tag-sociales","tag-sus"],"_links":{"self":[{"href":"https:\/\/13.com.ar\/index.php\/wp-json\/wp\/v2\/posts\/22754","targetHints":{"allow":["GET"]}}],"collection":[{"href":"https:\/\/13.com.ar\/index.php\/wp-json\/wp\/v2\/posts"}],"about":[{"href":"https:\/\/13.com.ar\/index.php\/wp-json\/wp\/v2\/types\/post"}],"author":[{"embeddable":true,"href":"https:\/\/13.com.ar\/index.php\/wp-json\/wp\/v2\/users\/1"}],"replies":[{"embeddable":true,"href":"https:\/\/13.com.ar\/index.php\/wp-json\/wp\/v2\/comments?post=22754"}],"version-history":[{"count":0,"href":"https:\/\/13.com.ar\/index.php\/wp-json\/wp\/v2\/posts\/22754\/revisions"}],"wp:featuredmedia":[{"embeddable":true,"href":"https:\/\/13.com.ar\/index.php\/wp-json\/wp\/v2\/media\/22755"}],"wp:attachment":[{"href":"https:\/\/13.com.ar\/index.php\/wp-json\/wp\/v2\/media?parent=22754"}],"wp:term":[{"taxonomy":"category","embeddable":true,"href":"https:\/\/13.com.ar\/index.php\/wp-json\/wp\/v2\/categories?post=22754"},{"taxonomy":"post_tag","embeddable":true,"href":"https:\/\/13.com.ar\/index.php\/wp-json\/wp\/v2\/tags?post=22754"}],"curies":[{"name":"wp","href":"https:\/\/api.w.org\/{rel}","templated":true}]}}