{"id":22742,"date":"2025-05-06T11:23:33","date_gmt":"2025-05-06T14:23:33","guid":{"rendered":"https:\/\/13.com.ar\/index.php\/la-tiro-en-medio-de-la-ruta-cuando-venia-un-camion-a-toda-velocidad\/"},"modified":"2025-05-06T11:23:33","modified_gmt":"2025-05-06T14:23:33","slug":"la-tiro-en-medio-de-la-ruta-cuando-venia-un-camion-a-toda-velocidad","status":"publish","type":"post","link":"https:\/\/13.com.ar\/index.php\/la-tiro-en-medio-de-la-ruta-cuando-venia-un-camion-a-toda-velocidad\/","title":{"rendered":"la tir\u00f3 en medio de la ruta cuando ven\u00eda un cami\u00f3n a toda velocidad"},"content":{"rendered":"<p> <br \/>\n<br \/><img decoding=\"async\" src=\"https:\/\/13.com.ar\/wp-content\/uploads\/2025\/05\/la-tiro-en-medio-de-la-ruta-cuando-venia-un.jpg\" \/><\/p>\n<div id=\"element-body-0\">\n<p>Un <strong>dram\u00e1tico<\/strong> episodio tuvo lugar el lunes por la tarde sobre la <strong>Ruta Provincial N\u00b06<\/strong> al sur de la localidad de <strong>General Roca,<\/strong> en <strong>R\u00edo Negro:<\/strong> <strong>una mujer intent\u00f3 matar a su hija de apenas dos a\u00f1os, al arrojarla al medio del asfalto cuando ven\u00eda lanzado un cami\u00f3n a toda velocidad.<\/strong> Los reflejos del chofer y de un grupo de ciclistas, que pasaba justo por la zona, evitaron la tragedia. <strong>La mujer fue detenida, y la nena qued\u00f3 internada.<\/strong><\/p>\n<\/div>\n<div id=\"element-body-1\">\n<p>Seg\u00fan confirmaron desde el Ministerio P\u00fablico Fiscal (MPF), est\u00e1 previsto que el mi\u00e9rcoles se levanten cargos contra la madre de la menor.<\/p>\n<\/div>\n<div id=\"element-body-2\">\n<p>&#8220;Por lo que aportaron testigos, la mujer llevaba a la nena en los brazos y la arroj\u00f3 en la ruta cuando vio que ven\u00eda el cami\u00f3n. Fue a la altura del Paso C\u00f3rdoba. Los <strong>ciclistas<\/strong> que pasaban por ah\u00ed alertaron al hombre de la brutal maniobra y el <strong>camionero tuvo tiempo de frenar y virar&#8221;,<\/strong> inform\u00f3 Jos\u00e9 Gonz\u00e1lez, jefe de la Unidad Regional N\u00b02.<\/p>\n<\/div>\n<div id=\"element-body-3\">\n<p>En di\u00e1logo con <em>La Ma\u00f1ana de Neuqu\u00e9n<\/em>, precis\u00f3 que luego de que el cami\u00f3n esquivara a la nena, &#8220;la mujer <strong>comenz\u00f3 a agredirla en la v\u00eda p\u00fablica&#8221;.<\/strong><\/p>\n<\/div>\n<div id=\"element-body-4\">\n<p>Tras el incidente, vecinos avisaron a la Polic\u00eda y minutos m\u00e1s tarde, personal de la Unidad Regional Segunda <strong>arrest\u00f3 a la mujer,<\/strong> quien fue trasladada al Destacamento 177 de Chacra Monte, donde qued\u00f3 alojada.<\/p>\n<\/div>\n<div id=\"element-body-6\">\n<p>Por su parte, la menor fue atendida en el lugar por una ambulancia del Servicio Integral de Atenci\u00f3n a la Emergencia (SIARME) y luego derivada a un centro de salud. Seg\u00fan informaron, presentaba <strong>algunas contusiones pero no heridas de consideraci\u00f3n.<\/strong><\/p>\n<\/div>\n<div id=\"element-body-7\">\n<p>\u201cLa relaci\u00f3n de parentesco es que ser\u00eda la mam\u00e1, en principio es lo que tenemos -explic\u00f3 Gonz\u00e1lez-. Estamos <strong>averiguando las circunstancias de por qu\u00e9 ocurri\u00f3<\/strong> esta situaci\u00f3n. Las causas son materia de investigaci\u00f3n. Pero la conducta demostrada por esta mujer es <strong>totalmente irracional\u201d,<\/strong> remarc\u00f3 el jefe policial.<\/p>\n<\/div>\n<div id=\"element-body-8\">\n<p>La menor qued\u00f3 bajo custodia de la <strong>Secretar\u00eda de Ni\u00f1ez Adolescencia y Familia (SENAF),<\/strong> y la fiscal de turno, Celeste Benatti, interviene en la causa. Por lo pronto, la Justicia trabaja en esclarecer el <strong>contexto y las motivaciones<\/strong> detr\u00e1s de la brutal agresi\u00f3n.<\/p>\n<\/div>\n<p><br \/>\n<br \/><a href=\"https:\/\/www.clarin.com\/sociedad\/detienen-mujer-trato-matar-hija-anos-tiro-medio-ruta-venia-camion-toda-velocidad_0_Ccs98MDtLc.html\">Fuente Clarin.com <\/a><\/p>\n","protected":false},"excerpt":{"rendered":"<p>Un dram\u00e1tico episodio tuvo lugar el lunes por la tarde sobre la Ruta Provincial N\u00b06 al sur de la localidad de General Roca, en R\u00edo Negro: una mujer intent\u00f3 matar a su hija de apenas dos a\u00f1os, al arrojarla al medio del asfalto cuando ven\u00eda lanzado un cami\u00f3n a toda velocidad. Los reflejos del chofer [&hellip;]<\/p>\n","protected":false},"author":1,"featured_media":22743,"comment_status":"open","ping_status":"open","sticky":false,"template":"","format":"standard","meta":{"footnotes":""},"categories":[2],"tags":[431,677,1224,493,719,3773,3774,10889],"class_list":["post-22742","post","type-post","status-publish","format-standard","has-post-thumbnail","hentry","category-ultimas-noticias","tag-camion","tag-cuando","tag-medio","tag-ruta","tag-tiro","tag-toda","tag-velocidad","tag-venia"],"_links":{"self":[{"href":"https:\/\/13.com.ar\/index.php\/wp-json\/wp\/v2\/posts\/22742","targetHints":{"allow":["GET"]}}],"collection":[{"href":"https:\/\/13.com.ar\/index.php\/wp-json\/wp\/v2\/posts"}],"about":[{"href":"https:\/\/13.com.ar\/index.php\/wp-json\/wp\/v2\/types\/post"}],"author":[{"embeddable":true,"href":"https:\/\/13.com.ar\/index.php\/wp-json\/wp\/v2\/users\/1"}],"replies":[{"embeddable":true,"href":"https:\/\/13.com.ar\/index.php\/wp-json\/wp\/v2\/comments?post=22742"}],"version-history":[{"count":0,"href":"https:\/\/13.com.ar\/index.php\/wp-json\/wp\/v2\/posts\/22742\/revisions"}],"wp:featuredmedia":[{"embeddable":true,"href":"https:\/\/13.com.ar\/index.php\/wp-json\/wp\/v2\/media\/22743"}],"wp:attachment":[{"href":"https:\/\/13.com.ar\/index.php\/wp-json\/wp\/v2\/media?parent=22742"}],"wp:term":[{"taxonomy":"category","embeddable":true,"href":"https:\/\/13.com.ar\/index.php\/wp-json\/wp\/v2\/categories?post=22742"},{"taxonomy":"post_tag","embeddable":true,"href":"https:\/\/13.com.ar\/index.php\/wp-json\/wp\/v2\/tags?post=22742"}],"curies":[{"name":"wp","href":"https:\/\/api.w.org\/{rel}","templated":true}]}}