{"id":22741,"date":"2025-05-06T11:20:27","date_gmt":"2025-05-06T14:20:27","guid":{"rendered":"https:\/\/13.com.ar\/index.php\/la-carne-subio-un-4-en-abril-y-acumula-un-alza-del-24-en-lo-que-va-del-ano\/"},"modified":"2025-05-06T11:20:27","modified_gmt":"2025-05-06T14:20:27","slug":"la-carne-subio-un-4-en-abril-y-acumula-un-alza-del-24-en-lo-que-va-del-ano","status":"publish","type":"post","link":"https:\/\/13.com.ar\/index.php\/la-carne-subio-un-4-en-abril-y-acumula-un-alza-del-24-en-lo-que-va-del-ano\/","title":{"rendered":"La carne subi\u00f3 un 4% en abril y acumula un alza del 24% en lo que va del a\u00f1o"},"content":{"rendered":"<p> <br \/>\n<br \/><img decoding=\"async\" src=\"https:\/\/13.com.ar\/wp-content\/uploads\/2025\/01\/Aumento-el-precio-de-la-hacienda-y-se-espera-una.jpg\" \/><\/p>\n<div id=\"element-body-0\">\n<p>El precio de la carne mostr\u00f3 una suba del 4% en abril, y en el a\u00f1o trep\u00f3 al 24%, muy por encima de los \u00edndices de inflaci\u00f3n del Indec a nivel general, que sin tener el dato de abril (se proyecta entre 2,5% a 3%), el acumulado es del 8,6% en el primer trimestre.<\/p>\n<\/div>\n<div id=\"element-body-1\">\n<p>As\u00ed lo relev\u00f3 un informe del Instituto de Promoci\u00f3n de la Carne Vacuna Argentina (IPCVA). El trabajo de campo fue tomado durante la primera y tercera semana de abril La muestra bajo an\u00e1lisis est\u00e1 restringida a 80 carnicer\u00edas y fueron relevadas telef\u00f3nicamente. En cambio, el seguimiento de los precios en supermercados se hizo en 40 puntos de venta tomados de forma presencial.<\/p>\n<\/div>\n<div id=\"element-body-2\">\n<p>De acuerdo al trabajo, los precios de los distintos cortes de carne vacuna han registrado una variaci\u00f3n del 4.1 % en abril 2025 con respecto a marzo. E<strong>l incremento en los primeros 4 meses del a\u00f1o fue del 24.07%. <\/strong>Y un 60.1% durante el \u00faltimo a\u00f1o. El precio promedio por kilo de los 24 cortes que releva el IPCVA qued\u00f3 en $ 11.465<\/p>\n<\/div>\n<div id=\"element-body-3\">\n<p>Seg\u00fan los analistas ganaderos, el valor de la carne vacuno comenz\u00f3 a recomponerse tras un 2024 que pr\u00e1cticamente estuvo por debajo de la inflaci\u00f3n. <\/p>\n<\/div>\n<div id=\"element-body-4\">\n<p>Las principales alzas en precios promedio durante abril se dieron en el <strong>osobuco y paleta<\/strong> (6.5%), <strong>la colita de cuadril<\/strong> (5.7%) y<strong> la tapa de nalga y roast beef<\/strong> (5.4%). En cambio los cortes con menor incremento en su precio fue el matambre (1%), el vac\u00edo (2.4%) y la carnaza com\u00fan (2.5%).<\/p>\n<\/div>\n<div id=\"element-body-5\">\n<p>Siendo m\u00e1s preciso, el informe detall\u00f3 que el comportamiento de los precios de la carne vacuna durante abril mostraron alzas del , 5.1% en el Sur de GBA, 2,4% en Capital Federal, 6.1% en el Norte de GBA, y 4,1% en el Oeste de GBA.<\/p>\n<\/div>\n<div id=\"element-body-6\">\n<p>&#8220;Si lo veo desde la parte comercial, el mostrador no resiste m\u00e1s subas. Se quejan todos de los precios. Ahora que va a empezar a salir hacienda gorda m\u00e1s la poca venta que hay entiendo que los precios quedar\u00edan donde est\u00e1n&#8221;, indic\u00f3 <strong>Leonardo Rafael<\/strong>, presidente de la C\u00e1mara de Matarifes y Abastecedores (CAMYA). &#8220;Ahora, como consumidor, a la carne le queda 30, 40 o 50 por ciento m\u00e1s de suba a lo que vale cualquier otro producto. La verdad qued\u00f3 muy barata a comparaci\u00f3n de cualquier otro alimento&#8221;, agreg\u00f3.<\/p>\n<\/div>\n<div id=\"element-body-7\">\n<p>Seg\u00fan el informe del IPCVA, el precio de la carne vacuna en las carnicer\u00edas el mismo exhibi\u00f3 alzas del 4.8% durante abril y 60% con respecto al mismo mes del 2024. Por otro lado, el precio promedio de la carne vacuna en supermercado mostr\u00f3 una variaci\u00f3n del 2.6% con respecto al mes anterior y 60% con respecto a abril de 2024.<\/p>\n<\/div>\n<div id=\"element-body-8\">\n<p>Por otro lado, el precio del pollo fresco mostr\u00f3 una variaci\u00f3n del 10.7% en el mes de abril 2025 con respecto a marzo. Durante los primeros cuatro meses del a\u00f1o fue del 15.6%. Y comparando con los \u00faltimos doce meses el incremento fue del 47.6%.<\/p>\n<\/div>\n<div id=\"element-body-9\">\n<p>Por su parte, el precio del pechito de cerdo tuvo una variaci\u00f3n del 3.1% con relaci\u00f3n al mes anterior. En los primeros 4 meses del a\u00f1o fue del 7.18%. Y 61.3% vs abril 2024.<\/p>\n<\/div>\n<p><br \/>\n<br \/><a href=\"https:\/\/www.clarin.com\/rural\/carne-subio-4-abril-acumula-alza-24-va-ano_0_DSg4urGaz1.html\">Fuente Clarin.com <\/a><\/p>\n","protected":false},"excerpt":{"rendered":"<p>El precio de la carne mostr\u00f3 una suba del 4% en abril, y en el a\u00f1o trep\u00f3 al 24%, muy por encima de los \u00edndices de inflaci\u00f3n del Indec a nivel general, que sin tener el dato de abril (se proyecta entre 2,5% a 3%), el acumulado es del 8,6% en el primer trimestre. As\u00ed [&hellip;]<\/p>\n","protected":false},"author":1,"featured_media":740,"comment_status":"open","ping_status":"open","sticky":false,"template":"","format":"standard","meta":{"footnotes":""},"categories":[2],"tags":[10047,15614,6293,530,1882,100,2701],"class_list":["post-22741","post","type-post","status-publish","format-standard","has-post-thumbnail","hentry","category-ultimas-noticias","tag-abril","tag-acumula","tag-alza","tag-ano","tag-carne","tag-del","tag-subio"],"_links":{"self":[{"href":"https:\/\/13.com.ar\/index.php\/wp-json\/wp\/v2\/posts\/22741","targetHints":{"allow":["GET"]}}],"collection":[{"href":"https:\/\/13.com.ar\/index.php\/wp-json\/wp\/v2\/posts"}],"about":[{"href":"https:\/\/13.com.ar\/index.php\/wp-json\/wp\/v2\/types\/post"}],"author":[{"embeddable":true,"href":"https:\/\/13.com.ar\/index.php\/wp-json\/wp\/v2\/users\/1"}],"replies":[{"embeddable":true,"href":"https:\/\/13.com.ar\/index.php\/wp-json\/wp\/v2\/comments?post=22741"}],"version-history":[{"count":0,"href":"https:\/\/13.com.ar\/index.php\/wp-json\/wp\/v2\/posts\/22741\/revisions"}],"wp:featuredmedia":[{"embeddable":true,"href":"https:\/\/13.com.ar\/index.php\/wp-json\/wp\/v2\/media\/740"}],"wp:attachment":[{"href":"https:\/\/13.com.ar\/index.php\/wp-json\/wp\/v2\/media?parent=22741"}],"wp:term":[{"taxonomy":"category","embeddable":true,"href":"https:\/\/13.com.ar\/index.php\/wp-json\/wp\/v2\/categories?post=22741"},{"taxonomy":"post_tag","embeddable":true,"href":"https:\/\/13.com.ar\/index.php\/wp-json\/wp\/v2\/tags?post=22741"}],"curies":[{"name":"wp","href":"https:\/\/api.w.org\/{rel}","templated":true}]}}