{"id":2274,"date":"2025-02-05T15:58:34","date_gmt":"2025-02-05T18:58:34","guid":{"rendered":"https:\/\/13.com.ar\/index.php\/el-balance-de-la-seleccion-de-futsal-tras-ganar-el-torneo-4-naciones-de-indonesia\/"},"modified":"2025-02-05T15:58:34","modified_gmt":"2025-02-05T18:58:34","slug":"el-balance-de-la-seleccion-de-futsal-tras-ganar-el-torneo-4-naciones-de-indonesia","status":"publish","type":"post","link":"https:\/\/13.com.ar\/index.php\/el-balance-de-la-seleccion-de-futsal-tras-ganar-el-torneo-4-naciones-de-indonesia\/","title":{"rendered":"El balance de la selecci\u00f3n de futsal tras ganar el Torneo 4 Naciones de Indonesia"},"content":{"rendered":"<p> <br \/>\n<br \/><img decoding=\"async\" src=\"https:\/\/13.com.ar\/wp-content\/uploads\/2025\/02\/El-balance-de-la-seleccion-de-futsal-tras-ganar-el.jpg\" \/><\/p>\n<div>\n<p>La <strong>Selecci\u00f3n Argentina de futsal<\/strong> cerr\u00f3 su participaci\u00f3n en el <strong>Torneo 4 Naciones de Indonesia <\/strong>con el t\u00edtulo en sus manos y ya emprendi\u00f3 el regreso al pa\u00eds. Con un plantel parcialmente renovado respecto a la \u00faltima Copa del Mundo en Uzbekist\u00e1n, el equipo dirigido por <strong>Mat\u00edas Lucuix<\/strong> logr\u00f3 quedarse con el <strong>primer puesto en la primera competencia del 2025<\/strong>.<\/p>\n<\/div>\n<div>\n<p>Tras la consagraci\u00f3n, el entrenador argentino analiz\u00f3 el presente de la selecci\u00f3n y el camino que comienza a trazarse rumbo al pr\u00f3ximo Mundial. &#8220;Estamos en un momento post Mundial, en el que tenemos cierta necesidad de empezar a hacer recambios, de darle la oportunidad a jugadores j\u00f3venes que vienen teniendo muy buenas actuaciones en el exterior&#8221;, <strong>se\u00f1al\u00f3 Lucuix<\/strong> en declaraciones a prensa de la Asociaci\u00f3n del F\u00fatbol Argentino.<\/p>\n<\/div>\n<div>\n<p>&#8220;Esto no significa que los que estuvieron ya no vayan a estar, sino que sabemos lo que pueden aportar y lo que representan para la Selecci\u00f3n. Si siguen manteniendo el nivel que hoy tienen en el exterior o en las ligas en las que jueguen, vamos a contar con ellos&#8221;, agreg\u00f3.<\/p>\n<\/div>\n<div>\n<p>El <strong>objetivo<\/strong>, seg\u00fan explic\u00f3 el t\u00e9cnico, es <strong>a largo plazo<\/strong>. &#8220;Buscamos crecimiento, mejora y establecer una identidad que nos permita, a\u00f1o tras a\u00f1o, desarrollar un modelo y una idea acordes a la exigencia que hoy en d\u00eda tiene la Selecci\u00f3n Argentina de futsal&#8221;, subray\u00f3. &#8220;Quedamos muy conformes con la actitud y el compromiso que tuvo el equipo en el torneo, que son valores innegociables&#8221;.<\/p>\n<\/div>\n<div>\n<p>Lucuix destac\u00f3 el <strong>compromiso de los jugadores<\/strong> y su predisposici\u00f3n para representar al pa\u00eds: &#8220;Todos quieren estar, todos desean vestir la camiseta de la Selecci\u00f3n Argentina. Fue un torneo muy exigente, con vuelos muy largos, cambios de horario y una cancha y una pelota dif\u00edciles, pero esto no fue excusa. Los jugadores se adaptaron, compitieron y dieron su mejor versi\u00f3n, tanto individual como colectiva&#8221;.<\/p>\n<\/div>\n<div>\n<p>Sobre el <strong>rendimiento del equipo a lo largo del certamen<\/strong>, el entrenador remarc\u00f3 el <strong>crecimiento en el juego partido a partido<\/strong>. &#8220;Fuimos de menos a m\u00e1s. No es una excusa, pero las condiciones del viaje, del descanso y de la cancha eran dif\u00edciles y nos complicaron la adaptaci\u00f3n al contexto del torneo. Contra Indonesia hicimos un muy buen partido y, en la final ante Jap\u00f3n, fue el mejor de los tres&#8221;, asegur\u00f3. &#8220;El cansancio, sumado a competir con dos jugadores menos por lesiones, nos llev\u00f3 a ver c\u00f3mo iban a responder los jugadores, y la verdad es que fue fabuloso. Nos quedamos con la entrega, el car\u00e1cter y la personalidad para sacar adelante un partido contra una grand\u00edsima selecci\u00f3n&#8221;.<\/p>\n<\/div>\n<div>\n<p>De cara al futuro, el cuerpo t\u00e9cnico todav\u00eda aguarda por la <strong>confirmaci\u00f3n del calendario de competencias<\/strong>, aunque ya vislumbra posibles desaf\u00edos. &#8220;Todav\u00eda no tenemos un calendario oficial. No creo que tengamos actividad en la ventana FIFA de marzo. Posiblemente en abril se juegue la final de la Liga Evoluci\u00f3n Sudamericana contra Brasil y tenemos una invitaci\u00f3n de Portugal, as\u00ed que tenemos un primer semestre con la posibilidad de elegir en qu\u00e9 competencias deseamos y podemos participar&#8221;, explic\u00f3 Lucuix.<\/p>\n<\/div>\n<p><br \/>\n<br \/><a href=\"https:\/\/www.clarin.com\/brandstudio\/balance-seleccion-futsal-ganar-torneo-4-naciones-indonesia_0_6ZJivSTe20.html\">Fuente Clarin.com <\/a><\/p>\n","protected":false},"excerpt":{"rendered":"<p>La Selecci\u00f3n Argentina de futsal cerr\u00f3 su participaci\u00f3n en el Torneo 4 Naciones de Indonesia con el t\u00edtulo en sus manos y ya emprendi\u00f3 el regreso al pa\u00eds. Con un plantel parcialmente renovado respecto a la \u00faltima Copa del Mundo en Uzbekist\u00e1n, el equipo dirigido por Mat\u00edas Lucuix logr\u00f3 quedarse con el primer puesto en [&hellip;]<\/p>\n","protected":false},"author":1,"featured_media":2275,"comment_status":"open","ping_status":"open","sticky":false,"template":"","format":"standard","meta":{"footnotes":""},"categories":[2],"tags":[2486,4177,2199,4179,4178,2703,1025,312],"class_list":["post-2274","post","type-post","status-publish","format-standard","has-post-thumbnail","hentry","category-ultimas-noticias","tag-balance","tag-futsal","tag-ganar","tag-indonesia","tag-naciones","tag-seleccion","tag-torneo","tag-tras"],"_links":{"self":[{"href":"https:\/\/13.com.ar\/index.php\/wp-json\/wp\/v2\/posts\/2274","targetHints":{"allow":["GET"]}}],"collection":[{"href":"https:\/\/13.com.ar\/index.php\/wp-json\/wp\/v2\/posts"}],"about":[{"href":"https:\/\/13.com.ar\/index.php\/wp-json\/wp\/v2\/types\/post"}],"author":[{"embeddable":true,"href":"https:\/\/13.com.ar\/index.php\/wp-json\/wp\/v2\/users\/1"}],"replies":[{"embeddable":true,"href":"https:\/\/13.com.ar\/index.php\/wp-json\/wp\/v2\/comments?post=2274"}],"version-history":[{"count":0,"href":"https:\/\/13.com.ar\/index.php\/wp-json\/wp\/v2\/posts\/2274\/revisions"}],"wp:featuredmedia":[{"embeddable":true,"href":"https:\/\/13.com.ar\/index.php\/wp-json\/wp\/v2\/media\/2275"}],"wp:attachment":[{"href":"https:\/\/13.com.ar\/index.php\/wp-json\/wp\/v2\/media?parent=2274"}],"wp:term":[{"taxonomy":"category","embeddable":true,"href":"https:\/\/13.com.ar\/index.php\/wp-json\/wp\/v2\/categories?post=2274"},{"taxonomy":"post_tag","embeddable":true,"href":"https:\/\/13.com.ar\/index.php\/wp-json\/wp\/v2\/tags?post=2274"}],"curies":[{"name":"wp","href":"https:\/\/api.w.org\/{rel}","templated":true}]}}