{"id":22739,"date":"2025-05-06T11:08:31","date_gmt":"2025-05-06T14:08:31","guid":{"rendered":"https:\/\/13.com.ar\/index.php\/hamas-dice-que-ya-no-tienen-sentido-las-negociaciones-con-israel\/"},"modified":"2025-05-06T11:08:31","modified_gmt":"2025-05-06T14:08:31","slug":"hamas-dice-que-ya-no-tienen-sentido-las-negociaciones-con-israel","status":"publish","type":"post","link":"https:\/\/13.com.ar\/index.php\/hamas-dice-que-ya-no-tienen-sentido-las-negociaciones-con-israel\/","title":{"rendered":"Hamas dice que ya no tienen sentido las negociaciones con Israel"},"content":{"rendered":"<p> <br \/>\n<\/p>\n<div id=\"cuerpo\">\n<div class=\"sc-80531b6b-0 chRIGJ container-text text-embed\" id=\"element-body-0\">\n<p>Hamas declar\u00f3 el martes que ya no tiene sentido entablar negociaciones con Israel para una tregua en Gaza e inst\u00f3 a la comunidad internacional a <strong>detener la &#8220;guerra del hambre&#8221;<\/strong>, al d\u00eda siguiente del anuncio israel\u00ed de un plan para la &#8220;conquista&#8221; del territorio palestino.<\/p>\n<\/div>\n<div class=\"sc-80531b6b-0 chRIGJ container-text text-embed\" id=\"element-body-1\">\n<p>Esta declaraci\u00f3n de Basem Naim, miembro del comit\u00e9 pol\u00edtico del movimiento islamista Hamas, coincide con <strong>un deterioro de la situaci\u00f3n humanitaria en Gaza<\/strong>, que est\u00e1 bajo un duro bloqueo israel\u00ed y donde casi la totalidad de la poblaci\u00f3n ha sido desplazada durante el conflicto.<\/p>\n<\/div>\n<div class=\"sc-80531b6b-0 chRIGJ container-text text-embed\" id=\"element-body-2\">\n<p>&#8220;No tiene sentido entablar negociaciones o considerar nuevas propuestas de alto el fuego mientras contin\u00faen la guerra del hambre y la guerra de exterminio en la Franja de Gaza&#8221;, dijo a AFP Basem Naim, un alto dirigente de Hamas, que gobierna Gaza desde 2007.<\/p>\n<\/div>\n<div class=\"sc-80531b6b-0 chRIGJ container-text text-embed\" id=\"element-body-3\">\n<p>&#8220;El mundo debe presionar al gobierno de (israel\u00ed de Benjamin) Netanyahu para que ponga fin a los cr\u00edmenes de hambre, de sed y a las matanzas&#8221;, agreg\u00f3 Naim, un exministro de Salud del territorio palestino.<\/p>\n<\/div>\n<div class=\"sc-98b114a2-0 bkqiHH image-embed  image-embed \" id=\"element-body-4\"><picture class=\"sc-98b114a2-1 jRUlDm\"><source media=\"(min-width: 975px)\" width=\"720\" height=\"480\" \/><img alt=\"Palestinos viven en carpas en Ciudad de Gaza. Foto: Bloomberg\" loading=\"lazy\" width=\"720\" height=\"480\" decoding=\"async\" data-nimg=\"1\" style=\"color:transparent\" src=\"https:\/\/13.com.ar\/wp-content\/uploads\/2025\/05\/Hamas-dice-que-ya-no-tienen-sentido-las-negociaciones-con.jpg\"\/><span class=\"epigraphe\">Palestinos viven en carpas en Ciudad de Gaza. Foto: Bloomberg<\/span><span class=\"picture-open\"><button class=\"open-image\" aria-label=\"Open Image\"\/><\/span><\/picture><\/div>\n<div class=\"sc-80531b6b-0 chRIGJ container-text text-embed\" id=\"element-body-5\">\n<p>Qatar, un mediador clave en el conflicto, afirm\u00f3 que<strong> contin\u00faan los esfuerzos<\/strong> &#8220;a pesar de la dificultad de la situaci\u00f3n y de<strong> la catastr\u00f3fica situaci\u00f3n humanitaria<\/strong>&#8221; en Gaza.<\/p>\n<\/div>\n<p><h2>La destrucci\u00f3n total de Gaza<\/h2>\n<\/p>\n<div class=\"sc-80531b6b-0 chRIGJ container-text text-embed\" id=\"element-body-7\">\n<p>La v\u00edspera, el gabinete de seguridad israel\u00ed adopt\u00f3 un plan para <strong>ampliar la campa\u00f1a militar en la Franja de Gaza,<\/strong> que incluye<strong> la &#8220;conquista&#8221; del territorio y el desplazamiento interno de la &#8220;mayor\u00eda&#8221; de sus habitantes.<\/strong><\/p>\n<\/div>\n<div class=\"sc-80531b6b-0 chRIGJ container-text text-embed\" id=\"element-body-8\">\n<p>El ministro de Finanzas de Israel, Bezalel Smotrich, afirm\u00f3 este martes que una victoria de Israel en Gaza implicar\u00eda <strong>la destrucci\u00f3n total de Gaza.<\/strong><\/p>\n<\/div>\n<div class=\"sc-80531b6b-0 chRIGJ container-text text-embed\" id=\"element-body-9\">\n<p>&#8220;Gaza ser\u00e1 totalmente destruida, los civiles ser\u00e1n enviados al sur,<strong> a una zona humanitaria sin Hamas ni terrorismo,<\/strong> y desde all\u00ed <strong>comenzar\u00e1n a partir en grandes cantidades hacia terceros pa\u00edses<\/strong>&#8220;, afirm\u00f3 Smotrich, perteneciente a la formaci\u00f3n de ultraderecha Partido Sionista Religioso.<\/p>\n<\/div>\n<div class=\"sc-98b114a2-0 bkqiHH image-embed  image-embed \" id=\"element-body-10\"><picture class=\"sc-98b114a2-1 jRUlDm\"><source media=\"(min-width: 975px)\" width=\"720\" height=\"480\" \/><img alt=\"Palestinos desplazados por la guerra. Foto: Bloomberg \" loading=\"lazy\" width=\"720\" height=\"480\" decoding=\"async\" data-nimg=\"1\" style=\"color:transparent\" src=\"https:\/\/13.com.ar\/wp-content\/uploads\/2025\/05\/1746540511_519_Hamas-dice-que-ya-no-tienen-sentido-las-negociaciones-con.jpg\"\/><span class=\"epigraphe\">Palestinos desplazados por la guerra. Foto: Bloomberg <\/span><span class=\"picture-open\"><button class=\"open-image\" aria-label=\"Open Image\"\/><\/span><\/picture><\/div>\n<div class=\"sc-80531b6b-0 chRIGJ container-text text-embed\" id=\"element-body-11\">\n<p>Pr\u00e1cticamente todos los habitantes de la Franja, una poblaci\u00f3n de 2,4 millones de habitantes, han sido desplazados desde el inicio del conflicto, que estall\u00f3 despu\u00e9s de que Ham\u00e1s lanzara un asalto en territorio israel\u00ed, el 7 de octubre de 2023.<\/p>\n<\/div>\n<div class=\"sc-80531b6b-0 chRIGJ container-text text-embed\" id=\"element-body-12\">\n<p>Algunos gazat\u00edes sufrieron el desplazamiento<strong> varias veces<\/strong> desde que empez\u00f3 la guerra.<\/p>\n<\/div>\n<div class=\"sc-80531b6b-0 chRIGJ container-text text-embed\" id=\"element-body-13\">\n<p>El territorio est\u00e1 sometido a <strong>un estricto bloqueo de Israel,<\/strong> que desde el 2 de marzo impide la entrada de ayuda, agudizando una crisis humanitaria que ha sido constante desde que empez\u00f3 la guerra.<\/p>\n<\/div>\n<div class=\"sc-80531b6b-0 chRIGJ container-text text-embed\" id=\"element-body-14\">\n<p>El ej\u00e9rcito israel\u00ed rompi\u00f3 una tregua de casi dos meses el 18 de marzo y reanud\u00f3 su ofensiva en Gaza.<\/p>\n<\/div>\n<div class=\"sc-80531b6b-0 chRIGJ container-text text-embed\" id=\"element-body-15\">\n<p>El martes, los bombardeos israel\u00edes contra varias zonas de la Franja de Gaza mataron a seis palestinos, inform\u00f3 la Defensa Civil.<\/p>\n<\/div>\n<div class=\"sc-80531b6b-0 chRIGJ container-text text-embed\" id=\"element-body-16\">\n<p>Moaz Hamdan, un habitante de Nuseirat, que perdi\u00f3 a varios familiares en un ataque, cont\u00f3 que se despert\u00f3 con <strong>&#8220;una explosi\u00f3n muy potente&#8221;.<\/strong><\/p>\n<\/div>\n<div class=\"sc-80531b6b-0 chRIGJ container-text text-embed\" id=\"element-body-17\">\n<p>&#8220;No se ve\u00eda nada. No pudimos rescatar a los heridos&#8221;, afirm\u00f3.<\/p>\n<\/div>\n<div class=\"sc-80531b6b-0 chRIGJ container-text text-embed\" id=\"element-body-18\">\n<p>La agencia de coordinaci\u00f3n de la ayuda humanitaria de la ONU (OCHA) acus\u00f3 este martes a Israel de intentar usar &#8220;como arma&#8221; el flujo de ayuda hacia Gaza.<\/p>\n<\/div>\n<div class=\"sc-80531b6b-0 chRIGJ container-text text-embed\" id=\"element-body-19\">\n<p>&#8220;<strong>Necesitan agua y reciben bombas<\/strong>. Necesitan asistencia de salud y reciben bombas&#8221;, denunci\u00f3 en una rueda de prensa en Ginebra el portavoz de la OCHA, Jens Laerke.<\/p>\n<\/div>\n<div class=\"sc-80531b6b-0 chRIGJ container-text text-embed\" id=\"element-body-20\">\n<p><strong>Francia conden\u00f3 &#8220;firmemente&#8221; el plan israel\u00ed <\/strong>que &#8220;viola el derecho&#8221; humanitario y exigi\u00f3 &#8220;un alto el fuego&#8221; y &#8220;el acceso sin trabas de la ayuda humanitaria&#8221;.<\/p>\n<\/div>\n<div class=\"sc-80531b6b-0 chRIGJ container-text text-embed\" id=\"element-body-21\">\n<p>China declar\u00f3 que <strong>&#8220;se opone a la continuaci\u00f3n de las operaciones militares<\/strong> israel\u00edes en Gaza&#8221;.<\/p>\n<\/div>\n<p><h2>Israel llama a reservistas<\/h2>\n<\/p>\n<div class=\"sc-80531b6b-0 chRIGJ container-text text-embed\" id=\"element-body-23\">\n<p>En Israel, el ej\u00e9rcito moviliz\u00f3 a <strong>decenas de miles de reservistas<\/strong>, pero un alto funcionario de seguridad dijo el lunes que todav\u00eda <strong>hab\u00eda una &#8220;ventana&#8221; para negociar la liberaci\u00f3n de los rehenes<\/strong> hasta el final de la visita del presidente estadounidense Donald Trump a Oriente Medio, entre el 13 al 16 de mayo.<\/p>\n<\/div>\n<div class=\"sc-80531b6b-0 chRIGJ container-text text-embed\" id=\"element-body-24\">\n<p>Cientos de israel\u00edes<strong> protestaron el lunes ante el parlamento en Jerusal\u00e9n <\/strong>para expresar su oposici\u00f3n al nuevo plan del gobierno.<\/p>\n<\/div>\n<div class=\"sc-80531b6b-0 chRIGJ container-text text-embed\" id=\"element-body-25\">\n<p>La sorpresiva incursi\u00f3n de milicianos de Hamas en territorio israel\u00ed el 7 de octubre de 2023 que desencaden\u00f3 la guerra, dej\u00f3 1.218 muertos, la mayor\u00eda civiles, seg\u00fan un recuento de AFP en base a cifras oficiales israel\u00edes.<\/p>\n<\/div>\n<div class=\"sc-80531b6b-0 chRIGJ container-text text-embed\" id=\"element-body-26\">\n<p>Los combatientes islamistas tomaron<strong> como rehenes ese d\u00eda a 251 personas<\/strong>, 58 de las cuales siguen cautivas en Gaza, entre ellas 34 que, seg\u00fan el ej\u00e9rcito israel\u00ed,<strong> murieron<\/strong><\/p>\n<\/div>\n<div class=\"sc-80531b6b-0 chRIGJ container-text text-embed\" id=\"element-body-27\">\n<p>La ofensiva de represalias israel\u00ed<strong> mat\u00f3 a al menos 52.567 personas en la Franja de Gaza<\/strong>, en su mayor\u00eda civiles, principalmente mujeres, adolescentes y ni\u00f1os, seg\u00fan datos del Ministerio de Salud de Ham\u00e1s, considerados fiables por la ONU.<\/p>\n<\/div>\n<\/div>\n<p><br \/>\n<br \/><a href=\"https:\/\/www.clarin.com\/mundo\/guerra-gaza-hamas-dice-sentido-negociaciones-israel_0_yWhmrWVUSw.html\">Fuente Clarin.com <\/a><\/p>\n","protected":false},"excerpt":{"rendered":"<p>Hamas declar\u00f3 el martes que ya no tiene sentido entablar negociaciones con Israel para una tregua en Gaza e inst\u00f3 a la comunidad internacional a detener la &#8220;guerra del hambre&#8221;, al d\u00eda siguiente del anuncio israel\u00ed de un plan para la &#8220;conquista&#8221; del territorio palestino. Esta declaraci\u00f3n de Basem Naim, miembro del comit\u00e9 pol\u00edtico del [&hellip;]<\/p>\n","protected":false},"author":1,"featured_media":22740,"comment_status":"open","ping_status":"open","sticky":false,"template":"","format":"standard","meta":{"footnotes":""},"categories":[2],"tags":[18,655,1461,22,48,354,10105,225],"class_list":["post-22739","post","type-post","status-publish","format-standard","has-post-thumbnail","hentry","category-ultimas-noticias","tag-con","tag-dice","tag-hamas","tag-israel","tag-las","tag-negociaciones","tag-sentido","tag-tienen"],"_links":{"self":[{"href":"https:\/\/13.com.ar\/index.php\/wp-json\/wp\/v2\/posts\/22739","targetHints":{"allow":["GET"]}}],"collection":[{"href":"https:\/\/13.com.ar\/index.php\/wp-json\/wp\/v2\/posts"}],"about":[{"href":"https:\/\/13.com.ar\/index.php\/wp-json\/wp\/v2\/types\/post"}],"author":[{"embeddable":true,"href":"https:\/\/13.com.ar\/index.php\/wp-json\/wp\/v2\/users\/1"}],"replies":[{"embeddable":true,"href":"https:\/\/13.com.ar\/index.php\/wp-json\/wp\/v2\/comments?post=22739"}],"version-history":[{"count":0,"href":"https:\/\/13.com.ar\/index.php\/wp-json\/wp\/v2\/posts\/22739\/revisions"}],"wp:featuredmedia":[{"embeddable":true,"href":"https:\/\/13.com.ar\/index.php\/wp-json\/wp\/v2\/media\/22740"}],"wp:attachment":[{"href":"https:\/\/13.com.ar\/index.php\/wp-json\/wp\/v2\/media?parent=22739"}],"wp:term":[{"taxonomy":"category","embeddable":true,"href":"https:\/\/13.com.ar\/index.php\/wp-json\/wp\/v2\/categories?post=22739"},{"taxonomy":"post_tag","embeddable":true,"href":"https:\/\/13.com.ar\/index.php\/wp-json\/wp\/v2\/tags?post=22739"}],"curies":[{"name":"wp","href":"https:\/\/api.w.org\/{rel}","templated":true}]}}