{"id":22738,"date":"2025-05-06T11:02:31","date_gmt":"2025-05-06T14:02:31","guid":{"rendered":"https:\/\/13.com.ar\/index.php\/como-seran-las-proximas-dos-semanas-del-piloto-argentino\/"},"modified":"2025-05-06T11:02:31","modified_gmt":"2025-05-06T14:02:31","slug":"como-seran-las-proximas-dos-semanas-del-piloto-argentino","status":"publish","type":"post","link":"https:\/\/13.com.ar\/index.php\/como-seran-las-proximas-dos-semanas-del-piloto-argentino\/","title":{"rendered":"c\u00f3mo ser\u00e1n las pr\u00f3ximas dos semanas del piloto argentino"},"content":{"rendered":"<p> <br \/>\n<br \/><img decoding=\"async\" src=\"https:\/\/13.com.ar\/wp-content\/uploads\/2025\/03\/su-sugestivo-posteo-tras-el-flojo-arranque-de-Jack-Doohan.jpg\" \/><\/p>\n<div id=\"element-body-0\">\n<p><strong>Franco Colapinto<\/strong> est\u00e1 a un paso de volver a subirse oficialmente a un F\u00f3rmula 1. Es inminente el anuncio de <strong>Alpine<\/strong> que, m\u00e1s temprano que tarde, confirmar\u00e1 que el argentino reemplazar\u00e1 al australiano Jack Doohan el pr\u00f3ximo domingo 18 de mayo cuando se corra el Gran Premio de Emilia-Roma\u00f1a en Imola. Pero antes, el pilarense tendr\u00e1 dos semanas intensas. \u00bfC\u00f3mo ser\u00e1 su rutina?<\/p>\n<\/div>\n<div id=\"element-body-1\">\n<p>Los directivos de Alpine trataron de evadir respuestas, pero las actuaciones del Australiano en las primeras seis carreras del a\u00f1o parecen haber sido determinantes. Oliver Oakes, jefe de equipo de Alpine, sali\u00f3 al cruce de los rumores que aseguraban que Franco Colapinto ser\u00eda titular en Imola: &#8220;Jack es nuestro piloto junto a Pierre (Gasly)&#8221;.<\/p>\n<\/div>\n<div id=\"element-body-2\">\n<p>Y, fiel a su estilo, Flavio Briatore respondi\u00f3 en qu\u00e9 condici\u00f3n estaba el argentino: &#8220;Reserva, reserva, reserva, reserva&#8221;, dijo el italiano al ser consultado por el periodista de ESPN, Juan Fossaroli, en la previa de la carrera de Florida que se disputa en los alrededores del Hard Rock Stadium.<\/p>\n<\/div>\n<div id=\"element-body-3\">\n<blockquote class=\"twitter-tweet\">\n<p lang=\"pt\" dir=\"ltr\">&#8220;RESERVA, RESERVA, RESERVA&#8230;&#8221;<\/p>\n<p>\ud83d\ude31 Flavio Briatore sobre COLAPINTO <\/p>\n<p>\ud83d\udcfa <a rel=\"nofollow\" target=\"_blank\" href=\"https:\/\/twitter.com\/hashtag\/MiamiGP?src=hash&amp;ref_src=twsrc%5Etfw\">#MiamiGP<\/a> | Toda la temporada de <a rel=\"nofollow\" target=\"_blank\" href=\"https:\/\/twitter.com\/hashtag\/F1?src=hash&amp;ref_src=twsrc%5Etfw\">#F1<\/a> por <a rel=\"nofollow\" target=\"_blank\" href=\"https:\/\/twitter.com\/hashtag\/DisneyPlus?src=hash&amp;ref_src=twsrc%5Etfw\">#DisneyPlus<\/a> Premium <a rel=\"nofollow\" target=\"_blank\" href=\"https:\/\/t.co\/b0IWMmYLoo\">pic.twitter.com\/b0IWMmYLoo<\/a><\/p>\n<p>\u2014 SportsCenter (@SC_ESPN) <a rel=\"nofollow\" target=\"_blank\" href=\"https:\/\/twitter.com\/SC_ESPN\/status\/1919110196778901881?ref_src=twsrc%5Etfw\">May 4, 2025<\/a><\/p><\/blockquote>\n<\/div>\n<div id=\"element-body-4\">\n<p>Hace unos d\u00edas, Horacio Mar\u00edn, CEO de YPF, dijo luego de una entrevista -y por culpa de un micr\u00f3fono abierto- que &#8220;Imola&#8221; era la fecha se\u00f1alada para el debut de Colapinto. El furcio lleg\u00f3 a Miami y parece haber molestado a Oakes: &#8220;Lo vi como todo el mundo. Creo que fue un patrocinador de Argentina, fuera de c\u00e1mara, dando su opini\u00f3n sobre Franco, sobre cu\u00e1ndo va a estar en el coche. Quiero decir, obviamente, estoy seguro de que hay mucha gente en Argentina a la que le gustar\u00eda que estuviera en el coche este domingo&#8221;.<\/p>\n<\/div>\n<div id=\"element-body-5\">\n<p>Pero el toque en el inicio de la carrera entre Doohan y Lawson que termin\u00f3 otra vez con el australiano r\u00e1pidamente afuera, parece haber determinado que Franco se subir\u00e1 al auto finalmente. As\u00ed lo indicaron en las \u00faltimas horas, desde Motorsport hasta el diario L&#8217;Equipe.<\/p>\n<\/div>\n<div id=\"element-body-7\">\n<p>Como lo hizo en Monza a inicios de abril, Colapinto realizar\u00e1 a un TPC (Test Previous Cars) en el circuito de Silverstone. Se trata de una pr\u00e1ctica reservada solo para pilotos de reserva (y all\u00ed est\u00e1 el punto) que suelen realizarse con los modelos de temporadas anteriores. Ahora, Franco se subir\u00e1 a un Alpine A523.<\/p>\n<\/div>\n<div id=\"element-body-8\">\n<p>Hace un mes, mientras Max Verstappen daba c\u00e1tedra en el GP de Jap\u00f3n, Franco se subi\u00f3 al mismo veh\u00edculo en Monza para estas pr\u00e1cticas.<\/p>\n<\/div>\n<div id=\"element-body-9\">\n<p>La rutina que realizaron los pilotos fue la misma que realizar\u00e1 ahora en Silverstone: arrancaron con la puesta a punto del veh\u00edculo por la ma\u00f1ana, simularon una clasificaci\u00f3n antes del mediod\u00eda y realizaron tandas largas en la tarde. Seg\u00fan Motorsport, la experiencia de Colapinto en el pu\u00f1ado de carreras que corri\u00f3 en la F\u00f3rmula 1 durante 2024 marcaron la diferencia sobre su compa\u00f1ero Paul Aron.<\/p>\n<\/div>\n<div id=\"element-body-10\">\n<blockquote class=\"twitter-tweet\">\n<p lang=\"es\" dir=\"ltr\">\ud83d\udea8 Franco Colapinto fue 0,5s m\u00e1s r\u00e1pido que Aron en ritmo de clasificaci\u00f3n en el TPC en Monza.<\/p>\n<p>En ritmo carrera, Colapinto 0,7s m\u00e1s r\u00e1pido.<\/p>\n<p>\ud83d\udcf0 Motorsport IT<a rel=\"nofollow\" target=\"_blank\" href=\"https:\/\/t.co\/EmQ4QmvnET\">pic.twitter.com\/EmQ4QmvnET<\/a><\/p>\n<p>\u2014 ElReyGuiri (@ElReyGuiri) <a rel=\"nofollow\" target=\"_blank\" href=\"https:\/\/twitter.com\/ElReyGuiri\/status\/1909282028069048377?ref_src=twsrc%5Etfw\">April 7, 2025<\/a><\/p><\/blockquote>\n<\/div>\n<div id=\"element-body-11\">\n<p>Lo bueno es que, despu\u00e9s de Silverstone, Franco repetir\u00e1 el entrenamiento en Monza de cara al que ser\u00eda su inminente debut en Imola en la fecha que comenzar\u00e1 disputarse el viernes 17 de mayo, con las primeras pr\u00e1cticas oficiales del Gran premio de Emilia-Roma\u00f1a.<\/p>\n<\/div>\n<div id=\"element-body-12\">\n<p>Justamente Monza es el circuito donde debut\u00f3 Franco Colapinto el a\u00f1o pasado en Williams. Lo hico con un puesto 12 tras haber largado entre los \u00faltimos lugares y provoc\u00f3 una verdadera revoluci\u00f3n entre los amantes de la F\u00f3rmula 1 de la Argentina. Esos mismos que lo esperan ansioso y le reclaman a Alpine que confirme oficialmente al argentino para el pr\u00f3ximo Gran Premio de los Estados Unidos.<\/p>\n<\/div>\n<div id=\"element-body-14\">\n<p>Al parecer, la escuder\u00eda le dio prioridad a que el argentino sume kil\u00f3metros en los TPC, pr\u00e1cticas que son exclusivas para los pilotos de reserva. Si anunciara oficialmente al piloto podr\u00eda perder la chance de sumar recorrido abordo del Alpine A523 antes de desembarcar oficialmente en el monoplaza que dejar\u00e1 Jack Doohan.<\/p>\n<\/div>\n<p><script async src=\"\/\/platform.twitter.com\/widgets.js\" charset=\"utf-8\"><\/script><br \/>\n<br \/><br \/>\n<br \/><a href=\"https:\/\/www.clarin.com\/deportes\/plan-alpine-colapinto-cara-gran-premio-imola-proximas-semanas-piloto-argentino_0_Okcet1IIKY.html\">Fuente Clarin.com <\/a><\/p>\n","protected":false},"excerpt":{"rendered":"<p>Franco Colapinto est\u00e1 a un paso de volver a subirse oficialmente a un F\u00f3rmula 1. Es inminente el anuncio de Alpine que, m\u00e1s temprano que tarde, confirmar\u00e1 que el argentino reemplazar\u00e1 al australiano Jack Doohan el pr\u00f3ximo domingo 18 de mayo cuando se corra el Gran Premio de Emilia-Roma\u00f1a en Imola. Pero antes, el pilarense [&hellip;]<\/p>\n","protected":false},"author":1,"featured_media":13996,"comment_status":"open","ping_status":"open","sticky":false,"template":"","format":"standard","meta":{"footnotes":""},"categories":[2],"tags":[508,66,100,59,48,1598,331,332,551],"class_list":["post-22738","post","type-post","status-publish","format-standard","has-post-thumbnail","hentry","category-ultimas-noticias","tag-argentino","tag-como","tag-del","tag-dos","tag-las","tag-piloto","tag-proximas","tag-semanas","tag-seran"],"_links":{"self":[{"href":"https:\/\/13.com.ar\/index.php\/wp-json\/wp\/v2\/posts\/22738","targetHints":{"allow":["GET"]}}],"collection":[{"href":"https:\/\/13.com.ar\/index.php\/wp-json\/wp\/v2\/posts"}],"about":[{"href":"https:\/\/13.com.ar\/index.php\/wp-json\/wp\/v2\/types\/post"}],"author":[{"embeddable":true,"href":"https:\/\/13.com.ar\/index.php\/wp-json\/wp\/v2\/users\/1"}],"replies":[{"embeddable":true,"href":"https:\/\/13.com.ar\/index.php\/wp-json\/wp\/v2\/comments?post=22738"}],"version-history":[{"count":0,"href":"https:\/\/13.com.ar\/index.php\/wp-json\/wp\/v2\/posts\/22738\/revisions"}],"wp:featuredmedia":[{"embeddable":true,"href":"https:\/\/13.com.ar\/index.php\/wp-json\/wp\/v2\/media\/13996"}],"wp:attachment":[{"href":"https:\/\/13.com.ar\/index.php\/wp-json\/wp\/v2\/media?parent=22738"}],"wp:term":[{"taxonomy":"category","embeddable":true,"href":"https:\/\/13.com.ar\/index.php\/wp-json\/wp\/v2\/categories?post=22738"},{"taxonomy":"post_tag","embeddable":true,"href":"https:\/\/13.com.ar\/index.php\/wp-json\/wp\/v2\/tags?post=22738"}],"curies":[{"name":"wp","href":"https:\/\/api.w.org\/{rel}","templated":true}]}}