{"id":22734,"date":"2025-05-06T10:56:28","date_gmt":"2025-05-06T13:56:28","guid":{"rendered":"https:\/\/13.com.ar\/index.php\/elegiran-a-un-papa-asiatico\/"},"modified":"2025-05-06T10:56:28","modified_gmt":"2025-05-06T13:56:28","slug":"elegiran-a-un-papa-asiatico","status":"publish","type":"post","link":"https:\/\/13.com.ar\/index.php\/elegiran-a-un-papa-asiatico\/","title":{"rendered":"\u00bfElegir\u00e1n a un papa asi\u00e1tico?"},"content":{"rendered":"<p> <br \/>\n<br \/><img decoding=\"async\" src=\"https:\/\/13.com.ar\/wp-content\/uploads\/2025\/05\/\u00bfElegiran-a-un-papa-asiatico.jpg\" \/><\/p>\n<div id=\"element-body-0\">\n<p>En medio de tanta incertidumbre acerca de qui\u00e9n ser\u00e1 el nuevo papa, las especulaciones se multiplican con la esperanza de que en medio de la avalancha de nombres alguno de los mencionados sea, finalmente, el sucesor de Francisco.<\/p>\n<\/div>\n<div id=\"element-body-1\">\n<p><strong>Los cardenales de origen europeo y, sobre todo, los italianos, son los m\u00e1s nombrados<\/strong>. Pero as\u00ed como en el \u00faltimo c\u00f3nclave hubo un brusco giro geogr\u00e1fico hacia Am\u00e9rica Latina hay quienes piensan que ahora los purpurados podr\u00edan optar por As\u00eda.<\/p>\n<\/div>\n<div id=\"element-body-2\">\n<p>Espec\u00edficamente, las miradas de varios purpurados se estar\u00edan posando sobre<strong> un cardenal de Filipinas,<\/strong> el tercer pa\u00eds con m\u00e1s cat\u00f3licos del mundo despu\u00e9s de Brasil y M\u00e9xico (suman unos 90 millones sobre una poblaci\u00f3n de 110 millones). Y que est\u00e1 dentro de un continente como el asi\u00e1tico, donde el catolicismo viene creciendo y hasta llenando sus seminarios con aspirantes a sacerdotes y conventos con novicias como en Corea del Sur.<\/p>\n<\/div>\n<div id=\"element-body-3\">\n<p>Los encuentros m\u00e1s multitudinarios que tuvieron en su pontificado Juan Pablo II y Francisco fueron, precisamente, en Manila con ocasi\u00f3n de la Jornada Mundial de la Juventud, estim\u00e1ndose en m\u00e1s de seis millones de personas las que participaron. <\/p>\n<\/div>\n<div id=\"element-body-5\">\n<p>El aire fresco de <strong>una Iglesia joven<\/strong> -y con mucha religiosidad popular- como la latinoamericana por la que los cardenales optaron en 2013 ahora podr\u00eda provenir de la asi\u00e1tica.<\/p>\n<\/div>\n<div id=\"element-body-7\">\n<p>\u00bfY qui\u00e9n ser\u00eda el candidato? Luis Antonio Tagle, de 67 a\u00f1os. Fue arzobispo de Manila y actualmente es pro prefecto de la Congregaci\u00f3n para la Evangelizaci\u00f3n de los Pueblos del Vaticano, cargo al que lleg\u00f3 por decisi\u00f3n de Francisco, si bien fue creado cardenal por Benedicto XVI. Alineado con el pontificado de Jorge Bergoglio, cuenta con <strong>una s\u00f3lida formaci\u00f3n teol\u00f3gica y es carism\u00e1tico<\/strong>.<\/p>\n<\/div>\n<div id=\"element-body-8\">\n<p>Es cierto que hace tiempo que se viene hablando de su candidatura. Pero algunos de los observadores que la ven\u00edan barajando comenzaron a ponerla en duda desde que <strong>se le adjudicaron malos manejos administrativos al frente de C\u00e1ritas Internacional<\/strong>. Sin embargo, fuentes eclesi\u00e1sticas dijeron a <strong>Clar\u00edn <\/strong>que todo se trat\u00f3 de un malentendido y que Francisco le pidi\u00f3 disculpas.<\/p>\n<\/div>\n<div id=\"element-body-10\">\n<p>Como otros candidatos, Tagle tambi\u00e9n fue <strong>blanco de denuncias en los \u00faltimos d\u00edas que buscan desacreditarlos<\/strong>. La ONG Bishop Accountability que se ocupa del seguimiento de casos de abusos sexuales cometidos por miembros del clero y asistir a las v\u00edctimas lo acus\u00f3 de no acompa\u00f1arlas cuando era arzobispo de Manila.<\/p>\n<\/div>\n<div id=\"element-body-11\">\n<p>Recientemente se viraliz\u00f3 un video en el que se lo ve cantando \u201cImagine\u201d, de John Lennon, en un encuentro con j\u00f3venes en Polonia en 2019. La elecci\u00f3n de ese episodio para difundirlo no fue inocente: en un tramo la letra de la popular canci\u00f3n expresa el anhelo de \u201cun mundo sin religiones\u201d.<\/p>\n<\/div>\n<div id=\"element-body-12\">\n<p>Pero no es el \u00fanico cardenal filipino al que se menciona. <strong>Tambi\u00e9n aparece, aunque en segundo t\u00e9rmino, Pablo \u201cAmbo\u201d David<\/strong>, de 66 a\u00f1os, obispo de Kalookan, creado cardenal por Francisco. Carism\u00e1tico y pol\u00edglota, es presidente de la Conferencia Episcopal de Filipinas y vicepresidente de la asi\u00e1tica.<\/p>\n<\/div>\n<div id=\"element-body-13\">\n<p>Los memoriosos recuerdan que en 1978 cuando se buscaba un out sider no italiano se pens\u00f3 en un polaco, el legendario cardenal Stefan Wyszynski. Pero Wyszynski, ya grande, opt\u00f3 por que le dieran los votos a su compatriota Karol Wojtyla, a la postre Juan Pablo II. Tagle, en cambio, es a\u00fan joven.<\/p>\n<\/div>\n<p><br \/>\n<br \/><a href=\"https:\/\/www.clarin.com\/mundo\/especulaciones-danza-nombres-visperas-conclave-elegiran-papa-asiatico_0_lbkiHUVSDu.html\">Fuente Clarin.com <\/a><\/p>\n","protected":false},"excerpt":{"rendered":"<p>En medio de tanta incertidumbre acerca de qui\u00e9n ser\u00e1 el nuevo papa, las especulaciones se multiplican con la esperanza de que en medio de la avalancha de nombres alguno de los mencionados sea, finalmente, el sucesor de Francisco. Los cardenales de origen europeo y, sobre todo, los italianos, son los m\u00e1s nombrados. Pero as\u00ed como [&hellip;]<\/p>\n","protected":false},"author":1,"featured_media":22735,"comment_status":"open","ping_status":"open","sticky":false,"template":"","format":"standard","meta":{"footnotes":""},"categories":[2],"tags":[15994,15037,2919],"class_list":["post-22734","post","type-post","status-publish","format-standard","has-post-thumbnail","hentry","category-ultimas-noticias","tag-asiatico","tag-elegiran","tag-papa"],"_links":{"self":[{"href":"https:\/\/13.com.ar\/index.php\/wp-json\/wp\/v2\/posts\/22734","targetHints":{"allow":["GET"]}}],"collection":[{"href":"https:\/\/13.com.ar\/index.php\/wp-json\/wp\/v2\/posts"}],"about":[{"href":"https:\/\/13.com.ar\/index.php\/wp-json\/wp\/v2\/types\/post"}],"author":[{"embeddable":true,"href":"https:\/\/13.com.ar\/index.php\/wp-json\/wp\/v2\/users\/1"}],"replies":[{"embeddable":true,"href":"https:\/\/13.com.ar\/index.php\/wp-json\/wp\/v2\/comments?post=22734"}],"version-history":[{"count":0,"href":"https:\/\/13.com.ar\/index.php\/wp-json\/wp\/v2\/posts\/22734\/revisions"}],"wp:featuredmedia":[{"embeddable":true,"href":"https:\/\/13.com.ar\/index.php\/wp-json\/wp\/v2\/media\/22735"}],"wp:attachment":[{"href":"https:\/\/13.com.ar\/index.php\/wp-json\/wp\/v2\/media?parent=22734"}],"wp:term":[{"taxonomy":"category","embeddable":true,"href":"https:\/\/13.com.ar\/index.php\/wp-json\/wp\/v2\/categories?post=22734"},{"taxonomy":"post_tag","embeddable":true,"href":"https:\/\/13.com.ar\/index.php\/wp-json\/wp\/v2\/tags?post=22734"}],"curies":[{"name":"wp","href":"https:\/\/api.w.org\/{rel}","templated":true}]}}