{"id":22732,"date":"2025-05-06T10:50:30","date_gmt":"2025-05-06T13:50:30","guid":{"rendered":"https:\/\/13.com.ar\/index.php\/los-cardenales-ya-se-instalan-en-el-vaticano-para-elegir-al-sucesor-de-francisco-en-la-eleccion-mas-secreta-del-mundo\/"},"modified":"2025-05-06T10:50:30","modified_gmt":"2025-05-06T13:50:30","slug":"los-cardenales-ya-se-instalan-en-el-vaticano-para-elegir-al-sucesor-de-francisco-en-la-eleccion-mas-secreta-del-mundo","status":"publish","type":"post","link":"https:\/\/13.com.ar\/index.php\/los-cardenales-ya-se-instalan-en-el-vaticano-para-elegir-al-sucesor-de-francisco-en-la-eleccion-mas-secreta-del-mundo\/","title":{"rendered":"los cardenales ya se instalan en el Vaticano para elegir al sucesor de Francisco, en la elecci\u00f3n m\u00e1s secreta del mundo"},"content":{"rendered":"<p> <br \/>\n<\/p>\n<div id=\"cuerpo\">\n<div class=\"sc-80531b6b-0 chRIGJ container-text text-embed\" id=\"element-body-0\">\n<p>Los cardenales empiezan este martes a i<strong>nstalarse en la residencia de Santa Marta y otras dependencias del Vaticano<\/strong>, donde permanecer\u00e1n aislados del mundo durante el C\u00f3nclave hasta elegir al sucesor del papa Francisco. La votaci\u00f3n m\u00e1s secreta del mundo,<strong> aislada del mundo y bajo llave<\/strong>, comienza este mi\u00e9rcoles a las 10 de la ma\u00f1ana en Argentina.<\/p>\n<\/div>\n<div class=\"sc-c2c2a3c6-0 ecgiEX border-video video-embed horizontal border-video video-embed horizontal\" id=\"element-body-1\">\n<div class=\"sc-c2c2a3c6-1 kQhBlc videoText videoText\">\n<h2>Video<\/h2>\n<p>Las claves de la elecci\u00f3n de un nuevo papa desde Roma<\/p>\n<\/div>\n<\/div>\n<div class=\"sc-80531b6b-0 chRIGJ container-text text-embed\" id=\"element-body-2\">\n<p>\u00bfQui\u00e9n ser\u00e1 el pr\u00f3ximo Papa? La identidad del futuro pont\u00edfice<strong> es la gran inc\u00f3gnita <\/strong>para los 1.400 millones de cat\u00f3licos y para el mundo, despu\u00e9s que el pontificado reformista del jesuita argentino despertara<strong> un fervor popular y una divisi\u00f3n en el seno de la Iglesia.<\/strong><\/p>\n<\/div>\n<p><h2>Los candidatos a Papa<\/h2>\n<\/p>\n<p><h3>Varios perfiles y muchas personalidades<\/h3>\n<\/p>\n<div class=\"sc-80531b6b-0 chRIGJ container-text text-embed\" id=\"element-body-5\">\n<p>&#8220;Hay <strong>varios perfiles<\/strong>, muchas personalidades que podr\u00edan ser elegidas. Yo dir\u00eda que al menos<strong> cinco o seis<\/strong>&#8220;, declar\u00f3 el cardenal y arzobispo de Argel, Jean-Paul Vesco, al diario italiano Corriere della Sera.<\/p>\n<\/div>\n<div class=\"sc-80531b6b-0 chRIGJ container-text text-embed\" id=\"element-body-6\">\n<p>&#8220;Est\u00e1n los candidatos, por as\u00ed decirlo,<strong> naturales<\/strong>, aquellos que ya son conocidos por su papel y su personalidad. Y luego est\u00e1n los que intervienen y te hacen pensar: Es una palabra fuerte. Pero no hay ninguno que &#8216;aplaste&#8217; a los dem\u00e1s, ninguno del que se pueda pensar: Ser\u00e1 \u00e9l&#8221;, seg\u00fan Vesco.<\/p>\n<\/div>\n<div class=\"sc-98b114a2-0 bkqiHH image-embed  image-embed \" id=\"element-body-7\"><picture class=\"sc-98b114a2-1 jRUlDm\"><source media=\"(min-width: 975px)\" width=\"720\" height=\"480\" \/><img alt=\"El cardenal Jean-Paul Vesco bendice a una mujer. Foto: Reuters \" loading=\"lazy\" width=\"720\" height=\"480\" decoding=\"async\" data-nimg=\"1\" style=\"color:transparent\" src=\"https:\/\/13.com.ar\/wp-content\/uploads\/2025\/05\/los-cardenales-ya-se-instalan-en-el-Vaticano-para-elegir.jpg\"\/><span class=\"epigraphe\">El cardenal Jean-Paul Vesco bendice a una mujer. Foto: Reuters <\/span><span class=\"picture-open\"><button class=\"open-image\" aria-label=\"Open Image\"\/><\/span><\/picture><\/div>\n<p><h2>Sin tel\u00e9fono, internet ni medios de comunicaci\u00f3n<\/h2>\n<\/p>\n<div class=\"sc-80531b6b-0 chRIGJ container-text text-embed\" id=\"element-body-9\">\n<p>El c\u00f3nclave empezar\u00e1 oficialmente el mi\u00e9rcoles. A partir de las 15:00 horas (10 de la ma\u00f1ana en Argentina) de ese d\u00eda, <strong>se cortar\u00e1n las se\u00f1ales telef\u00f3nicas <\/strong>en el interior del Vaticano para<strong> aislar a los purpurados <\/strong>de influencias externas, anunci\u00f3 la Santa Sede.<\/p>\n<\/div>\n<div class=\"sc-80531b6b-0 chRIGJ container-text text-embed\" id=\"element-body-10\">\n<p>Durante el c\u00f3nclave, los &#8220;pr\u00edncipes de la Iglesia&#8221; <strong>deben permanecer sin tel\u00e9fono ni acceso a internet <\/strong>ni a medios de comunicaci\u00f3n, y<strong> guardar secreto sobre todo lo relativo a la elecci\u00f3n<\/strong> del nuevo sumo pont\u00edfice.<\/p>\n<\/div>\n<div class=\"sc-80531b6b-0 chRIGJ container-text text-embed\" id=\"element-body-11\">\n<p>En la vecina plaza de San Pedro,<strong> miles de personas<\/strong> mirar\u00e1n la chimenea instalada en el tejado de la Capilla Sixtina a la espera de vislumbrar la fumata blanca, primera se\u00f1al de la elecci\u00f3n del 267\u00ba papa.<\/p>\n<\/div>\n<div class=\"sc-106e49c0-0 dcVumd freeHtml-embed undefined\" id=\"element-body-12\"><!-- Info_HTML HTML BASE Infograf&iacute;a v4.2 - Plantilla --><\/p>\n<p><!-- Link Swiper's CSS --><\/p>\n<article class=\"clarin-grafico\">\n<p class=\"titulo\">C\u00f3nclave \u00b7 2025<br \/><span class=\"subtitulo\"\/><\/p>\n<hr class=\"linea_arriba\"\/>\n<p>    <!-- Contenido principal --><br \/>\n    <!-- Swiper --><\/p>\n<p>    <!-- Swiper JS --><\/p>\n<p>    <!-- Initialize Swiper --><\/p>\n<p>    <!-- fin Contenido principal --><\/p>\n<hr class=\"linea_abajo\"\/>\n<footer class=\"fuente_info\">\n<p>        <span style=\"float:left;\">Fuente: <strong>ARCHIVO CLAR\u00cdN<\/strong><\/span><br \/>\n        <span style=\"float:right;\"> Infograf\u00eda: <strong>Clar\u00edn<\/strong><\/span><br \/>\n    <\/footer>\n<\/article>\n<\/div>\n<div class=\"sc-80531b6b-0 chRIGJ container-text text-embed\" id=\"element-body-13\">\n<p>La elecci\u00f3n de Benedicto XVI en 2005 y la de Francisco en 2013<strong> tomaron dos d\u00edas<\/strong>. Pero algunos esperan ahora que sea m\u00e1s largo, m\u00e1xime cuando es <strong>el c\u00f3nclave m\u00e1s internacional de la Historia<\/strong> con cardenales procedentes de 70 pa\u00edses.<\/p>\n<\/div>\n<div class=\"sc-80531b6b-0 chRIGJ container-text text-embed\" id=\"element-body-14\">\n<p>Un total de 133 cardenales electores &#8211;menores de 80 a\u00f1os&#8211; participar\u00e1n en la elecci\u00f3n. La mayor\u00eda fueron elevados a este rango durante el pontificado del primer papa latinoamericano.<\/p>\n<\/div>\n<div class=\"sc-80531b6b-0 chRIGJ container-text text-embed\" id=\"element-body-15\">\n<p>Su elevado n\u00famero hizo que la residencia de Santa Marta, donde suelen alojarse desde el c\u00f3nclave de 2005,  <strong>quedara peque\u00f1a<\/strong> y se tuviera que habilitar <strong>un edificio vecino<\/strong>, que suele acoger a funcionarios vaticanos.<\/p>\n<\/div>\n<p><h2>Habitaciones con ba\u00f1o privado y por sorteo<\/h2>\n<\/p>\n<div class=\"sc-80531b6b-0 chRIGJ container-text text-embed\" id=\"element-body-17\">\n<p>Antes de<strong> 2005,<\/strong> los purpurados se alojaban en habitaciones improvisadas en el Palacio Apost\u00f3lico, m\u00e1s inc\u00f3modas y con pocos ba\u00f1os, por lo que el papa Juan Pablo II decidi\u00f3 <strong>construir la actual residencia.<\/strong><\/p>\n<\/div>\n<div class=\"sc-80531b6b-0 chRIGJ container-text text-embed\" id=\"element-body-18\">\n<p>Santa Marta, donde decidi\u00f3 vivir adem\u00e1s Francisco, dispone de<strong> habitaciones con ba\u00f1o privado y servicios similares a los de un hotel.<\/strong> La asignaci\u00f3n de los cuartos a los cardenales se hizo <strong>por sorteo<\/strong>.<\/p>\n<\/div>\n<div class=\"sc-98b114a2-0 bkqiHH image-embed  image-embed \" id=\"element-body-19\"><picture class=\"sc-98b114a2-1 jRUlDm\"><source media=\"(min-width: 975px)\" width=\"720\" height=\"480\" \/><img alt=\"Cardenales en v\u00edsperas del c\u00f3nclave. Foto: Reuters \" loading=\"lazy\" width=\"720\" height=\"480\" decoding=\"async\" data-nimg=\"1\" style=\"color:transparent\" src=\"https:\/\/13.com.ar\/wp-content\/uploads\/2025\/05\/1746539430_37_los-cardenales-ya-se-instalan-en-el-Vaticano-para-elegir.jpg\"\/><span class=\"epigraphe\">Cardenales en v\u00edsperas del c\u00f3nclave. Foto: Reuters <\/span><span class=\"picture-open\"><button class=\"open-image\" aria-label=\"Open Image\"\/><\/span><\/picture><\/div>\n<div class=\"sc-80531b6b-0 chRIGJ container-text text-embed\" id=\"element-body-20\">\n<p>Los purpurados pueden acceder a sus habitaciones desde este martes hasta<strong> la misa del mi\u00e9rcoles en la bas\u00edlica de San Pedro que precede al c\u00f3nclave<\/strong>. Para entonces, deber\u00e1n haber dejado a buen recaudo sus celulares.<\/p>\n<\/div>\n<div class=\"sc-80531b6b-0 chRIGJ container-text text-embed\" id=\"element-body-21\">\n<p>El personal que les prestar\u00e1 apoyo durante la elecci\u00f3n &#8211;m\u00e9dicos, ascensoristas, personal de comedor y de limpieza, etc.&#8211; <strong>tambi\u00e9n jur\u00f3 el lunes guardar el secreto<\/strong> de lo que ocurra, <strong>so pena de excomuni\u00f3n.<\/strong><\/p>\n<\/div>\n<p><h2>Un llamado a la paz en la \u00faltima congregaci\u00f3n<\/h2>\n<\/p>\n<div class=\"sc-80531b6b-0 chRIGJ container-text text-embed\" id=\"element-body-23\">\n<p>Este martes, los purpurados <strong>participaron en su \u00faltima reuni\u00f3n preparatoria <\/strong>que celebran casi a diario desde el deceso de Jorge Mario Bergoglio el 21 de abril y en las que abordan varias cuestiones sobre la Iglesia.<\/p>\n<\/div>\n<div class=\"sc-98b114a2-0 bkqiHH image-embed  image-embed \" id=\"element-body-24\"><picture class=\"sc-98b114a2-1 jRUlDm\"><source media=\"(min-width: 975px)\" width=\"720\" height=\"480\" \/><img alt=\"Polic\u00eda montada custodia la plaza de San Pedro. Foto: Reuters\" loading=\"lazy\" width=\"720\" height=\"480\" decoding=\"async\" data-nimg=\"1\" style=\"color:transparent\" src=\"https:\/\/13.com.ar\/wp-content\/uploads\/2025\/05\/1746539430_218_los-cardenales-ya-se-instalan-en-el-Vaticano-para-elegir.jpg\"\/><span class=\"epigraphe\">Polic\u00eda montada custodia la plaza de San Pedro. Foto: Reuters<\/span><span class=\"picture-open\"><button class=\"open-image\" aria-label=\"Open Image\"\/><\/span><\/picture><\/div>\n<div class=\"sc-80531b6b-0 chRIGJ container-text text-embed\" id=\"element-body-25\">\n<p>A su t\u00e9rmino, <strong>realizaron un llamado a la paz <\/strong>&#8220;en Ucrania, Oriente Medio y muchas otras partes del mundo&#8221;, en una declaraci\u00f3n escrita. La v\u00edspera antes de morir, Francisco hab\u00eda llamado una vez m\u00e1s a<strong> poner fin a los conflictos.<\/strong><\/p>\n<\/div>\n<div class=\"sc-80531b6b-0 chRIGJ container-text text-embed\" id=\"element-body-26\">\n<p>En las reuniones, los cardenales tambi\u00e9n conversaron sobre<strong> las finanzas vaticanas,<\/strong> el esc\u00e1ndalo de las <strong>agresiones sexuales<\/strong>, la <strong>unidad de la Iglesia<\/strong> y el <strong>perfil del pr\u00f3ximo papa<\/strong>, al tiempo que muchos aprovecharon para conocerse.<\/p>\n<\/div>\n<div class=\"sc-80531b6b-0 chRIGJ container-text text-embed\" id=\"element-body-27\">\n<p>Las discusiones alimentan adem\u00e1s su reflexi\u00f3n de cara al voto final en la Capilla Sixtina, ante el fresco del Juicio Final pintado por Miguel \u00c1ngel en el siglo XVI y <strong>a puerta cerrada.<\/strong><\/p>\n<\/div>\n<\/div>\n<p><br \/>\n<br \/><a href=\"https:\/\/www.clarin.com\/mundo\/conclave-2025-cardenales-instalan-vaticano-elegir-sucesor-francisco-eleccion-secreta-mundo_0_ik4er29my9.html\">Fuente Clarin.com <\/a><\/p>\n","protected":false},"excerpt":{"rendered":"<p>Los cardenales empiezan este martes a instalarse en la residencia de Santa Marta y otras dependencias del Vaticano, donde permanecer\u00e1n aislados del mundo durante el C\u00f3nclave hasta elegir al sucesor del papa Francisco. La votaci\u00f3n m\u00e1s secreta del mundo, aislada del mundo y bajo llave, comienza este mi\u00e9rcoles a las 10 de la ma\u00f1ana en [&hellip;]<\/p>\n","protected":false},"author":1,"featured_media":22733,"comment_status":"open","ping_status":"open","sticky":false,"template":"","format":"standard","meta":{"footnotes":""},"categories":[2],"tags":[15464,100,3294,2706,917,16761,28,155,143,16,4719,8233,6447],"class_list":["post-22732","post","type-post","status-publish","format-standard","has-post-thumbnail","hentry","category-ultimas-noticias","tag-cardenales","tag-del","tag-eleccion","tag-elegir","tag-francisco","tag-instalan","tag-los","tag-mas","tag-mundo","tag-para","tag-secreta","tag-sucesor","tag-vaticano"],"_links":{"self":[{"href":"https:\/\/13.com.ar\/index.php\/wp-json\/wp\/v2\/posts\/22732","targetHints":{"allow":["GET"]}}],"collection":[{"href":"https:\/\/13.com.ar\/index.php\/wp-json\/wp\/v2\/posts"}],"about":[{"href":"https:\/\/13.com.ar\/index.php\/wp-json\/wp\/v2\/types\/post"}],"author":[{"embeddable":true,"href":"https:\/\/13.com.ar\/index.php\/wp-json\/wp\/v2\/users\/1"}],"replies":[{"embeddable":true,"href":"https:\/\/13.com.ar\/index.php\/wp-json\/wp\/v2\/comments?post=22732"}],"version-history":[{"count":0,"href":"https:\/\/13.com.ar\/index.php\/wp-json\/wp\/v2\/posts\/22732\/revisions"}],"wp:featuredmedia":[{"embeddable":true,"href":"https:\/\/13.com.ar\/index.php\/wp-json\/wp\/v2\/media\/22733"}],"wp:attachment":[{"href":"https:\/\/13.com.ar\/index.php\/wp-json\/wp\/v2\/media?parent=22732"}],"wp:term":[{"taxonomy":"category","embeddable":true,"href":"https:\/\/13.com.ar\/index.php\/wp-json\/wp\/v2\/categories?post=22732"},{"taxonomy":"post_tag","embeddable":true,"href":"https:\/\/13.com.ar\/index.php\/wp-json\/wp\/v2\/tags?post=22732"}],"curies":[{"name":"wp","href":"https:\/\/api.w.org\/{rel}","templated":true}]}}