{"id":22728,"date":"2025-05-06T10:44:28","date_gmt":"2025-05-06T13:44:28","guid":{"rendered":"https:\/\/13.com.ar\/index.php\/diego-brancatelli-rompio-el-silencio-respecto-a-los-chats-subidos-de-tono-que-le-adjudican\/"},"modified":"2025-05-06T10:44:28","modified_gmt":"2025-05-06T13:44:28","slug":"diego-brancatelli-rompio-el-silencio-respecto-a-los-chats-subidos-de-tono-que-le-adjudican","status":"publish","type":"post","link":"https:\/\/13.com.ar\/index.php\/diego-brancatelli-rompio-el-silencio-respecto-a-los-chats-subidos-de-tono-que-le-adjudican\/","title":{"rendered":"Diego Brancatelli rompi\u00f3 el silencio respecto a los chats subidos de tono que le adjudican"},"content":{"rendered":"<p> <br \/>\n<br \/><img decoding=\"async\" src=\"https:\/\/13.com.ar\/wp-content\/uploads\/2025\/05\/Diego-Brancatelli-rompio-el-silencio-respecto-a-los-chats-subidos.jpg\" \/><\/p>\n<div id=\"element-body-0\">\n<p><strong>Diego Brancatelli <\/strong>se vio involucrado junto a su colega<strong> Luciana Elbusto<\/strong>, en un esc\u00e1ndalo que surgi\u00f3 a ra\u00edz de unos <strong>supuestos chats subidos de tono<\/strong> entre ellos. Ambos rompieron el silencio y<strong> enfrentaron los rumores de romance.<\/strong><\/p>\n<\/div>\n<div id=\"element-body-1\">\n<p>El lunes pasado se filtraron unos supuestos chats entre los periodistas Diego Brancatelli y Luciana Elbusto en el que ambos hablaban con detalles expl\u00edcitos de u<strong>na supuesta relaci\u00f3n sexual<\/strong> que habr\u00edan mantenido.<\/p>\n<\/div>\n<div id=\"element-body-2\">\n<p>Si bien las capturas de pantalla se viralizaron r\u00e1pidamente a lo largo del d\u00eda, ninguno de los dos se hab\u00eda expresado al respecto, hasta el lunes por la noche que <strong>ambos decidieron romper el silencio<\/strong> y enfrentar las versiones.<\/p>\n<\/div>\n<div id=\"element-body-3\">\n<p>Cabe recordar que el periodista<strong> est\u00e1 en pareja con la notera Cecilia Insigna<\/strong>, con quien se conocen desde 2012 y tienen dos hijos en com\u00fan.<\/p>\n<\/div>\n<div id=\"element-body-4\">\n<p>El primero en hacerlo fue Diego quien, tras<strong> ausentarse en el programa<em> Argenzuela <\/em>(C5N)<\/strong>, no pudo eludir las c\u00e1maras de <em>LAM<\/em> (Am\u00e9rica TV).<\/p>\n<\/div>\n<div id=\"element-body-5\">\n<p>El notero <strong>Santiago Riva Roy<\/strong> logr\u00f3 abordar a Brancatelli cuando este estaba en su auto y le pregunt\u00f3 por las pol\u00e9micas conversaciones privadas con su colega.<\/p>\n<\/div>\n<div id=\"element-body-6\">\n<p><strong> &#8220;No voy a hablar, te agradezco&#8221;,<\/strong> fue lo primero que dijo Diego al bajar la ventanilla de su veh\u00edculo. <\/p>\n<\/div>\n<div id=\"element-body-8\">\n<p>Ante las preguntas insistentes del notero del programa de \u00c1ngel de Brito, el periodista asegur\u00f3:<strong> &#8220;Voy a darle explicaciones a quien corresponda&#8221;.<\/strong><\/p>\n<\/div>\n<div id=\"element-body-9\">\n<p>&#8220;No voy a alimentar absolutamente nada<strong>, si vos crees que es real, digan lo que quieran,<\/strong> inventen lo que quieran&#8221;, agreg\u00f3, molesto por la situaci\u00f3n. <\/p>\n<\/div>\n<div id=\"element-body-10\">\n<p>En ese sentido, Santiago le dio su opini\u00f3n y le dijo que para \u00e9l los chats &#8220;eran falsos&#8221;. <\/p>\n<\/div>\n<div id=\"element-body-11\">\n<p>&#8220;Por eso mismo&#8221;, contest\u00f3 el panelista de C5N. <\/p>\n<\/div>\n<div id=\"element-body-13\">\n<p>Sobre su ausencia en el programa de Jorge Rial del pasado lunes, Brancatelli explic\u00f3:<strong> &#8220;Los lunes no voy a <em>Argenzuela<\/em>, nunca&#8221;<\/strong>.<\/p>\n<\/div>\n<div id=\"element-body-14\">\n<p><strong>&#8220;Me dijeron que estabas enfermo&#8221;,<\/strong> le coment\u00f3 Riva Roy sobre los motivos de su faltazo. <\/p>\n<\/div>\n<div id=\"element-body-15\">\n<p><strong>&#8220;S\u00ed, estoy enfermo, tengo 39\u00b0 de fiebre&#8221;<\/strong>, confirm\u00f3 Diego. <\/p>\n<\/div>\n<div id=\"element-body-17\">\n<p>Al ser consultada por las capturas de pantalla que la involucran, la periodista de la <em>revista Paparazzi<\/em> contest\u00f3 tajante: <em>&#8220;Son mentira&#8221;. <\/em><\/p>\n<\/div>\n<div id=\"element-body-18\">\n<p>En di\u00e1logo con el portal de noticias <em>Ciudad.com<\/em>, Luciana asegur\u00f3 que el motivo detr\u00e1s de la filtraci\u00f3n de esos chats era para hacerle da\u00f1o a Brancatelli: \u201cPara m\u00ed, <strong>fue algo que le hicieron a \u00e9l, no a m\u00ed\u201d.<\/strong><\/p>\n<\/div>\n<div id=\"element-body-20\">\n<p>Respecto a la ausencia de Diego en C5N, Elbusto asegur\u00f3: &#8220;No s\u00e9 (por qu\u00e9 falt\u00f3). <strong>La \u00faltima vez que habl\u00e9 con el fue el martes pasado\u201d.<\/strong><\/p>\n<\/div>\n<div id=\"element-body-21\">\n<p>Sobre c\u00f3mo hab\u00edan creado esos chats, la periodista explic\u00f3:<strong> \u201cNi idea si lo hicieron con inteligencia artificial\u201d. <\/strong><\/p>\n<\/div>\n<p><br \/>\n<br \/><a href=\"https:\/\/www.clarin.com\/fama\/diego-brancatelli-rompio-silencio-respecto-chats-subidos-tono-adjudican_0_FAirZvjjRE.html\">Fuente Clarin.com <\/a><\/p>\n","protected":false},"excerpt":{"rendered":"<p>Diego Brancatelli se vio involucrado junto a su colega Luciana Elbusto, en un esc\u00e1ndalo que surgi\u00f3 a ra\u00edz de unos supuestos chats subidos de tono entre ellos. Ambos rompieron el silencio y enfrentaron los rumores de romance. El lunes pasado se filtraron unos supuestos chats entre los periodistas Diego Brancatelli y Luciana Elbusto en el [&hellip;]<\/p>\n","protected":false},"author":1,"featured_media":22729,"comment_status":"open","ping_status":"open","sticky":false,"template":"","format":"standard","meta":{"footnotes":""},"categories":[2],"tags":[17191,16653,6448,880,28,12626,3312,501,11392,5504],"class_list":["post-22728","post","type-post","status-publish","format-standard","has-post-thumbnail","hentry","category-ultimas-noticias","tag-adjudican","tag-brancatelli","tag-chats","tag-diego","tag-los","tag-respecto","tag-rompio","tag-silencio","tag-subidos","tag-tono"],"_links":{"self":[{"href":"https:\/\/13.com.ar\/index.php\/wp-json\/wp\/v2\/posts\/22728","targetHints":{"allow":["GET"]}}],"collection":[{"href":"https:\/\/13.com.ar\/index.php\/wp-json\/wp\/v2\/posts"}],"about":[{"href":"https:\/\/13.com.ar\/index.php\/wp-json\/wp\/v2\/types\/post"}],"author":[{"embeddable":true,"href":"https:\/\/13.com.ar\/index.php\/wp-json\/wp\/v2\/users\/1"}],"replies":[{"embeddable":true,"href":"https:\/\/13.com.ar\/index.php\/wp-json\/wp\/v2\/comments?post=22728"}],"version-history":[{"count":0,"href":"https:\/\/13.com.ar\/index.php\/wp-json\/wp\/v2\/posts\/22728\/revisions"}],"wp:featuredmedia":[{"embeddable":true,"href":"https:\/\/13.com.ar\/index.php\/wp-json\/wp\/v2\/media\/22729"}],"wp:attachment":[{"href":"https:\/\/13.com.ar\/index.php\/wp-json\/wp\/v2\/media?parent=22728"}],"wp:term":[{"taxonomy":"category","embeddable":true,"href":"https:\/\/13.com.ar\/index.php\/wp-json\/wp\/v2\/categories?post=22728"},{"taxonomy":"post_tag","embeddable":true,"href":"https:\/\/13.com.ar\/index.php\/wp-json\/wp\/v2\/tags?post=22728"}],"curies":[{"name":"wp","href":"https:\/\/api.w.org\/{rel}","templated":true}]}}