{"id":22726,"date":"2025-05-06T10:41:30","date_gmt":"2025-05-06T13:41:30","guid":{"rendered":"https:\/\/13.com.ar\/index.php\/oriana-sabatini-y-paulo-dybala-listos-para-dar-el-proximo-paso-estamos-esperando-que-llegue\/"},"modified":"2025-05-06T10:41:30","modified_gmt":"2025-05-06T13:41:30","slug":"oriana-sabatini-y-paulo-dybala-listos-para-dar-el-proximo-paso-estamos-esperando-que-llegue","status":"publish","type":"post","link":"https:\/\/13.com.ar\/index.php\/oriana-sabatini-y-paulo-dybala-listos-para-dar-el-proximo-paso-estamos-esperando-que-llegue\/","title":{"rendered":"Oriana Sabatini y Paulo Dybala, listos para dar el pr\u00f3ximo paso: &#8220;Estamos esperando que llegue&#8221;"},"content":{"rendered":"<p> <br \/>\n<br \/><img decoding=\"async\" src=\"https:\/\/13.com.ar\/wp-content\/uploads\/2025\/05\/Oriana-Sabatini-y-Paulo-Dybala-listos-para-dar-el-proximo.jpg\" \/><\/p>\n<div id=\"element-body-0\">\n<p>A pesar de haber hablado en varias ocasiones sobre sus deseos de convertirse en padres juntos, a diez meses de su lujosa boda, <strong>Oriana Sabatini y Paulo Dybala<\/strong> est\u00e1n listos para dar el siguiente paso en su relaci\u00f3n.<\/p>\n<\/div>\n<div id=\"element-body-1\">\n<p>Es que, a seis a\u00f1os de comenzar su relaci\u00f3n, el futbolista asegur\u00f3 que <strong>est\u00e1n buscando su primer hijo juntos.<\/strong><\/p>\n<\/div>\n<div id=\"element-body-2\">\n<p>Dybala estuvo de invitado en<em> Los Edul,<\/em> el programa conducido por los hermanos Gast\u00f3n y Esteban Edul, en donde habl\u00f3 sobre sus deseos de ser pap\u00e1.<\/p>\n<\/div>\n<div id=\"element-body-3\">\n<p>Paulo ha mencionado<strong> sus ganas de tener un hijo<\/strong> previamente, en di\u00e1logo con su esposa en el podcast que conduce. Habiendo tenido un fuerte v\u00ednculo con su fallecido padre, el jugador de la Roma siempre se vio siendo pap\u00e1.<\/p>\n<\/div>\n<div id=\"element-body-4\">\n<p>A pesar de que<strong> la cantante prefer\u00eda casarse antes de tener un hijo<\/strong>, ahora que ya est\u00e1n llegando al primer a\u00f1o como marido y mujer, Dybala fue consultado por los periodistas acerca de si ten\u00eda pensado ser padre.<\/p>\n<\/div>\n<div id=\"element-body-5\">\n<p><strong>\u201cMe encantar\u00eda, s\u00ed\u201d<\/strong>, respondi\u00f3 r\u00e1pidamente el futbolista, lo que llev\u00f3 a Gast\u00f3n a que le preguntara si todav\u00eda no hab\u00eda ocurrido porque estaban \u201crespetando los tiempos profesionales\u201d, teniendo en cuenta la reciente operaci\u00f3n de tend\u00f3n a la que se someti\u00f3 y la carrera musical de Oriana.<\/p>\n<\/div>\n<div id=\"element-body-7\">\n<p>Lejos de asentir, Paulo lo neg\u00f3 y revel\u00f3: \u201cNo, no. <strong>La verdad es que estamos buscando<\/strong>\u201d. Tras lanzar una p\u00edcara sonrisa, agreg\u00f3:<strong> \u201cEstamos esperando de que llegue, de que agarre, estamos en la b\u00fasqueda\u201d.<\/strong><\/p>\n<\/div>\n<div id=\"element-body-8\">\n<p>\u201cYa hicieron todos los pasos previos, convivencia, casamiento\u2026\u201d, insinu\u00f3 Esteban, pero Dybala confirm\u00f3 lo que su esposa le hab\u00eda dicho a\u00f1os atr\u00e1s<\/p>\n<\/div>\n<div id=\"element-body-9\">\n<p>\u201cNo hemos podido buscar. <strong>Oriana desde el primer d\u00eda me puso los puntos\u2026 <\/strong>primero nos casamos y despu\u00e9s\u2026\u201d, explic\u00f3.<\/p>\n<\/div>\n<div id=\"element-body-11\">\n<p>Y sum\u00f3: \u201c<strong>Yo hubiese buscado desde el principio<\/strong>, pero Oriana siempre quiso que nos casemos\u201d. Adem\u00e1s, Paulo asegur\u00f3 que no est\u00e1n buscando ning\u00fan sexo en particular, sino \u201clo que sea\u201d.<\/p>\n<\/div>\n<div id=\"element-body-12\">\n<p>\u201cOriana viaja mucho y yo tambi\u00e9n, pero <strong>cuando nos encontramos tratamos de buscar<\/strong> para ver si puede llegar, obvio\u201d, cerr\u00f3, revelando que est\u00e1n en una b\u00fasqueda activa por su primer hijo.<\/p>\n<\/div>\n<div id=\"element-body-13\">\n<p>En su entrevista con Sabatini de hace unos meses en <em>A d\u00f3nde vamos cuando so\u00f1amos<\/em> (Spotify y YouTube), el futbolista hab\u00eda dicho que <strong>sent\u00eda \u201cmucha curiosidad\u201d por ver c\u00f3mo iba a ser de padre<\/strong>, ya que el suyo falleci\u00f3 cuando era tan solo un adolescente.<\/p>\n<\/div>\n<div id=\"element-body-15\">\n<p>\u201cSiento que nunca tuve esa figura despu\u00e9s de lo de mi viejo y todos los recuerdos que tengo de \u00e9l son hasta los 15, entonces siento que hasta los 15 voy a ir bien, pero despu\u00e9s no s\u00e9\u201d, se sincer\u00f3.<\/p>\n<\/div>\n<div id=\"element-body-16\">\n<p>Sin embargo, Oriana tom\u00f3 la palabra y lo tranquiliz\u00f3 al decirle que estaba segura de que<strong> iba a ser \u201cincre\u00edble\u201d en ese rol<\/strong>: \u201cTe lo digo yo, de verdad. Estate confiado. Nadie sabe c\u00f3mo ser padre\u201d.<\/p>\n<\/div>\n<div id=\"element-body-17\">\n<p>\u201cTengo curiosidad porque me gustar\u00eda mucho serlo,<strong> siempre quise ser padre y siento que es un buen momento<\/strong>\u201d, cerr\u00f3 \u00e9l.<\/p>\n<\/div>\n<p><br \/>\n<br \/><a href=\"https:\/\/www.clarin.com\/fama\/oriana-sabatini-paulo-dybala-listos-dar-proximo-paso-esperando-llegue_0_GTpxja0vpL.html\">Fuente Clarin.com <\/a><\/p>\n","protected":false},"excerpt":{"rendered":"<p>A pesar de haber hablado en varias ocasiones sobre sus deseos de convertirse en padres juntos, a diez meses de su lujosa boda, Oriana Sabatini y Paulo Dybala est\u00e1n listos para dar el siguiente paso en su relaci\u00f3n. Es que, a seis a\u00f1os de comenzar su relaci\u00f3n, el futbolista asegur\u00f3 que est\u00e1n buscando su primer [&hellip;]<\/p>\n","protected":false},"author":1,"featured_media":22727,"comment_status":"open","ping_status":"open","sticky":false,"template":"","format":"standard","meta":{"footnotes":""},"categories":[2],"tags":[2470,11275,8081,4376,14104,9136,874,16,158,11274,3308,11038],"class_list":["post-22726","post","type-post","status-publish","format-standard","has-post-thumbnail","hentry","category-ultimas-noticias","tag-dar","tag-dybala","tag-esperando","tag-estamos","tag-listos","tag-llegue","tag-oriana","tag-para","tag-paso","tag-paulo","tag-proximo","tag-sabatini"],"_links":{"self":[{"href":"https:\/\/13.com.ar\/index.php\/wp-json\/wp\/v2\/posts\/22726","targetHints":{"allow":["GET"]}}],"collection":[{"href":"https:\/\/13.com.ar\/index.php\/wp-json\/wp\/v2\/posts"}],"about":[{"href":"https:\/\/13.com.ar\/index.php\/wp-json\/wp\/v2\/types\/post"}],"author":[{"embeddable":true,"href":"https:\/\/13.com.ar\/index.php\/wp-json\/wp\/v2\/users\/1"}],"replies":[{"embeddable":true,"href":"https:\/\/13.com.ar\/index.php\/wp-json\/wp\/v2\/comments?post=22726"}],"version-history":[{"count":0,"href":"https:\/\/13.com.ar\/index.php\/wp-json\/wp\/v2\/posts\/22726\/revisions"}],"wp:featuredmedia":[{"embeddable":true,"href":"https:\/\/13.com.ar\/index.php\/wp-json\/wp\/v2\/media\/22727"}],"wp:attachment":[{"href":"https:\/\/13.com.ar\/index.php\/wp-json\/wp\/v2\/media?parent=22726"}],"wp:term":[{"taxonomy":"category","embeddable":true,"href":"https:\/\/13.com.ar\/index.php\/wp-json\/wp\/v2\/categories?post=22726"},{"taxonomy":"post_tag","embeddable":true,"href":"https:\/\/13.com.ar\/index.php\/wp-json\/wp\/v2\/tags?post=22726"}],"curies":[{"name":"wp","href":"https:\/\/api.w.org\/{rel}","templated":true}]}}