{"id":22724,"date":"2025-05-06T10:38:33","date_gmt":"2025-05-06T13:38:33","guid":{"rendered":"https:\/\/13.com.ar\/index.php\/el-mundo-doblemente-deformado-de-los-agujeros-negros-binarios\/"},"modified":"2025-05-06T10:38:33","modified_gmt":"2025-05-06T13:38:33","slug":"el-mundo-doblemente-deformado-de-los-agujeros-negros-binarios","status":"publish","type":"post","link":"https:\/\/13.com.ar\/index.php\/el-mundo-doblemente-deformado-de-los-agujeros-negros-binarios\/","title":{"rendered":"el mundo doblemente deformado de los agujeros negros binarios"},"content":{"rendered":"<p> <br \/>\n<br \/><img decoding=\"async\" src=\"https:\/\/13.com.ar\/wp-content\/uploads\/2025\/05\/el-mundo-doblemente-deformado-de-los-agujeros-negros-binarios.jpg\" \/><\/p>\n<div id=\"element-body-0\">\n<p>Si un agujero negro se ve extra\u00f1o, \u00bfqu\u00e9 pasa con dos?.<\/p>\n<\/div>\n<div id=\"element-body-1\">\n<p>Los rayos de luz de los discos de acreci\u00f3n alrededor de un par de agujeros negros supermasivos en \u00f3rbita se abren paso a trav\u00e9s del espacio-tiempo deformado producido por la gravedad extrema en esta visualizaci\u00f3n por computadora detallada. <\/p>\n<\/div>\n<div id=\"element-body-2\">\n<p>A los discos de acreci\u00f3n simulados se les han dado diferentes esquemas de color falso , <strong>rojo <\/strong>para el disco que rodea a un agujero negro de 200 millones de masas solares y <strong>azul <\/strong>para el disco que rodea a un agujero negro de 100 millones de masas solares. <\/p>\n<\/div>\n<div id=\"element-body-4\">\n<p>Sin embargo, para estas masas, ambos discos de acreci\u00f3n en realidad emitir\u00edan la mayor parte de su luz en el ultravioleta. <\/p>\n<\/div>\n<div id=\"element-body-5\">\n<p>El video nos permite ver ambos lados de cada agujero negro al mismo tiempo. La luz roja y azul que se origina en ambos agujeros negros se puede ver en el anillo de luz m\u00e1s interno, llamado esfera de fotones, cerca de sus horizontes de eventos. <\/p>\n<\/div>\n<div id=\"element-body-6\">\n<p>En la \u00faltima d\u00e9cada, se han detectado ondas gravitacionales de colisiones de agujeros negros, aunque la coalescencia de los agujeros negros supermasivos permanece sin descubrir.<\/p>\n<\/div>\n<p><br \/>\n<br \/><a href=\"https:\/\/www.clarin.com\/viste\/foto-nasa-dia-mundo-doblemente-deformado-agujeros-negros-binarios_0_gZoW1AF1JZ.html\">Fuente Clarin.com <\/a><\/p>\n","protected":false},"excerpt":{"rendered":"<p>Si un agujero negro se ve extra\u00f1o, \u00bfqu\u00e9 pasa con dos?. Los rayos de luz de los discos de acreci\u00f3n alrededor de un par de agujeros negros supermasivos en \u00f3rbita se abren paso a trav\u00e9s del espacio-tiempo deformado producido por la gravedad extrema en esta visualizaci\u00f3n por computadora detallada. A los discos de acreci\u00f3n simulados [&hellip;]<\/p>\n","protected":false},"author":1,"featured_media":22725,"comment_status":"open","ping_status":"open","sticky":false,"template":"","format":"standard","meta":{"footnotes":""},"categories":[2],"tags":[3865,17190,17189,17188,28,143,4238],"class_list":["post-22724","post","type-post","status-publish","format-standard","has-post-thumbnail","hentry","category-ultimas-noticias","tag-agujeros","tag-binarios","tag-deformado","tag-doblemente","tag-los","tag-mundo","tag-negros"],"_links":{"self":[{"href":"https:\/\/13.com.ar\/index.php\/wp-json\/wp\/v2\/posts\/22724","targetHints":{"allow":["GET"]}}],"collection":[{"href":"https:\/\/13.com.ar\/index.php\/wp-json\/wp\/v2\/posts"}],"about":[{"href":"https:\/\/13.com.ar\/index.php\/wp-json\/wp\/v2\/types\/post"}],"author":[{"embeddable":true,"href":"https:\/\/13.com.ar\/index.php\/wp-json\/wp\/v2\/users\/1"}],"replies":[{"embeddable":true,"href":"https:\/\/13.com.ar\/index.php\/wp-json\/wp\/v2\/comments?post=22724"}],"version-history":[{"count":0,"href":"https:\/\/13.com.ar\/index.php\/wp-json\/wp\/v2\/posts\/22724\/revisions"}],"wp:featuredmedia":[{"embeddable":true,"href":"https:\/\/13.com.ar\/index.php\/wp-json\/wp\/v2\/media\/22725"}],"wp:attachment":[{"href":"https:\/\/13.com.ar\/index.php\/wp-json\/wp\/v2\/media?parent=22724"}],"wp:term":[{"taxonomy":"category","embeddable":true,"href":"https:\/\/13.com.ar\/index.php\/wp-json\/wp\/v2\/categories?post=22724"},{"taxonomy":"post_tag","embeddable":true,"href":"https:\/\/13.com.ar\/index.php\/wp-json\/wp\/v2\/tags?post=22724"}],"curies":[{"name":"wp","href":"https:\/\/api.w.org\/{rel}","templated":true}]}}