{"id":22722,"date":"2025-05-06T10:35:30","date_gmt":"2025-05-06T13:35:30","guid":{"rendered":"https:\/\/13.com.ar\/index.php\/avanza-una-investigacion-por-evasion-y-enriquecimiento-ilicito-contra-un-ex-gobernador-de-corrientes\/"},"modified":"2025-05-06T10:35:30","modified_gmt":"2025-05-06T13:35:30","slug":"avanza-una-investigacion-por-evasion-y-enriquecimiento-ilicito-contra-un-ex-gobernador-de-corrientes","status":"publish","type":"post","link":"https:\/\/13.com.ar\/index.php\/avanza-una-investigacion-por-evasion-y-enriquecimiento-ilicito-contra-un-ex-gobernador-de-corrientes\/","title":{"rendered":"Avanza una investigaci\u00f3n por evasi\u00f3n y enriquecimiento il\u00edcito contra un ex gobernador de Corrientes"},"content":{"rendered":"<p> <br \/>\n<br \/><img decoding=\"async\" src=\"https:\/\/13.com.ar\/wp-content\/uploads\/2025\/05\/Avanza-una-investigacion-por-evasion-y-enriquecimiento-ilicito-contra-un.jpg\" \/><\/p>\n<div id=\"element-body-0\">\n<p>La Justicia Federal orden\u00f3 el levantamiento del secreto fiscal sobre el patrimonio de <strong>Ricardo Colombi<\/strong>, ex gobernador de Corrientes que est\u00e1 siendo <strong>investigado por enriquecimiento il\u00edcito.<\/strong><\/p>\n<\/div>\n<div id=\"element-body-1\">\n<p>La medida fue tomada por <strong>el juez Federal 2 de Corrientes Juan Carlos Vallejo<\/strong>. En el mismo expediente, el juez Vallejo <strong>tambi\u00e9n orden\u00f3 las mismas actuaciones contra Hern\u00e1n Marcelo Laslo y Mar\u00eda Helena Hadad, <\/strong>en el marco de una causa por presunto enriquecimiento il\u00edcito, evasi\u00f3n agravada, falsedad ideol\u00f3gica, abuso de autoridad y asociaci\u00f3n il\u00edcita.<\/p>\n<\/div>\n<div id=\"element-body-2\">\n<p><strong>La causa estaba semiparalizada desde hace dos a\u00f1os<\/strong> y ahora el juez reflot\u00f3 estas medidas que permiten avanzar con el expediente. <strong>En 2022, la Corte Suprema de Justicia hab\u00eda ordenado seguir investigando a Colombi<\/strong> en el caso por presunto enriquecimiento il\u00edcito. Lo hizo tras anular el sobreseimiento de una mujer acusada de ser una presunta testaferro del ex gobernador.<\/p>\n<\/div>\n<div id=\"element-body-3\">\n<p>El levantamiento del secreto fiscal y bancario fue solicitado para reunir evidencias en una investigaci\u00f3n que apunta a <strong>dos operaciones inmobiliarias realizadas entre 2006 y 2007, en las que dos propiedades habr\u00edan sido adquiridas de manera irregular a favor de Colombi<\/strong> mediante una supuesta maniobra de donaciones realizadas por Laslo y Hadad quienes en realidad ser\u00edan los testaferros de Colombi.<\/p>\n<\/div>\n<div id=\"element-body-4\">\n<p>Estas operaciones se vinculan adem\u00e1s con la causa por la financiera ilegal Pyramis, donde se investiga por <strong>presunto enriquecimiento il\u00edcito tambi\u00e9n al actual presidente de la C\u00e1mara de Diputados de Corrientes, Pedro Cassani<\/strong>, y a su hijo, luego de que en allanamientos se encontraran fondos a su nombre.<\/p>\n<\/div>\n<div id=\"element-body-6\">\n<p>El expediente estuvo paralizado pese a que en abril de 2023 la C\u00e1mara Federal de Apelaciones de Corrientes, <strong>en l\u00ednea con la Corte Suprema, hab\u00eda ordenado reactivar la investigaci\u00f3n en el fuero federal,<\/strong> dejando sin efecto una decisi\u00f3n previa del Juzgado de Paso de los Libres que hab\u00eda intentado derivarlo a la justicia provincial.<\/p>\n<\/div>\n<div id=\"element-body-7\">\n<p>Las pruebas reunidas por la fiscal\u00eda y la Procuradur\u00eda de Investigaciones Administrativas indican que <strong>Colombi habr\u00eda adquirido los inmuebles con fondos de origen dudoso,<\/strong> y que existe una posible conexi\u00f3n con la maniobra financiera irregular investigada en Pyramis, lo que configura una hip\u00f3tesis de enriquecimiento il\u00edcito, lavado de activos y evasi\u00f3n tributaria agravada.<\/p>\n<\/div>\n<p><br \/>\n<br \/><a href=\"https:\/\/www.clarin.com\/politica\/avanza-investigacion-evasion-enriquecimiento-ilicito-ex-gobernador-corrientes_0_yC5tKyv1cP.html\">Fuente Clarin.com <\/a><\/p>\n","protected":false},"excerpt":{"rendered":"<p>La Justicia Federal orden\u00f3 el levantamiento del secreto fiscal sobre el patrimonio de Ricardo Colombi, ex gobernador de Corrientes que est\u00e1 siendo investigado por enriquecimiento il\u00edcito. La medida fue tomada por el juez Federal 2 de Corrientes Juan Carlos Vallejo. En el mismo expediente, el juez Vallejo tambi\u00e9n orden\u00f3 las mismas actuaciones contra Hern\u00e1n Marcelo [&hellip;]<\/p>\n","protected":false},"author":1,"featured_media":22723,"comment_status":"open","ping_status":"open","sticky":false,"template":"","format":"standard","meta":{"footnotes":""},"categories":[2],"tags":[253,835,1322,5710,17187,1321,5711,1362,142,73],"class_list":["post-22722","post","type-post","status-publish","format-standard","has-post-thumbnail","hentry","category-ultimas-noticias","tag-avanza","tag-contra","tag-corrientes","tag-enriquecimiento","tag-evasion","tag-gobernador","tag-ilicito","tag-investigacion","tag-por","tag-una"],"_links":{"self":[{"href":"https:\/\/13.com.ar\/index.php\/wp-json\/wp\/v2\/posts\/22722","targetHints":{"allow":["GET"]}}],"collection":[{"href":"https:\/\/13.com.ar\/index.php\/wp-json\/wp\/v2\/posts"}],"about":[{"href":"https:\/\/13.com.ar\/index.php\/wp-json\/wp\/v2\/types\/post"}],"author":[{"embeddable":true,"href":"https:\/\/13.com.ar\/index.php\/wp-json\/wp\/v2\/users\/1"}],"replies":[{"embeddable":true,"href":"https:\/\/13.com.ar\/index.php\/wp-json\/wp\/v2\/comments?post=22722"}],"version-history":[{"count":0,"href":"https:\/\/13.com.ar\/index.php\/wp-json\/wp\/v2\/posts\/22722\/revisions"}],"wp:featuredmedia":[{"embeddable":true,"href":"https:\/\/13.com.ar\/index.php\/wp-json\/wp\/v2\/media\/22723"}],"wp:attachment":[{"href":"https:\/\/13.com.ar\/index.php\/wp-json\/wp\/v2\/media?parent=22722"}],"wp:term":[{"taxonomy":"category","embeddable":true,"href":"https:\/\/13.com.ar\/index.php\/wp-json\/wp\/v2\/categories?post=22722"},{"taxonomy":"post_tag","embeddable":true,"href":"https:\/\/13.com.ar\/index.php\/wp-json\/wp\/v2\/tags?post=22722"}],"curies":[{"name":"wp","href":"https:\/\/api.w.org\/{rel}","templated":true}]}}