{"id":22720,"date":"2025-05-06T10:32:30","date_gmt":"2025-05-06T13:32:30","guid":{"rendered":"https:\/\/13.com.ar\/index.php\/cumbre-de-gobernadores-en-medio-de-la-tension-entre-las-provincias-y-nacion-por-el-proyecto-para-cambiar-el-iva\/"},"modified":"2025-05-06T10:32:30","modified_gmt":"2025-05-06T13:32:30","slug":"cumbre-de-gobernadores-en-medio-de-la-tension-entre-las-provincias-y-nacion-por-el-proyecto-para-cambiar-el-iva","status":"publish","type":"post","link":"https:\/\/13.com.ar\/index.php\/cumbre-de-gobernadores-en-medio-de-la-tension-entre-las-provincias-y-nacion-por-el-proyecto-para-cambiar-el-iva\/","title":{"rendered":"Cumbre de gobernadores en medio de la tensi\u00f3n entre las provincias y Naci\u00f3n por el proyecto para cambiar el IVA"},"content":{"rendered":"<p> <br \/>\n<br \/><img decoding=\"async\" src=\"https:\/\/13.com.ar\/wp-content\/uploads\/2025\/05\/Cumbre-de-gobernadores-en-medio-de-la-tension-entre-las.jpg\" \/><\/p>\n<div id=\"element-body-0\">\n<p>En medio de las tensiones con el gobierno de Javier Milei, ante la falta de financiamiento de obras y un proyecto para cambiar el IVA, un grupo de<strong> seis gobernadores<\/strong> de distintos espacios pol\u00edticos se re\u00fane en <strong>Entre R\u00edos<\/strong> para participar de una jornada organizada por el mandatario local, Rogelio Frigerio, y el Consejo Federal de Inversiones (CFI).<\/p>\n<\/div>\n<div id=\"element-body-1\">\n<p>&#8220;Es una de las reuniones que habitualmente hace el CFI y sirve para<strong> intercambiar realidades<\/strong>. Adem\u00e1s, es de los pocos organismos que financia proyectos y para nosotros son muy importantes&#8221;, detall\u00f3 a<strong> Clar\u00edn<\/strong> una fuente cercana a uno de los mandatarios provinciales que se encuentra presente.<\/p>\n<\/div>\n<div id=\"element-body-2\">\n<p>El encuentro cuenta con la participaci\u00f3n de los gobernadores <strong>Axel Kicillof<\/strong> (Buenos Aires), <strong>Ignacio Torres<\/strong> (Chubut), <strong>Maximiliano Pullaro<\/strong> (Santa Fe), <strong>Ra\u00fal Jalil <\/strong>(Catamarca) y<strong> Sergio Ziliotto <\/strong>(La Pampa). Adem\u00e1s, estar\u00e1 presente el titular del CFI, Ignacio Lamothe.<\/p>\n<\/div>\n<div id=\"element-body-3\">\n<p>Seg\u00fan detallaron a este diario, la jornada que se realiza este martes Centro Provincial de Convenciones de Paran\u00e1 bajo el lema &#8220;Una hoja de ruta hacia un futuro federal&#8221;, no habr\u00e1 como resultado final un documento conjunto sino que ser\u00e1 un espacio en el que &#8220;cada gobernador plantear\u00e1 su posici\u00f3n sobre varios temas, S\u00faper IVA incluido&#8221;.<\/p>\n<\/div>\n<div id=\"element-body-4\">\n<p>La reuni\u00f3n tendr\u00e1 lugar en momentos de gran preocupaci\u00f3n para los gobernadores, ya que el Ejecutivo nacional volvi\u00f3 a reflotar su proyecto de reforma tributaria con la mira puesta en el IVA. La idea es crear un esquema de al\u00edcuotas diferenciadas entre Naci\u00f3n y provincias para que estas \u00faltimas compitan por reducir la carga del tributo y as\u00ed atraer inversiones, con un sistema de reparto de recaudaci\u00f3n diferente al vigente.<\/p>\n<\/div>\n<div id=\"element-body-5\">\n<p>&#8220;Vamos a dividir el IVA entre Naci\u00f3n y provincia. Nosotros cobrar\u00edamos lo que le corresponde a Naci\u00f3n, aproximadamente un 9% sobre el 21% que constituye actualmente el IVA. Las provincias, por su parte, establecer\u00e1n su propio porcentaje de IVA&#8221;, explic\u00f3 el ministro de Econom\u00eda, Luis Caputo, en una entrevista con el streaming La Casa.<\/p>\n<\/div>\n<div id=\"element-body-6\">\n<p>El IVA es la principal fuente de recaudaci\u00f3n y grava el consumo de bienes y servicios en todo el territorio, incluida la mayor\u00eda de las transacciones comerciales, con una al\u00edcuota general del 21%. Y lo recaudado se coparticipa entre Naci\u00f3n (46%) y las provincias y CABA (54%). <\/p>\n<\/div>\n<div id=\"element-body-7\">\n<p><strong>&#8220;Cada uno va a expresar su mirada, pero no habr\u00e1 firma de documento ni comunicado<\/strong>&#8220;, indicaron a <strong>Clar\u00edn<\/strong> fuentes al tanto de la organizaci\u00f3n de la actividad, quienes consideraron que &#8220;es muy dif\u00edcil que Frigerio,Torres y Pullaro est\u00e9n de acuerdo con Kicillof en la mirada productiva&#8221;.<\/p>\n<\/div>\n<div id=\"element-body-8\">\n<p>Respecto de la posibilidad de que los seis gobernadores emitan una declaraci\u00f3n conjunta para fijar posici\u00f3n acerca del nuevo proyecto para cambiar el IVA, las fuentes consultadas lo consideraron poco probable, pero sostuvieron que &#8220;seguramente puedan plantear algo del tema impositivo en sus discursos&#8221;.<\/p>\n<\/div>\n<div id=\"element-body-9\">\n<p>Desde la administraci\u00f3n platense consideraron que &#8220;son espacios necesarios en este contexto tan adverso y con un Gobierno nacional que solo frena todas las obras y proyectos y tiene cero esp\u00edritu federal&#8221;.<\/p>\n<\/div>\n<div id=\"element-body-10\">\n<p>&#8220;Nosotros venimos marcando nuestra forma de entender el federalismo desde que comenz\u00f3 el gobierno de Milei. Colaboramos y hemos recibido colaboraci\u00f3n de todas las provincias. Axel lo hizo con Santa Fe con patrulleros, con Chubut con ambulancias, ante emergencias de incendio con Corrientes y muchas nos han ayudado cuando fue la inundaci\u00f3n en Bah\u00eda Blanca&#8221;, subrayaron desde el entorno del gobernador bonaerense.<\/p>\n<\/div>\n<p><br \/>\n<br \/><a href=\"https:\/\/www.clarin.com\/politica\/cumbre-gobernadores-medio-tension-provincias-nacion-proyecto-cambiar-iva_0_kyFBi5ajKL.html\">Fuente Clarin.com <\/a><\/p>\n","protected":false},"excerpt":{"rendered":"<p>En medio de las tensiones con el gobierno de Javier Milei, ante la falta de financiamiento de obras y un proyecto para cambiar el IVA, un grupo de seis gobernadores de distintos espacios pol\u00edticos se re\u00fane en Entre R\u00edos para participar de una jornada organizada por el mandatario local, Rogelio Frigerio, y el Consejo Federal [&hellip;]<\/p>\n","protected":false},"author":1,"featured_media":22721,"comment_status":"open","ping_status":"open","sticky":false,"template":"","format":"standard","meta":{"footnotes":""},"categories":[2],"tags":[1150,2819,351,2769,10338,48,1224,1240,16,142,49,257,1264],"class_list":["post-22720","post","type-post","status-publish","format-standard","has-post-thumbnail","hentry","category-ultimas-noticias","tag-cambiar","tag-cumbre","tag-entre","tag-gobernadores","tag-iva","tag-las","tag-medio","tag-nacion","tag-para","tag-por","tag-provincias","tag-proyecto","tag-tension"],"_links":{"self":[{"href":"https:\/\/13.com.ar\/index.php\/wp-json\/wp\/v2\/posts\/22720","targetHints":{"allow":["GET"]}}],"collection":[{"href":"https:\/\/13.com.ar\/index.php\/wp-json\/wp\/v2\/posts"}],"about":[{"href":"https:\/\/13.com.ar\/index.php\/wp-json\/wp\/v2\/types\/post"}],"author":[{"embeddable":true,"href":"https:\/\/13.com.ar\/index.php\/wp-json\/wp\/v2\/users\/1"}],"replies":[{"embeddable":true,"href":"https:\/\/13.com.ar\/index.php\/wp-json\/wp\/v2\/comments?post=22720"}],"version-history":[{"count":0,"href":"https:\/\/13.com.ar\/index.php\/wp-json\/wp\/v2\/posts\/22720\/revisions"}],"wp:featuredmedia":[{"embeddable":true,"href":"https:\/\/13.com.ar\/index.php\/wp-json\/wp\/v2\/media\/22721"}],"wp:attachment":[{"href":"https:\/\/13.com.ar\/index.php\/wp-json\/wp\/v2\/media?parent=22720"}],"wp:term":[{"taxonomy":"category","embeddable":true,"href":"https:\/\/13.com.ar\/index.php\/wp-json\/wp\/v2\/categories?post=22720"},{"taxonomy":"post_tag","embeddable":true,"href":"https:\/\/13.com.ar\/index.php\/wp-json\/wp\/v2\/tags?post=22720"}],"curies":[{"name":"wp","href":"https:\/\/api.w.org\/{rel}","templated":true}]}}