{"id":2268,"date":"2025-02-05T15:46:30","date_gmt":"2025-02-05T18:46:30","guid":{"rendered":"https:\/\/13.com.ar\/index.php\/la-acusan-de-un-nuevo-robo-y-sospechan-que-es-parte-de-una-banda-dedicada-a-entrar-en-casas\/"},"modified":"2025-02-05T15:46:30","modified_gmt":"2025-02-05T18:46:30","slug":"la-acusan-de-un-nuevo-robo-y-sospechan-que-es-parte-de-una-banda-dedicada-a-entrar-en-casas","status":"publish","type":"post","link":"https:\/\/13.com.ar\/index.php\/la-acusan-de-un-nuevo-robo-y-sospechan-que-es-parte-de-una-banda-dedicada-a-entrar-en-casas\/","title":{"rendered":"la acusan de un nuevo robo y sospechan que es parte de una banda dedicada a entrar en casas"},"content":{"rendered":"<p> <br \/>\n<\/p>\n<div id=\"cuerpo\">\n<div class=\"sc-80531b6b-0 chRIGJ container-text text-embed\">\n<p><strong>Morena Rial<\/strong> (25) pas\u00f3 la noche en una oficina de la Comisar\u00eda 1B. No est\u00e1 \u201cingresada\u201d ni en una celda por una cuesti\u00f3n jurisdiccional: la detuvo la Polic\u00eda de la Ciudad pero por una causa que se tramita en la Provincia. Fue alrededor de las 3 de la ma\u00f1ana de este mi\u00e9rcoles en Cerrito al 400 que la detectaron. Est\u00e1 acusada de <strong>integrar una banda dedicada a cometer robos <\/strong>a casas bajo la modalidad de escruche.<\/p>\n<\/div>\n<div class=\"sc-80531b6b-0 chRIGJ container-text text-embed\">\n<p>Todo empez\u00f3 el 18 de enero cuando un vecino sufri\u00f3 un <strong>robo en su casa de Villa Adelina, partido de San Isidro<\/strong>. Los due\u00f1os denunciaron en la Comisar\u00eda N\u00b0 8 que hab\u00edan roto una ventana e ingresado a su casa: se llevaron lo que encontraron, alhajas y elementos de valor.<\/p>\n<\/div>\n<div class=\"sc-80531b6b-0 chRIGJ container-text text-embed\">\n<p>La polic\u00eda empez\u00f3 a buscar a los ladrones a trav\u00e9s de las c\u00e1maras de seguridad del barrio y fue as\u00ed que detectaron <strong>un auto blanco<\/strong>.<\/p>\n<\/div>\n<div class=\"sc-80531b6b-0 chRIGJ container-text text-embed\">\n<p>El <strong>Peugeot 206 o 207<\/strong>, que no ha sido identificado (no se sabe si es robado), habr\u00eda sido conducido por Morena Rial y por eso es que la Justicia pidi\u00f3 su detenci\u00f3n. En los videos de las c\u00e1maras de seguridad los investigadores lograron identificarla f\u00e1cilmente por su perfil p\u00fablico y apuntaron a ella.<\/p>\n<\/div>\n<div class=\"sc-80531b6b-0 chRIGJ container-text text-embed\">\n<p>Ser\u00e1 clave el an\u00e1lisis de su celular, que fue secuestrado durante su detenci\u00f3n, para intentar identificar a sus c\u00f3mplices.<\/p>\n<\/div>\n<div class=\"sc-198be8ec-0 cynXbu image-embed  image-embed \"><picture class=\"sc-198be8ec-1 kOjRiQ\"><source media=\"(min-width: 975px)\" width=\"720\" height=\"480\" \/><img alt=\"Tras la detenci\u00f3n, Morena Rial volvi\u00f3 a las redes con una frase desafiante: &quot;Que la cuenten como quieran&quot;\" loading=\"lazy\" width=\"720\" height=\"480\" decoding=\"async\" data-nimg=\"1\" style=\"color:transparent\" src=\"https:\/\/13.com.ar\/wp-content\/uploads\/2025\/02\/la-acusan-de-un-nuevo-robo-y-sospechan-que-es.jpg\"\/><span class=\"epigraphe\">Tras la detenci\u00f3n, Morena Rial volvi\u00f3 a las redes con una frase desafiante: &#8220;Que la cuenten como quieran&#8221;<\/span><span class=\"bkg\"\/><span class=\"picture-open\"><button class=\"open-image\" aria-label=\"Open Image\"\/><\/span><\/picture><\/div>\n<div class=\"sc-80531b6b-0 chRIGJ container-text text-embed\">\n<p>El robo lo habr\u00edan concretado <strong>dos hombres y dos mujeres<\/strong>, Morena Rial habr\u00eda quedado registrada bajando del coche y subi\u00e9ndose al volante, por eso creen que su rol ser\u00eda de campana o de conductora de la banda.<\/p>\n<\/div>\n<div class=\"sc-80531b6b-0 chRIGJ container-text text-embed\">\n<p>La investigaci\u00f3n la lleva adelante la Fiscal\u00eda de Mart\u00ednez, a cargo del fiscal general adjunto de San Isidro, Patricio Ferrari, junto a la Superintendencia de Seguridad Regi\u00f3n AMBA Norte 1 de la Polic\u00eda Bonaerense, al mando del comisario mayor Lucas Borge.<\/p>\n<\/div>\n<div class=\"sc-80531b6b-0 chRIGJ container-text text-embed\">\n<p>Sobre Morena Rial ya pesaba una orden de captura y la detuvieron despu\u00e9s de establecer los lugares que frecuentaba. <\/p>\n<\/div>\n<p><h2>Modus operandi<\/h2>\n<\/p>\n<div class=\"sc-80531b6b-0 chRIGJ container-text text-embed\">\n<p>Hace 10 d\u00edas Morena Rial ya hab\u00eda sido detenida por un hecho similar, aunque no hab\u00edan podido concretar el robo. <\/p>\n<\/div>\n<div class=\"sc-198be8ec-0 cynXbu image-embed  image-embed \"><picture class=\"sc-198be8ec-1 kOjRiQ\"><source media=\"(min-width: 975px)\" width=\"720\" height=\"480\" \/><img alt=\"More Rial pas\u00f3 la noche en la Comisar\u00eda 1B de la Polic\u00eda de la Ciudad. Foto Maxi Failla\" loading=\"lazy\" width=\"720\" height=\"480\" decoding=\"async\" data-nimg=\"1\" style=\"color:transparent\" src=\"https:\/\/13.com.ar\/wp-content\/uploads\/2025\/02\/1738781190_395_la-acusan-de-un-nuevo-robo-y-sospechan-que-es.jpg\"\/><span class=\"epigraphe\">More Rial pas\u00f3 la noche en la Comisar\u00eda 1B de la Polic\u00eda de la Ciudad. Foto Maxi Failla<\/span><span class=\"bkg\"\/><span class=\"picture-open\"><button class=\"open-image\" aria-label=\"Open Image\"\/><\/span><\/picture><\/div>\n<div class=\"sc-80531b6b-0 chRIGJ container-text text-embed\">\n<p><strong>Tambi\u00e9n junto dos hombres y otra mujer y junto a su beb\u00e9 <\/strong>hab\u00eda sido demorada luego de estar arriba de un auto apuntado por otro intento de escruche. Ese episodio fue en en Mart\u00ednez, tambi\u00e9n en el partido de San Isidro.<\/p>\n<\/div>\n<div class=\"sc-80531b6b-0 chRIGJ container-text text-embed\">\n<p>Una de las personas que estaba con la hija de Rial qued\u00f3 detenida luego de que la polic\u00eda estableciera que ten\u00eda pedido de captura activo. Se trata de<strong> Lautaro Tom\u00e1s Ledesma (22)<\/strong>, que era buscado por ingresar a una casa en mayo del 2023, en San Mart\u00edn.<\/p>\n<\/div>\n<div class=\"sc-80531b6b-0 chRIGJ container-text text-embed\">\n<p>Lo cierto es que en esta oportunidad Morena Rial habr\u00eda estado involucrado en un hecho muy similar al que ahora volvi\u00f3 a dejarla detenida.<\/p>\n<\/div>\n<div class=\"sc-ad4aedf2-0 dPPgNJ border-video video-embed horizontal border-video video-embed horizontal\">\n<div class=\"sc-ad4aedf2-1 hnFuni videoText videoText\">\n<h2>Video<\/h2>\n<p>Qu\u00e9 pericia clave puede complicar la situaci\u00f3n de Morena Rial<\/p>\n<\/div>\n<\/div>\n<div class=\"sc-80531b6b-0 chRIGJ container-text text-embed\">\n<p>Vecinos de Mart\u00ednez denunciaron que estaban circulando de manera sospechosa a bordo de un <strong>Fiat Cronos gris<\/strong>. Y uno de ellos, que no ten\u00eda electricidad en su casa, los hab\u00eda detectado bajando la t\u00e9rmica.<\/p>\n<\/div>\n<div class=\"sc-80531b6b-0 chRIGJ container-text text-embed\">\n<p>A los sospechosos se les secuestraron guantes, un criquet, destornilladores y pasamonta\u00f1as.<\/p>\n<\/div>\n<div class=\"sc-80531b6b-0 chRIGJ container-text text-embed\">\n<p>Fue cerca de las 19 que sobre Yapey\u00fa al 4100, en Mart\u00ednez. Del auto que -se supo despu\u00e9s- manejaba Morena Rial, bajaron dos j\u00f3venes a una propiedad que no tiene rejas. Ingresaron al jard\u00edn delantero y <strong>bajaron la t\u00e9rmica para que se cortara la luz.<\/strong> En ese momento el Cronos se adelant\u00f3 unos metros.<\/p>\n<\/div>\n<div class=\"sc-80531b6b-0 chRIGJ container-text text-embed\">\n<p>Los j\u00f3venes se quedaron mirando hacia adentro de la casa para ver si hab\u00eda movimiento. La due\u00f1a de la propiedad cont\u00f3 que estaba dentro en la casa cuando se produjo el <strong>apag\u00f3n<\/strong>, pero que no sali\u00f3 para ver si hab\u00eda pasado lo mismo en el barrio, sino que pregunt\u00f3 por tel\u00e9fono a sus vecinos.<\/p>\n<\/div>\n<div class=\"sc-ad4aedf2-0 dPPgNJ border-video video-embed horizontal border-video video-embed horizontal\">\n<div class=\"sc-ad4aedf2-1 hnFuni videoText videoText\">\n<h2>Video<\/h2>\n<div>\n<p>Circulaba en un auto al que buscaban por un intento de robo en una casa en Mart\u00ednez<\/p>\n<\/div>\n<\/div>\n<\/div>\n<div class=\"sc-80531b6b-0 chRIGJ container-text text-embed\">\n<p>Los dos sospechosos estuvieron merodeando la casa unos minutos m\u00e1s. Todos sus movimientos quedaron grabados en una c\u00e1mara de seguridad de una casa lindera.<\/p>\n<\/div>\n<div class=\"sc-80531b6b-0 chRIGJ container-text text-embed\">\n<p>Cuando los vieron, los vecinos hicieron la denuncia de inmediato y dieron aviso a la patrulla municipal de San Isidro, a trav\u00e9s del programa <strong>Ojos en Alerta<\/strong>. Desde el centro de monitoreo comenzaron a revisar las c\u00e1maras de seguridad p\u00fablicas.<\/p>\n<\/div>\n<div class=\"sc-80531b6b-0 chRIGJ container-text text-embed\">\n<p>Fue entonces que identificaron al Cronos circulando por la calle Tres Sargentos y Pir\u00e1n, tambi\u00e9n de Mart\u00ednez. Un m\u00f3vil municipal los detuvo e identificaron a los ocupantes.<\/p>\n<\/div>\n<p><h2>Jorge Rial: &#8220;Siento mucha verg\u00fcenza&#8221;<\/h2>\n<\/p>\n<div class=\"sc-80531b6b-0 chRIGJ container-text text-embed\">\n<p> El periodista Jorge Rial se expres\u00f3 en su programa de radio y dijo sentir <strong>&#8220;mucha verguenza, mucho dolor, y mucha preocupaci\u00f3n&#8221;<\/strong> por su nieto de tres meses de quien cuidar\u00e1 hasta que se resuelva la situaci\u00f3n de su hija. <\/p>\n<\/div>\n<div class=\"sc-80531b6b-0 chRIGJ container-text text-embed\">\n<p>Morena Rial tiene dos hijos, uno de cinco a\u00f1os a cargo de su padre en C\u00f3rdoba y otro beb\u00e9 de apenas tres meses. <\/p>\n<\/div>\n<div class=\"sc-80531b6b-0 chRIGJ container-text text-embed\">\n<p>&#8220;Mi nieto, amadeo est\u00e1 bien, me voy a juntar con \u00e9l, va a estar conmigo hasta que esto se resuelva de alguna manera. Estoy velando por la salud y el bienestar de mi nieto, obviamente tambi\u00e9n me importa mi hija. Yo nunca aprob\u00e9 la decisi\u00f3n de <strong>llevar una vida casi marginal<\/strong>, yo nunca la dej\u00e9 abandonada o a la buena de Dios, siempre intent\u00e9 monitorear y tratar de que cambie esa decisi\u00f3n. Lo que siuento ahora es verguenza&#8221;, expres\u00f3 en su programa de radio. <\/p>\n<\/div>\n<div class=\"sc-80531b6b-0 chRIGJ container-text text-embed\">\n<p>Adem\u00e1s cont\u00f3 que &#8220;ella ten\u00eda ganas de encausar su vida y estudiar abogac\u00eda&#8221; pero deber\u00e1 resolver su situaci\u00f3n jidicial. &#8220;Nunca voy a justificarla, la decisi\u00f3n est\u00e1 en manos de la Justicia. <strong>Quien decidi\u00f3 primero su destino es Morena. <\/strong>Ahora lo que siento es mucha verg\u00fcenza, mucho dolor y mucha preocupaci\u00f3n por mi nieto&#8221;, concluy\u00f3.<\/p>\n<\/div>\n<\/div>\n<p><br \/>\n<br \/><a href=\"https:\/\/www.clarin.com\/policiales\/morena-rial-detenida-acusan-nuevo-robo-sospechan-parte-banda-dedicada-robar-casas_0_GltjYKsEqt.html\">Fuente Clarin.com <\/a><\/p>\n","protected":false},"excerpt":{"rendered":"<p>Morena Rial (25) pas\u00f3 la noche en una oficina de la Comisar\u00eda 1B. No est\u00e1 \u201cingresada\u201d ni en una celda por una cuesti\u00f3n jurisdiccional: la detuvo la Polic\u00eda de la Ciudad pero por una causa que se tramita en la Provincia. Fue alrededor de las 3 de la ma\u00f1ana de este mi\u00e9rcoles en Cerrito al [&hellip;]<\/p>\n","protected":false},"author":1,"featured_media":2269,"comment_status":"open","ping_status":"open","sticky":false,"template":"","format":"standard","meta":{"footnotes":""},"categories":[2],"tags":[3270,740,565,4169,4170,14,1647,2828,4168,73],"class_list":["post-2268","post","type-post","status-publish","format-standard","has-post-thumbnail","hentry","category-ultimas-noticias","tag-acusan","tag-banda","tag-casas","tag-dedicada","tag-entrar","tag-nuevo","tag-parte","tag-robo","tag-sospechan","tag-una"],"_links":{"self":[{"href":"https:\/\/13.com.ar\/index.php\/wp-json\/wp\/v2\/posts\/2268","targetHints":{"allow":["GET"]}}],"collection":[{"href":"https:\/\/13.com.ar\/index.php\/wp-json\/wp\/v2\/posts"}],"about":[{"href":"https:\/\/13.com.ar\/index.php\/wp-json\/wp\/v2\/types\/post"}],"author":[{"embeddable":true,"href":"https:\/\/13.com.ar\/index.php\/wp-json\/wp\/v2\/users\/1"}],"replies":[{"embeddable":true,"href":"https:\/\/13.com.ar\/index.php\/wp-json\/wp\/v2\/comments?post=2268"}],"version-history":[{"count":0,"href":"https:\/\/13.com.ar\/index.php\/wp-json\/wp\/v2\/posts\/2268\/revisions"}],"wp:featuredmedia":[{"embeddable":true,"href":"https:\/\/13.com.ar\/index.php\/wp-json\/wp\/v2\/media\/2269"}],"wp:attachment":[{"href":"https:\/\/13.com.ar\/index.php\/wp-json\/wp\/v2\/media?parent=2268"}],"wp:term":[{"taxonomy":"category","embeddable":true,"href":"https:\/\/13.com.ar\/index.php\/wp-json\/wp\/v2\/categories?post=2268"},{"taxonomy":"post_tag","embeddable":true,"href":"https:\/\/13.com.ar\/index.php\/wp-json\/wp\/v2\/tags?post=2268"}],"curies":[{"name":"wp","href":"https:\/\/api.w.org\/{rel}","templated":true}]}}