{"id":2264,"date":"2025-02-05T15:26:53","date_gmt":"2025-02-05T18:26:53","guid":{"rendered":"https:\/\/13.com.ar\/index.php\/febrero-se-llena-de-alegria-para-los-pequenos-con-teatro-comedia-musical-danza-canto-y-titeres\/"},"modified":"2025-02-05T15:26:53","modified_gmt":"2025-02-05T18:26:53","slug":"febrero-se-llena-de-alegria-para-los-pequenos-con-teatro-comedia-musical-danza-canto-y-titeres","status":"publish","type":"post","link":"https:\/\/13.com.ar\/index.php\/febrero-se-llena-de-alegria-para-los-pequenos-con-teatro-comedia-musical-danza-canto-y-titeres\/","title":{"rendered":"Febrero se llena de alegr\u00eda para los peque\u00f1os con teatro, comedia musical, danza, canto y t\u00edteres"},"content":{"rendered":"<p> <br \/>\n<br \/><img decoding=\"async\" src=\"https:\/\/13.com.ar\/wp-content\/uploads\/2025\/02\/Febrero-se-llena-de-alegria-para-los-pequenos-con-teatro.jpg\" \/><\/p>\n<div>\n<p>En <strong>La Matanza<\/strong> los ni\u00f1os de entre 3 y 10 a\u00f1os van a poder disfrutar de actividades recreativas en el <strong>&#8221;Recreo Art\u00edstico M\u00f3vil&#8221;. <\/strong>Este programa, impulsado por la <strong>Secretar\u00eda de Cultura<\/strong> en articulaci\u00f3n con el <strong>Consejo Provincial de Teatro Independiente (CPTI)<\/strong>, invita a los m\u00e1s peque\u00f1os a participar en actividades todos los lunes y jueves de febrero en diferentes espacios culturales del distrito.<\/p>\n<\/div>\n<div>\n<p>Entre las opciones de actividades se encuentran teatro, comedia musical, danza, canto, t\u00edteres y artes visuales. Entre sus principales fines, el Recreo Art\u00edstico M\u00f3vil busca ser un espacio de aprendizaje y entretenimiento en estas vacaciones. El programa es resultado del trabajo conjunto entre el <strong>Gobierno local y el Gobierno de la Provincia de Buenos Aires. <\/strong>El recreo art\u00edstico surge con un objetivo claro; construir espacios gratuitos de aprendizaje y entretenimiento para ni\u00f1os en las distintas localidades del Municipio.<\/p>\n<\/div>\n<div>\n<p>Seg\u00fan detallaron desde la Secretar\u00eda de Cultura, las actividades estar\u00e1n disponibles en tres puntos clave del distrito; la Casa de Cultura Pierina Dealessi en <strong>Villa Luzuriaga<\/strong>, la Casa de Cultura de Gregorio de <strong>Laferrere <\/strong>en esta localidad<strong> <\/strong>y el Museo Hist\u00f3rico Municipal Brigadier Juan Manuel de Rosas ubicado en <strong>Virrey del Pino.<\/strong><\/p>\n<\/div>\n<div>\n<p>Para poder inscribirse las familias deben tener en cuenta que solo es para ni\u00f1os de entre 3 y 10 a\u00f1os que residan en el partido de La Matanza. La inscripci\u00f3n previa es obligatoria y debe realizarse completando un formulario en l\u00ednea disponible en el sitio oficial del municipio:  Debido a la capacidad de los espacios, los <strong>cupos son limitados.<\/strong><\/p>\n<\/div>\n<div>\n<p>Las actividades est\u00e1n pensadas para combinar <strong>entretenimiento y aprendizaje<\/strong>, promoviendo el desarrollo de habilidades creativas y fomentando la imaginaci\u00f3n de los m\u00e1s peque\u00f1os. En l\u00ednea con las decisiones del Gobierno local, la Secretar\u00eda de Cultural busca  contener y proteger a la comunidad, as\u00ed como tambi\u00e9n crear oportunidades de esparcimiento donde se pueda incentivar a los m\u00e1s j\u00f3venes a descubrir nuevos intereses. <\/p>\n<\/div>\n<div>\n<p>Desde el Municipio explicaron que la iniciativa tiene bastantes expectativas en relaci\u00f3n a los asistentes ya que se propone como una colonia cultural, con diversas propuestas, para todos los gustos. As\u00ed permiten que las familias tengan alternativas de entretenimiento durante la \u00faltima etapa de las vacaciones.<\/p>\n<\/div>\n<div>\n<p>En cuanto a programas activos en el mes, a\u00fan no est\u00e1n confirmados los cursos a los que se podr\u00e1 acceder pero al Recreo Art\u00edstico M\u00f3vil se suman capacitaciones del<strong> Centro de Innovaci\u00f3n Tecnol\u00f3gica de La Matanza (CITLAM)<\/strong> que estar\u00e1n disponibles en febrero.<\/p>\n<\/div>\n<div>\n<p>El Municipio, a trav\u00e9s de la <strong>Secretar\u00eda de Pol\u00edticas Educativas<\/strong> ofrecer\u00e1 a estudiantes y emprendedores nuevos cursos gratuitos y con cupos limitados para capacitarse en el CITLAM y desarrollar habilidades en \u00e1reas claves del futuro. Para consultas e inscripciones las opciones son comunicarse al 1123083408 o acercarse al CITLAM en Cnel. Brandsen 3927, San Justo.<\/p>\n<\/div>\n<p><br \/>\n<br \/><a href=\"https:\/\/www.clarin.com\/zonales\/febrero-llena-alegria-pequenos-teatro-comedia-musical-danza-canto-titeres_0_f5hqweQUcQ.html\">Fuente Clarin.com <\/a><\/p>\n","protected":false},"excerpt":{"rendered":"<p>En La Matanza los ni\u00f1os de entre 3 y 10 a\u00f1os van a poder disfrutar de actividades recreativas en el &#8221;Recreo Art\u00edstico M\u00f3vil&#8221;. Este programa, impulsado por la Secretar\u00eda de Cultura en articulaci\u00f3n con el Consejo Provincial de Teatro Independiente (CPTI), invita a los m\u00e1s peque\u00f1os a participar en actividades todos los lunes y jueves [&hellip;]<\/p>\n","protected":false},"author":1,"featured_media":2265,"comment_status":"open","ping_status":"open","sticky":false,"template":"","format":"standard","meta":{"footnotes":""},"categories":[2],"tags":[4162,4165,1734,18,4164,1823,4161,28,705,16,4163,171,4166],"class_list":["post-2264","post","type-post","status-publish","format-standard","has-post-thumbnail","hentry","category-ultimas-noticias","tag-alegria","tag-canto","tag-comedia","tag-con","tag-danza","tag-febrero","tag-llena","tag-los","tag-musical","tag-para","tag-pequenos","tag-teatro","tag-titeres"],"_links":{"self":[{"href":"https:\/\/13.com.ar\/index.php\/wp-json\/wp\/v2\/posts\/2264","targetHints":{"allow":["GET"]}}],"collection":[{"href":"https:\/\/13.com.ar\/index.php\/wp-json\/wp\/v2\/posts"}],"about":[{"href":"https:\/\/13.com.ar\/index.php\/wp-json\/wp\/v2\/types\/post"}],"author":[{"embeddable":true,"href":"https:\/\/13.com.ar\/index.php\/wp-json\/wp\/v2\/users\/1"}],"replies":[{"embeddable":true,"href":"https:\/\/13.com.ar\/index.php\/wp-json\/wp\/v2\/comments?post=2264"}],"version-history":[{"count":0,"href":"https:\/\/13.com.ar\/index.php\/wp-json\/wp\/v2\/posts\/2264\/revisions"}],"wp:featuredmedia":[{"embeddable":true,"href":"https:\/\/13.com.ar\/index.php\/wp-json\/wp\/v2\/media\/2265"}],"wp:attachment":[{"href":"https:\/\/13.com.ar\/index.php\/wp-json\/wp\/v2\/media?parent=2264"}],"wp:term":[{"taxonomy":"category","embeddable":true,"href":"https:\/\/13.com.ar\/index.php\/wp-json\/wp\/v2\/categories?post=2264"},{"taxonomy":"post_tag","embeddable":true,"href":"https:\/\/13.com.ar\/index.php\/wp-json\/wp\/v2\/tags?post=2264"}],"curies":[{"name":"wp","href":"https:\/\/api.w.org\/{rel}","templated":true}]}}