{"id":2258,"date":"2025-02-05T15:00:32","date_gmt":"2025-02-05T18:00:32","guid":{"rendered":"https:\/\/13.com.ar\/index.php\/los-germenes-no-entienden-de-ideologia-apunto-fernan-quiros\/"},"modified":"2025-02-05T15:00:32","modified_gmt":"2025-02-05T18:00:32","slug":"los-germenes-no-entienden-de-ideologia-apunto-fernan-quiros","status":"publish","type":"post","link":"https:\/\/13.com.ar\/index.php\/los-germenes-no-entienden-de-ideologia-apunto-fernan-quiros\/","title":{"rendered":"&#8220;Los g\u00e9rmenes no entienden de ideolog\u00eda&#8221;, apunt\u00f3 Fern\u00e1n Quir\u00f3s"},"content":{"rendered":"<p> <br \/>\n<br \/><img decoding=\"async\" src=\"https:\/\/13.com.ar\/wp-content\/uploads\/2025\/02\/Los-germenes-no-entienden-de-ideologia-apunto-Fernan-Quiros.jpg\" \/><\/p>\n<div id=\"cuerpo\">\n<div class=\"sc-80531b6b-0 chRIGJ container-text text-embed\">\n<p>Con fuertes cr\u00edticas y en sinton\u00eda con la decisi\u00f3n de <strong>Donald Trump<\/strong>, presidente de los Estados Unidos, <strong>Javier Milei<\/strong> orden\u00f3 retirar a la Argentina de la<strong> Organizaci\u00f3n Mundial de la Salud (OMS<\/strong>) y gener\u00f3 un <strong>fuerte rechazo de todo el arco opositor<\/strong>.<\/p>\n<\/div>\n<div class=\"sc-80531b6b-0 chRIGJ container-text text-embed\">\n<p>&#8220;En esta etapa de brotes es muy importante la coordinaci\u00f3n sanitaria de pa\u00edses y la OMS es el principal instrumento que tenemos&#8221;, remarc\u00f3 el ministro de Salud porte\u00f1o, Fern\u00e1n Quir\u00f3s, quien reconoci\u00f3 tambi\u00e9n que el organismo &#8220;no es perfecto y ha tenido dificultades para la coordinaci\u00f3n en la pandemia&#8221;.<\/p>\n<\/div>\n<div class=\"sc-80531b6b-0 chRIGJ container-text text-embed\">\n<p>En ese sentido, el funcionario porte\u00f1o record\u00f3 que la salud en el mundo se vio amenazada por &#8220;per\u00edodos pand\u00e9micos, como hemos entrado desde el 2000 para esta parte, con brotes que algunas veces quedan en alguna regi\u00f3n del mundo y en otras llega a todos los pa\u00edses como la pandemia del pa\u00edses como el covid&#8221;.<\/p>\n<\/div>\n<div class=\"sc-80531b6b-0 chRIGJ container-text text-embed\">\n<p>&#8220;Necesitamos fortalecer las estructuras que nos ayudan a coordinar porque <strong>los g\u00e9rmenes no respetan ni fronteras, ni ideolog\u00edas, ni tipos de de pa\u00edses.<\/strong> Es muy dif\u00edcil contener los brotes en distintas partes partes del mundo&#8221;, insisti\u00f3 Quir\u00f3s en di\u00e1logo con radio <em>El Observador<\/em>.<\/p>\n<\/div>\n<div class=\"sc-80531b6b-0 chRIGJ container-text text-embed\">\n<p>En la misma l\u00ednea, se expres\u00f3 la ex ministra de Salud, Graciela Oca\u00f1a: &#8220;\u00bfY esto en qu\u00e9 mejora la salud de los argentinos? <strong>Otro anuncio tribunero que no trae ning\u00fan beneficio para el pa\u00eds<\/strong>&#8220;.<\/p>\n<\/div>\n<div class=\"sc-80531b6b-0 chRIGJ container-text text-embed\">\n<p>Por su parte, el ministro de Salud bonaerense, tambi\u00e9n se pleg\u00f3 a las cr\u00edticas. &#8220;Sin colaboraci\u00f3n internacional y sin instituci\u00f3n rectora se vuelve cada vez m\u00e1s complejo tener mejor salud en nuestro pa\u00eds. A los m\u00faltiples ajustes que realiz\u00f3 el gobierno nacional para con nuestro sistema de salud se suma la arbitraria decisi\u00f3n de retirar a Argentina de la OMS&#8221;, remarc\u00f3 en un largo posteo Nicol\u00e1s Kreplak en la red social X.<\/p>\n<\/div>\n<div class=\"sc-80531b6b-0 chRIGJ container-text text-embed\">\n<p>El ministro de Salud de Axel Kicillof hizo una larga enumeraci\u00f3n de las p\u00e9rdidas para el pa\u00eds con la decisi\u00f3n que comunic\u00f3 el vocero presidencial con rango ministerial, Manuel Adorni. &#8220;No tendr\u00edamos colaboraci\u00f3n internacional para capacitaciones, informaci\u00f3n, estudios cient\u00edficos y an\u00e1lisis de impactos epidemiol\u00f3gicos en las pr\u00f3ximas epidemias y pandemias&#8221;, remarc\u00f3 en primer lugar Kreplak.<\/p>\n<\/div>\n<div class=\"sc-80531b6b-0 chRIGJ container-text text-embed\">\n<p>&#8220;Nos quedar\u00edamos sin acceso a informaci\u00f3n y el apoyo financiero para estrategias de prevenci\u00f3n y acci\u00f3n para las estrategias de inmunizaciones, enfermedades materno infantiles, cr\u00f3nicas no transmisibles, tuberculosis, VIH, ETS, dengue, entre muchas otras, reduciendo la capacidad de respuesta y monitoreo&#8221;, destac\u00f3 el ministro bonaerense.<\/p>\n<\/div>\n<div class=\"sc-106e49c0-0 dcVumd freeHtml-embed undefined\">\n<blockquote class=\"twitter-tweet\">\n<p lang=\"es\" dir=\"ltr\">Sin colaboraci\u00f3n internacional y sin instituci\u00f3n rectora se vuelve cada vez m\u00e1s complejo tener mejor salud en nuestro pa\u00eds. A los m\u00faltiples ajustes que realiz\u00f3 el gobierno nacional para con nuestro sistema de salud se suma la arbitraria decisi\u00f3n de retirar a Argentina de la OMS.\u2026<\/p>\n<p>\u2014 Nicol\u00e1s Kreplak (@nkreplak) <a rel=\"nofollow\" target=\"_blank\" href=\"https:\/\/twitter.com\/nkreplak\/status\/1887175664937447910?ref_src=twsrc%5Etfw\">February 5, 2025<\/a><\/p><\/blockquote>\n<\/div>\n<div class=\"sc-80531b6b-0 chRIGJ container-text text-embed\">\n<p>Adem\u00e1s, sostuvo: &#8220;Se perder\u00eda el estatus de Centros Colaboradores en laboratorios prestigiosos como el INCUCAI, Malbran y la ANLIS. Esta situaci\u00f3n traer\u00eda la consecuencia de quedar fuera de las redes internacionales que mejoran nuestras pr\u00e1cticas&#8221;.<\/p>\n<\/div>\n<div class=\"sc-80531b6b-0 chRIGJ container-text text-embed\">\n<p>Por otro lado, mostr\u00f3 preocupaci\u00f3n por el financiamiento recibe la OPS (Organizaci\u00f3n Panamericana de la Salud) a trav\u00e9s de la OMS, &#8220;con el que entre otras cosas se realiza el fondo solidario de medicamentos, vacunas, insumos y tecnolog\u00edas. Queda la duda si se ver\u00e1 afectado perdiendo la posibilidad de adquirir todo esto a menor costo&#8221;.<\/p>\n<\/div>\n<div class=\"sc-80531b6b-0 chRIGJ container-text text-embed\">\n<p>Y Kreplak concluy\u00f3: &#8220;Es una decisi\u00f3n que retrasa el lugar de la salud argentina en el mundo. Nos deja solos y desamparados para mejorar las estrategias sanitarias y transitar futuras complicaciones. Es una medida que al menos deber\u00eda haber sido discutida en COFESA, con todos los ministros y ministras. Esto nos impacta de manera directa&#8221;.<\/p>\n<\/div>\n<div class=\"sc-80531b6b-0 chRIGJ container-text text-embed\">\n<p>Por otro lado, tambi\u00e9n lanz\u00f3 su oposici\u00f3n a la deci\u00f3n la ex diputada peronista Graciela Cama\u00f1o. &#8220;El anuncio gubernamental de retiro de nuestro pa\u00eds, no tienen ning\u00fan fundamento serio y pone en riesgo la salud y la vida de los argentinos&#8221;, afirm\u00f3 y enumer\u00f3 una lista de puntos por los que es importante integrar la OMS.<\/p>\n<\/div>\n<div class=\"sc-106e49c0-0 dcVumd freeHtml-embed undefined\">\n<blockquote class=\"twitter-tweet\">\n<p lang=\"es\" dir=\"ltr\">Retirarse de la OMS: una decisi\u00f3n que perjudica a la sociedad argentina.<\/p>\n<p>En el umbral de desaf\u00edos sanitarios globales que enfrentamos, el retiro de Argentina de la Organizaci\u00f3n Mundial de la Salud se presenta como un problema grav\u00edsimo para el presente y el futuro del pa\u00eds.\u00a0<br \/>\ud83d\udc47<\/p>\n<p>\u2014 Fundaci\u00f3n Alem (@FundacionAlem) <a rel=\"nofollow\" target=\"_blank\" href=\"https:\/\/twitter.com\/FundacionAlem\/status\/1887181413805346883?ref_src=twsrc%5Etfw\">February 5, 2025<\/a><\/p><\/blockquote>\n<\/div>\n<div class=\"sc-80531b6b-0 chRIGJ container-text text-embed\">\n<p>A su vez la Fundaci\u00f3n Alem, del radicalismo, tambi\u00e9n expres\u00f3 sus cr\u00edticas. &#8220;En el umbral de desaf\u00edos sanitarios globales que enfrentamos, el retiro de Argentina de la Organizaci\u00f3n Mundial de la Salud se presenta como un problema grav\u00edsimo para el presente y el futuro del pa\u00eds&#8221;, remarc\u00f3 la Fundaci\u00f3n Alem.<\/p>\n<\/div>\n<div class=\"sc-80531b6b-0 chRIGJ container-text text-embed\">\n<p>&#8220;La salud es un derecho humano universal, y como tal, el compromiso de nuestro pa\u00eds con la OMS no es s\u00f3lo un acto de cooperaci\u00f3n. Vivimos en un mundo interdependiente, donde un brote de enfermedad en una regi\u00f3n puede afectar a todo el planeta&#8221;, resaltaron los radicales.<\/p>\n<\/div>\n<div class=\"sc-80531b6b-0 chRIGJ container-text text-embed\">\n<p>&#8220;Con esta pol\u00edtica de Estado negacionista y sin sustento, se pone en peligro la salud colectiva&#8221;, se sum\u00f3 M\u00f3nica Fein, diputada nacional del Socialismo.<\/p>\n<\/div>\n<div class=\"sc-106e49c0-0 dcVumd freeHtml-embed undefined\">\n<blockquote class=\"twitter-tweet\">\n<p lang=\"es\" dir=\"ltr\">Con esta pol\u00edtica de Estado negacionista y sin sustento, se pone en peligro la salud colectiva.  <\/p>\n<p>Que Argentina haya anunciado su salida de la OMS implicar\u00e1:  <\/p>\n<p>\ud83d\udd34 Menos acceso a informaci\u00f3n epidemiol\u00f3gica y asesoramiento t\u00e9cnico en crisis sanitarias. https:\/\/t.co\/vEkLH8x1wB<\/p>\n<p>\u2014 M\u00f3nica Fein (@MonicaFein) <a rel=\"nofollow\" target=\"_blank\" href=\"https:\/\/twitter.com\/MonicaFein\/status\/1887197982912852203?ref_src=twsrc%5Etfw\">February 5, 2025<\/a><\/p><\/blockquote>\n<\/div>\n<p><h2>El contraataque de los libertarios a las cr\u00edticas por la decisi\u00f3n de Milei de sacar a Argentina de la OMS<\/h2>\n<\/p>\n<div class=\"sc-80531b6b-0 chRIGJ container-text text-embed\">\n<p>Agust\u00edn Romo, uno de las espadas en las redes sociales de los libertarios y adem\u00e1s presidente del bloque de La Libertad Avanza en la Legislatura bonaerense, lanz\u00f3 una fuerte respuesta que fue replicada por Milei.<\/p>\n<\/div>\n<div class=\"sc-80531b6b-0 chRIGJ container-text text-embed\">\n<p>&#8220;Empiezan a saltar los c\u00f3mplices de la OMS, los que se sometieron a un grupo de bur\u00f3cratas que nadie vot\u00f3 para encerrar argentinos, para prohibirle trabajar a los argentinos, para fundir argentinos, para prohibirle ir al colegio o a la facultad a los argentinos y tantas cosas m\u00e1s. Quiros, el Ministro de Salud de Larreta. El que defendi\u00f3 a Gin\u00e9s (Gonz\u00e1lez Garc\u00eda) cuando se arm\u00f3 un vacunatorio VIP. El que te prohib\u00eda salir a correr. El que te dec\u00eda que pod\u00edas salir a caminar dos cuadras entre tal y tal hora si tu documento terminaba en n\u00famero par. El que dibujaba argumentos para mantener cerrados los colegios porque la cuarentena le serv\u00eda en las encuestas a Larreta, cag\u00e1ndose en las consecuencias que eso le tra\u00eda a los chicos&#8221;, sostuvo Romo sobre Quir\u00f3s. <\/p>\n<\/div>\n<div class=\"sc-106e49c0-0 dcVumd freeHtml-embed undefined\">\n<blockquote class=\"twitter-tweet\">\n<p lang=\"es\" dir=\"ltr\">Empiezan a saltar los c\u00f3mplices de la OMS, los que se sometieron a un grupo de bur\u00f3cratas que nadie vot\u00f3 para encerrar argentinos, para prohibirle trabajar a los argentinos, para fundir argentinos, para prohibirle ir al colegio o a la facultad a los argentinos y tantas cosas m\u00e1s.\u2026 https:\/\/t.co\/jH2Dr55npa<\/p>\n<p>\u2014 Agust\u00edn Romo (@agustinromm) <a rel=\"nofollow\" target=\"_blank\" href=\"https:\/\/twitter.com\/agustinromm\/status\/1887188236855845175?ref_src=twsrc%5Etfw\">February 5, 2025<\/a><\/p><\/blockquote>\n<\/div>\n<div class=\"sc-80531b6b-0 chRIGJ container-text text-embed\">\n<p>Y en su cr\u00edtica cay\u00f3 el PRO, cuando contin\u00faan las negociaciones por un posible pacto para las elecciones. &#8220;Pero as\u00ed es el PRO, un partido que est\u00e1 INFECTADO DE SOCIALISMO. No nos podemos olvidar de la pelea que tuvo con Soledad Acu\u00f1a, entonces Ministra de Educaci\u00f3n de CABA, porque el no quer\u00eda sacarle el barbijo a los chicos en las aulas, impidi\u00e9ndoles aprender con claridad y llen\u00e1ndolos de miedo&#8221;, lanz\u00f3 Romo, replicado por Milei. <\/p>\n<\/div>\n<div class=\"sc-80531b6b-0 chRIGJ container-text text-embed\">\n<p>&#8220;Todo esto para seguir siendo un chupamedia de los terroristas de la OMS. Y ni hablar de que fue socio de Alberto Fern\u00e1ndez, Axel Kicillof, Carla Vizzoti, Gines Gonz\u00e1lez Garc\u00eda, Daniel Gollan, Pedro Cahn, la Payasa Filomena, que son otros chupamedias de los bur\u00f3cratas de organismos internacionales que nadie vot\u00f3 -y en especial que ning\u00fan argentino vot\u00f3- y que entregaron nuestra soberan\u00eda humill\u00e1ndonos a todos los argentinos&#8221;, dispar\u00f3 el dirigente libertario que suele pasear por la Casa Rosada. <\/p>\n<\/div>\n<div class=\"sc-80531b6b-0 chRIGJ container-text text-embed\">\n<p>&#8220;Todo esto demuestra que el Presidente Milei tomo una decisi\u00f3n correct\u00edsima, 100% acertada, sac\u00e1ndonos a los argentinos de la Organizaci\u00f3n Mundial de la Salud, que cometi\u00f3 a todas luces uno de los mayores fraudes en la historia de la humanidad, que en nuestro pa\u00eds tuvo de c\u00f3mplice a toda la casta pol\u00edtica. Pero tengan algo bien claro: nunca nos vamos a olvidar lo que nos hicieron y las van a pagar, todos y cada uno de ustedes&#8221;, concluy\u00f3.<\/p>\n<\/div>\n<\/div>\n<p><script async src=\"\/\/platform.twitter.com\/widgets.js\" charset=\"utf-8\"><\/script><br \/>\n<br \/><br \/>\n<br \/><a href=\"https:\/\/www.clarin.com\/politica\/fuertes-criticas-arco-opositor-decision-milei-sacar-argentina-oms-germenes-entienden-ideologia-apunto-fernan-quiros_0_gUmEEaglKy.html\">Fuente Clarin.com <\/a><\/p>\n","protected":false},"excerpt":{"rendered":"<p>Con fuertes cr\u00edticas y en sinton\u00eda con la decisi\u00f3n de Donald Trump, presidente de los Estados Unidos, Javier Milei orden\u00f3 retirar a la Argentina de la Organizaci\u00f3n Mundial de la Salud (OMS) y gener\u00f3 un fuerte rechazo de todo el arco opositor. &#8220;En esta etapa de brotes es muy importante la coordinaci\u00f3n sanitaria de pa\u00edses [&hellip;]<\/p>\n","protected":false},"author":1,"featured_media":2259,"comment_status":"open","ping_status":"open","sticky":false,"template":"","format":"standard","meta":{"footnotes":""},"categories":[2],"tags":[1138,4157,4026,4156,3483,28,4027],"class_list":["post-2258","post","type-post","status-publish","format-standard","has-post-thumbnail","hentry","category-ultimas-noticias","tag-apunto","tag-entienden","tag-fernan","tag-germenes","tag-ideologia","tag-los","tag-quiros"],"_links":{"self":[{"href":"https:\/\/13.com.ar\/index.php\/wp-json\/wp\/v2\/posts\/2258","targetHints":{"allow":["GET"]}}],"collection":[{"href":"https:\/\/13.com.ar\/index.php\/wp-json\/wp\/v2\/posts"}],"about":[{"href":"https:\/\/13.com.ar\/index.php\/wp-json\/wp\/v2\/types\/post"}],"author":[{"embeddable":true,"href":"https:\/\/13.com.ar\/index.php\/wp-json\/wp\/v2\/users\/1"}],"replies":[{"embeddable":true,"href":"https:\/\/13.com.ar\/index.php\/wp-json\/wp\/v2\/comments?post=2258"}],"version-history":[{"count":0,"href":"https:\/\/13.com.ar\/index.php\/wp-json\/wp\/v2\/posts\/2258\/revisions"}],"wp:featuredmedia":[{"embeddable":true,"href":"https:\/\/13.com.ar\/index.php\/wp-json\/wp\/v2\/media\/2259"}],"wp:attachment":[{"href":"https:\/\/13.com.ar\/index.php\/wp-json\/wp\/v2\/media?parent=2258"}],"wp:term":[{"taxonomy":"category","embeddable":true,"href":"https:\/\/13.com.ar\/index.php\/wp-json\/wp\/v2\/categories?post=2258"},{"taxonomy":"post_tag","embeddable":true,"href":"https:\/\/13.com.ar\/index.php\/wp-json\/wp\/v2\/tags?post=2258"}],"curies":[{"name":"wp","href":"https:\/\/api.w.org\/{rel}","templated":true}]}}