{"id":22574,"date":"2025-05-05T19:02:51","date_gmt":"2025-05-05T22:02:51","guid":{"rendered":"https:\/\/13.com.ar\/index.php\/para-el-ministro-caputo-la-inflacion-de-abril-rondara-el-3\/"},"modified":"2025-05-05T19:02:51","modified_gmt":"2025-05-05T22:02:51","slug":"para-el-ministro-caputo-la-inflacion-de-abril-rondara-el-3","status":"publish","type":"post","link":"https:\/\/13.com.ar\/index.php\/para-el-ministro-caputo-la-inflacion-de-abril-rondara-el-3\/","title":{"rendered":"Para el ministro Caputo, la inflaci\u00f3n de abril rondar\u00e1 el 3%"},"content":{"rendered":"<p> <br \/>\n<br \/><img decoding=\"async\" src=\"https:\/\/13.com.ar\/wp-content\/uploads\/2025\/05\/Se-renueva-la-pelea-por-controlar-los-precios-pero-ahora.jpg\" \/><\/p>\n<div id=\"element-body-0\">\n<p>El ministro de Econom\u00eda, Luis Caputo, sostuvo este lunes que la inflaci\u00f3n de abril -que se conocer\u00e1 el 14 de este mes<strong>&#8211; ser\u00eda menor al registro del 3,7% de marzo.<\/strong><\/p>\n<\/div>\n<div id=\"element-body-1\">\n<p>&#8220;<strong>El mes de abril viene mejor que marzo. Las estimaciones est\u00e1n en torno al 3%&#8221;,<\/strong> se\u00f1al\u00f3 el funcionario en una entrevista al canal de streaming La Casa. &#8220;<strong>Vamos a converger a la inflaci\u00f3n internacional<\/strong>&#8220;, agreg\u00f3 el ministro.<\/p>\n<\/div>\n<div id=\"element-body-2\">\n<p>La expectativas del Gobierno est\u00e1n en l\u00ednea con las proyecciones de las consultoras privadas indican que el registro del mes pasado <strong>estar\u00eda entre el 2,7% y el 3,4%.<\/strong> Pese a lo que se esperaba en los d\u00edas inmediatamente posteriores a la salida del cepo, el pasaje a precios de la devaluaci\u00f3n -que rond\u00f3 el 10%- <strong>no habr\u00eda sido tan alto como se preve\u00eda.<\/strong><\/p>\n<\/div>\n<div id=\"element-body-3\">\n<p>El ministro se\u00f1al\u00f3 que la baja de la inflaci\u00f3n <strong>&#8220;generar\u00e1 menos impuestos, lo que redundar\u00e1 en ahorro.<\/strong> Y para nosotros eso implica mayor formalizaci\u00f3n. Bajando impuestos se logra mayor formalizaci\u00f3n. No le prest\u00f3 m\u00e1s gobierno porque le puedo prestar a las personas a tasas m\u00e1s altas&#8221;.<\/p>\n<\/div>\n<div id=\"element-body-4\">\n<p>El ministro aclar\u00f3 que el Gobierno no se enfoca en los resultados de corto plazo: \u201cNo nos focalizamos en eso. <strong>La inflaci\u00f3n va a colapsar, es un proceso que va a pasar inexorablemente. <\/strong>Es cuesti\u00f3n de tiempo\u201d.<\/p>\n<\/div>\n<div id=\"element-body-5\">\n<p>\u201cEstamos en otra Argentina. Hoy ajustar precios no paga m\u00e1s. <strong>Si sub\u00eds precios injustificadamente, te qued\u00e1s afuera del mercado<\/strong>\u201d, sostuvo.<\/p>\n<\/div>\n<div id=\"element-body-6\">\n<p>Durante la entrevista, tambi\u00e9n se refiri\u00f3 al alto precio de la indumentaria y el calzado. \u201cTodav\u00eda la gente convalida esos precios y la competencia no lleg\u00f3. Es un proceso que tarda\u201d, explic\u00f3. Como ejemplo, mencion\u00f3 el caso de una empresa que importa remeras de Bangladesh a cinco d\u00f3lares y las vende en cincuenta. \u201cSe lo pagan. Por eso <strong>es importante la competencia\u201d<\/strong>, insisti\u00f3.<\/p>\n<\/div>\n<p><br \/>\n<br \/><a href=\"https:\/\/www.clarin.com\/economia\/ministro-caputo-inflacion-abril-rondara-3_0_9IPgASboaN.html\">Fuente Clarin.com <\/a><\/p>\n","protected":false},"excerpt":{"rendered":"<p>El ministro de Econom\u00eda, Luis Caputo, sostuvo este lunes que la inflaci\u00f3n de abril -que se conocer\u00e1 el 14 de este mes&#8211; ser\u00eda menor al registro del 3,7% de marzo. &#8220;El mes de abril viene mejor que marzo. Las estimaciones est\u00e1n en torno al 3%&#8221;, se\u00f1al\u00f3 el funcionario en una entrevista al canal de streaming [&hellip;]<\/p>\n","protected":false},"author":1,"featured_media":22005,"comment_status":"open","ping_status":"open","sticky":false,"template":"","format":"standard","meta":{"footnotes":""},"categories":[2],"tags":[10047,45,1544,2640,16,10848],"class_list":["post-22574","post","type-post","status-publish","format-standard","has-post-thumbnail","hentry","category-ultimas-noticias","tag-abril","tag-caputo","tag-inflacion","tag-ministro","tag-para","tag-rondara"],"_links":{"self":[{"href":"https:\/\/13.com.ar\/index.php\/wp-json\/wp\/v2\/posts\/22574","targetHints":{"allow":["GET"]}}],"collection":[{"href":"https:\/\/13.com.ar\/index.php\/wp-json\/wp\/v2\/posts"}],"about":[{"href":"https:\/\/13.com.ar\/index.php\/wp-json\/wp\/v2\/types\/post"}],"author":[{"embeddable":true,"href":"https:\/\/13.com.ar\/index.php\/wp-json\/wp\/v2\/users\/1"}],"replies":[{"embeddable":true,"href":"https:\/\/13.com.ar\/index.php\/wp-json\/wp\/v2\/comments?post=22574"}],"version-history":[{"count":0,"href":"https:\/\/13.com.ar\/index.php\/wp-json\/wp\/v2\/posts\/22574\/revisions"}],"wp:featuredmedia":[{"embeddable":true,"href":"https:\/\/13.com.ar\/index.php\/wp-json\/wp\/v2\/media\/22005"}],"wp:attachment":[{"href":"https:\/\/13.com.ar\/index.php\/wp-json\/wp\/v2\/media?parent=22574"}],"wp:term":[{"taxonomy":"category","embeddable":true,"href":"https:\/\/13.com.ar\/index.php\/wp-json\/wp\/v2\/categories?post=22574"},{"taxonomy":"post_tag","embeddable":true,"href":"https:\/\/13.com.ar\/index.php\/wp-json\/wp\/v2\/tags?post=22574"}],"curies":[{"name":"wp","href":"https:\/\/api.w.org\/{rel}","templated":true}]}}