{"id":22570,"date":"2025-05-05T18:53:29","date_gmt":"2025-05-05T21:53:29","guid":{"rendered":"https:\/\/13.com.ar\/index.php\/una-orden-desde-paris-y-rechazo-desde-general-rodriguez\/"},"modified":"2025-05-05T18:53:29","modified_gmt":"2025-05-05T21:53:29","slug":"una-orden-desde-paris-y-rechazo-desde-general-rodriguez","status":"publish","type":"post","link":"https:\/\/13.com.ar\/index.php\/una-orden-desde-paris-y-rechazo-desde-general-rodriguez\/","title":{"rendered":"una orden desde Par\u00eds y rechazo desde General Rodr\u00edguez"},"content":{"rendered":"<p> <br \/>\n<br \/><img decoding=\"async\" src=\"https:\/\/13.com.ar\/wp-content\/uploads\/2025\/05\/una-orden-desde-Paris-y-rechazo-desde-General-Rodriguez.jpg\" \/><\/p>\n<div id=\"element-body-0\">\n<p>Pese a que caen las bolsas, cambia el orden comercial mundial y todo tiembla, desde Par\u00eds seg\u00fan se afirma, dieron la orden a la filial argentina de Danone de<strong> comprar La Seren\u00edsima.<\/strong> <\/p>\n<\/div>\n<div id=\"element-body-1\">\n<p>Se trata de la<strong> principal empresa l\u00e1ctea de la Argentina<\/strong> con ventas por<strong> US$ 1.400 millones en 2024, 600 millones m\u00e1s que en 2023<\/strong>, una deuda manejable que orilla los US$ 30 millones, ocho plantas industriales, una filial cerca de San Pablo en Brasil y 3.400 empleados.<\/p>\n<\/div>\n<div id=\"element-body-2\">\n<p>El lunes 28 Arcor de la familia Pagani y la francesa Danone, que en 2020 hab\u00edan completado la compra del 49% de La Seren\u00edsima, ejercieron la opci\u00f3n prevista en aquel contrato para <strong>crecer al 51%.<\/strong> Lo informaron a la Comisi\u00f3n Nacional de Valores a las 18 horas, <strong>sin indicar el precio.<\/strong><\/p>\n<\/div>\n<div id=\"element-body-3\">\n<p>En ese contrato hay una<strong> f\u00f3rmula que establece el valor<\/strong>, pero que, a juzgar por lo que pas\u00f3 aquel lunes dos horas mas tarde, exactamente a las 20, hay distintas lecturas sobre <strong>c\u00f3mo se aplica la f\u00f3rmula para llegar al precio.<\/strong><\/p>\n<\/div>\n<div id=\"element-body-4\">\n<p>A Flavio y a Antonio Mastellone, como socios junto al fondo Dallpoint de Carlos Agote en La Seren\u00edsima con el 51%, les pareci\u00f3 que lo ofrecido era muy poca cosa, pusieron el grito en el cielo e <strong>hicieron p\u00fablico su rechazo<\/strong>. En General Rodr\u00edguez, sede de la empresa, se habl\u00f3 de una oferta hostil.<\/p>\n<\/div>\n<div id=\"element-body-5\">\n<p>A\u00fan hoy ninguna de las partes involucradas dio a conocer el valor propuesto. Pero hay m\u00e1s. La oferta de Arcor y Danone <strong>crecer\u00eda desde el 51 al 100%.<\/strong> <\/p>\n<\/div>\n<div id=\"element-body-6\">\n<p>Es que frente a las dificultades de Danone en la Argentina por la crisis del consumo y las que se pueden avecinar, trascendi\u00f3 que en Par\u00eds, doblaron la apuesta y evaluaron <strong>crear una nueva empresa.<\/strong> As\u00ed idearon <strong>La Seren\u00edsima Unida, que cobije todos los negocios que hoy est\u00e1n separados.<\/strong><\/p>\n<\/div>\n<div id=\"element-body-7\">\n<p>Es que La Seren\u00edsima y Danone ya<strong> intentaron un joint venture en 1996, cuando viv\u00eda Pascual Mastellone<\/strong> fallecido en 2014. Las dos culturas chocaron y decidieron seguir como firmas separadas. Danone se qued\u00f3 <strong>con postres, yogures, el queso crema y la monumental cadena de distribuci\u00f3n<\/strong> en la que hoy se reparte el 95% de los productos de La Seren\u00edsima.<\/p>\n<\/div>\n<div id=\"element-body-9\">\n<p>De concretarse ahora La Seren\u00edsima Unida crecer\u00eda a leche, manteca, dulce de leche entre otros l\u00e1cteos. Nacer\u00eda una <strong>compa\u00f1\u00eda de grandes dimensiones <\/strong>que pertenecer\u00eda 50% a Danone y 50% de Arcor. <\/p>\n<\/div>\n<div id=\"element-body-10\">\n<p>Esa forma societaria le permitir\u00eda por una norma contable tanto a Danone como Arcor<strong> disimular balances amargos ya que no se consolida en sus propios balances.<\/strong><\/p>\n<\/div>\n<div id=\"element-body-11\">\n<p>Por cierto la nueva empresa, de concretarse, ser\u00eda parte de un proceso de movimientos en las compa\u00f1\u00edas l\u00e1cteas al comp\u00e1s de una SanCor muy debilitada y el avance de<strong> compa\u00f1\u00edas francesas de mucha espalda que hacen pie en la cuenca lechera Argentina<\/strong>, con fama de ser una de las de mayor potencial del mundo. Es el caso de Lactalis que se qued\u00f3 con Ilolay o Savencia con Milkaut.<\/p>\n<\/div>\n<div id=\"element-body-12\">\n<p>Claro que en el caso de La Seren\u00edsima,  Arcor y Danone tendr\u00e1n que convencer al actual presidente Carlos Agote del fondo de inversi\u00f3n Dallpoint Investments y a Antonio y Flavio Mastellone que concentran el 51%.<\/p>\n<\/div>\n<p><br \/>\n<br \/><a href=\"https:\/\/www.clarin.com\/economia\/oferta-arcor-danone-serenisima-orden-paris-rechazo-general-rodriguez_0_9QnILUMyOV.html\">Fuente Clarin.com <\/a><\/p>\n","protected":false},"excerpt":{"rendered":"<p>Pese a que caen las bolsas, cambia el orden comercial mundial y todo tiembla, desde Par\u00eds seg\u00fan se afirma, dieron la orden a la filial argentina de Danone de comprar La Seren\u00edsima. Se trata de la principal empresa l\u00e1ctea de la Argentina con ventas por US$ 1.400 millones en 2024, 600 millones m\u00e1s que en [&hellip;]<\/p>\n","protected":false},"author":1,"featured_media":22571,"comment_status":"open","ping_status":"open","sticky":false,"template":"","format":"standard","meta":{"footnotes":""},"categories":[2],"tags":[2184,1239,1185,1938,3353,480,73],"class_list":["post-22570","post","type-post","status-publish","format-standard","has-post-thumbnail","hentry","category-ultimas-noticias","tag-desde","tag-general","tag-orden","tag-paris","tag-rechazo","tag-rodriguez","tag-una"],"_links":{"self":[{"href":"https:\/\/13.com.ar\/index.php\/wp-json\/wp\/v2\/posts\/22570","targetHints":{"allow":["GET"]}}],"collection":[{"href":"https:\/\/13.com.ar\/index.php\/wp-json\/wp\/v2\/posts"}],"about":[{"href":"https:\/\/13.com.ar\/index.php\/wp-json\/wp\/v2\/types\/post"}],"author":[{"embeddable":true,"href":"https:\/\/13.com.ar\/index.php\/wp-json\/wp\/v2\/users\/1"}],"replies":[{"embeddable":true,"href":"https:\/\/13.com.ar\/index.php\/wp-json\/wp\/v2\/comments?post=22570"}],"version-history":[{"count":0,"href":"https:\/\/13.com.ar\/index.php\/wp-json\/wp\/v2\/posts\/22570\/revisions"}],"wp:featuredmedia":[{"embeddable":true,"href":"https:\/\/13.com.ar\/index.php\/wp-json\/wp\/v2\/media\/22571"}],"wp:attachment":[{"href":"https:\/\/13.com.ar\/index.php\/wp-json\/wp\/v2\/media?parent=22570"}],"wp:term":[{"taxonomy":"category","embeddable":true,"href":"https:\/\/13.com.ar\/index.php\/wp-json\/wp\/v2\/categories?post=22570"},{"taxonomy":"post_tag","embeddable":true,"href":"https:\/\/13.com.ar\/index.php\/wp-json\/wp\/v2\/tags?post=22570"}],"curies":[{"name":"wp","href":"https:\/\/api.w.org\/{rel}","templated":true}]}}