{"id":22566,"date":"2025-05-05T18:33:43","date_gmt":"2025-05-05T21:33:43","guid":{"rendered":"https:\/\/13.com.ar\/index.php\/la-recaudacion-de-abril-le-gano-a-la-inflacion-y-subio-7-en-terminos-reales\/"},"modified":"2025-05-05T18:33:43","modified_gmt":"2025-05-05T21:33:43","slug":"la-recaudacion-de-abril-le-gano-a-la-inflacion-y-subio-7-en-terminos-reales","status":"publish","type":"post","link":"https:\/\/13.com.ar\/index.php\/la-recaudacion-de-abril-le-gano-a-la-inflacion-y-subio-7-en-terminos-reales\/","title":{"rendered":"La recaudaci\u00f3n de abril le gan\u00f3 a la inflaci\u00f3n y subi\u00f3 7% en t\u00e9rminos reales"},"content":{"rendered":"<p> <br \/>\n<br \/><img decoding=\"async\" src=\"https:\/\/13.com.ar\/wp-content\/uploads\/2025\/05\/La-recaudacion-de-abril-le-gano-a-la-inflacion-y.jpg\" \/><\/p>\n<div id=\"element-body-0\">\n<p>La recaudaci\u00f3n de Recursos Tributarios de abril alcanz\u00f3<strong> $ 13.681.771 millones<\/strong>, con una variaci\u00f3n interanual de 57,9%. Si se limpia el efecto de la inflaci\u00f3n, se llega a que hubo un crecimiento en t\u00e9rminos reales del 7%.<\/p>\n<\/div>\n<div id=\"element-body-1\">\n<p>Desde ARCA emitieron un comunicado en el que detallan que &#8220;durante este mes la recaudaci\u00f3n se vio afectada por l as modificaciones en el esquema cambiario que tuvieron lugar desde el 14 de abril, las cuales incluyeron<strong> la eliminaci\u00f3n de las restricciones de acceso al mercado de cambios<\/strong> para la compra de moneda extranjera de personas humanas residentes, la flexibilizaci\u00f3n de acceso al mismo para operaciones de comercio exterior, y el r\u00e9gimen de flotaci\u00f3n cambiaria dentro de bandas&#8221;.<\/p>\n<\/div>\n<div id=\"element-body-2\">\n<p>Adem\u00e1s, marcaron que ya no existe el Impuesto PAIS, que el a\u00f1o pasado hab\u00eda recaudado <strong>$ 510.247 millones.<\/strong><\/p>\n<\/div>\n<div id=\"element-body-3\">\n<p>Otro de los elementos que peg\u00f3 en la recaudaci\u00f3n fue <strong>&#8220;la disminuci\u00f3n de los aranceles a los Derechos de Exportaci\u00f3n,<\/strong> para aquellos exportadores que cumplan con el plazo establecido para la liquidaci\u00f3n de divisas, conforme lo estipulado por el Decreto 38\/2025&#8243;.<\/p>\n<\/div>\n<div id=\"element-body-4\">\n<p>Nadin Arga\u00f1araz, director del IARAF, apunt\u00f3 que <strong>la recaudaci\u00f3n habr\u00eda ascendido un 7% en abril<\/strong>. &#8220;Los primeros meses del a\u00f1o contin\u00faan con suba real interanual de la recaudaci\u00f3n tributaria nacional&#8221;, indic\u00f3. <\/p>\n<\/div>\n<div id=\"element-body-5\">\n<p>Arga\u00f1araz tambi\u00e9n marc\u00f3 que &#8220;al excluir la recaudaci\u00f3n por tributos vinculados al comercio exterior, <strong>la variaci\u00f3n real interanual ser\u00eda positiva por 12%&#8221;.<\/strong><\/p>\n<\/div>\n<div id=\"element-body-6\">\n<p>Analizando por tributo, seg\u00fan este informe, la recaudaci\u00f3n que m\u00e1s caer\u00eda, sin tener en cuenta la eliminaci\u00f3n del impuesto PAIS,<strong> ser\u00eda la de Bienes Personales, que lo habr\u00eda hecho en un 50% real interanual.<\/strong><\/p>\n<\/div>\n<div id=\"element-body-7\">\n<p>Mientras que <strong>los tributos de mayor aumento real ser\u00edan combustibles l\u00edquidos con 44,5%, seguido por derechos de exportaci\u00f3n con 41% y Ganancias con 33%.<\/strong><\/p>\n<\/div>\n<div id=\"element-body-8\">\n<p>El principal impuesto<strong>, el IVA, habr\u00eda descendido un 0,7% real durante el mes de abril de 2025.<\/strong> &#8220;Resulta importante destacar que incidi\u00f3 negativamente en la recaudaci\u00f3n del tributo la derogaci\u00f3n de la suspensi\u00f3n de los certificados de exclusi\u00f3n de la percepci\u00f3n aduanera&#8221;, se\u00f1al\u00f3 Arga\u00f1araz.<\/p>\n<\/div>\n<p><br \/>\n<br \/><a href=\"https:\/\/www.clarin.com\/economia\/recaudacion-abril-gano-inflacion-subio-7-terminos-reales_0_KeeBQ1KuqU.html\">Fuente Clarin.com <\/a><\/p>\n","protected":false},"excerpt":{"rendered":"<p>La recaudaci\u00f3n de Recursos Tributarios de abril alcanz\u00f3 $ 13.681.771 millones, con una variaci\u00f3n interanual de 57,9%. Si se limpia el efecto de la inflaci\u00f3n, se llega a que hubo un crecimiento en t\u00e9rminos reales del 7%. Desde ARCA emitieron un comunicado en el que detallan que &#8220;durante este mes la recaudaci\u00f3n se vio afectada [&hellip;]<\/p>\n","protected":false},"author":1,"featured_media":22567,"comment_status":"open","ping_status":"open","sticky":false,"template":"","format":"standard","meta":{"footnotes":""},"categories":[2],"tags":[10047,1999,1544,8274,14717,2701,14718],"class_list":["post-22566","post","type-post","status-publish","format-standard","has-post-thumbnail","hentry","category-ultimas-noticias","tag-abril","tag-gano","tag-inflacion","tag-reales","tag-recaudacion","tag-subio","tag-terminos"],"_links":{"self":[{"href":"https:\/\/13.com.ar\/index.php\/wp-json\/wp\/v2\/posts\/22566","targetHints":{"allow":["GET"]}}],"collection":[{"href":"https:\/\/13.com.ar\/index.php\/wp-json\/wp\/v2\/posts"}],"about":[{"href":"https:\/\/13.com.ar\/index.php\/wp-json\/wp\/v2\/types\/post"}],"author":[{"embeddable":true,"href":"https:\/\/13.com.ar\/index.php\/wp-json\/wp\/v2\/users\/1"}],"replies":[{"embeddable":true,"href":"https:\/\/13.com.ar\/index.php\/wp-json\/wp\/v2\/comments?post=22566"}],"version-history":[{"count":0,"href":"https:\/\/13.com.ar\/index.php\/wp-json\/wp\/v2\/posts\/22566\/revisions"}],"wp:featuredmedia":[{"embeddable":true,"href":"https:\/\/13.com.ar\/index.php\/wp-json\/wp\/v2\/media\/22567"}],"wp:attachment":[{"href":"https:\/\/13.com.ar\/index.php\/wp-json\/wp\/v2\/media?parent=22566"}],"wp:term":[{"taxonomy":"category","embeddable":true,"href":"https:\/\/13.com.ar\/index.php\/wp-json\/wp\/v2\/categories?post=22566"},{"taxonomy":"post_tag","embeddable":true,"href":"https:\/\/13.com.ar\/index.php\/wp-json\/wp\/v2\/tags?post=22566"}],"curies":[{"name":"wp","href":"https:\/\/api.w.org\/{rel}","templated":true}]}}