{"id":22564,"date":"2025-05-05T18:30:28","date_gmt":"2025-05-05T21:30:28","guid":{"rendered":"https:\/\/13.com.ar\/index.php\/los-5-looks-mas-polemicos-en-la-historia-entre-lo-iconico-y-lo-escandaloso\/"},"modified":"2025-05-05T18:30:28","modified_gmt":"2025-05-05T21:30:28","slug":"los-5-looks-mas-polemicos-en-la-historia-entre-lo-iconico-y-lo-escandaloso","status":"publish","type":"post","link":"https:\/\/13.com.ar\/index.php\/los-5-looks-mas-polemicos-en-la-historia-entre-lo-iconico-y-lo-escandaloso\/","title":{"rendered":"los 5 looks m\u00e1s pol\u00e9micos en la historia, entre lo ic\u00f3nico y lo escandaloso"},"content":{"rendered":"<p> <br \/>\n<\/p>\n<div id=\"cuerpo\">\n<div class=\"sc-80531b6b-0 chRIGJ container-text text-embed\" id=\"element-body-0\">\n<p>Cada primer lunes de mayo, las escalinatas del <strong>Museo Metropolitano de Nueva York<\/strong> se transforman en la pasarela m\u00e1s esperada del a\u00f1o, mientras que sus espectadores se convierten en cr\u00edticos y especialistas de moda colmados de anticipaci\u00f3n.<\/p>\n<\/div>\n<div class=\"sc-80531b6b-0 chRIGJ container-text text-embed\" id=\"element-body-1\">\n<p>Celebridades de todo el mundo desfilan con atuendos espectaculares \u2014y en ocasiones pol\u00e9micos\u2014 para celebrar la <strong>MET Gala<\/strong>, un evento donde la <strong>moda<\/strong>, el <strong>arte <\/strong>y la <strong>cultura pop<\/strong> se entrelazan.<\/p>\n<\/div>\n<div class=\"sc-80531b6b-0 chRIGJ container-text text-embed\" id=\"element-body-2\">\n<p>Y es que la MET Gala es considerablemente una de las noches <strong>m\u00e1s importantes<\/strong> de la industria de la moda, con una tem\u00e1tica diferente cada a\u00f1o que busca lucir la creatividad de cientos de dise\u00f1adores y encapsular sus diferentes interpretaciones.<\/p>\n<\/div>\n<div class=\"sc-80531b6b-0 chRIGJ container-text text-embed\" id=\"element-body-3\">\n<p>Sin embargo, en su af\u00e1n por destacar, algunos invitados han llevado su estilo al l\u00edmite entre creativo y controversial, dejando una huella con los <em>looks <\/em>m\u00e1s exc\u00e9ntricos e inolvidables.<\/p>\n<\/div>\n<div class=\"sc-80531b6b-0 chRIGJ container-text text-embed\" id=\"element-body-4\">\n<p>Recordamos cinco de los <em>looks <\/em>m\u00e1s <strong>pol\u00e9micos <\/strong>que hicieron historia en el evento.<\/p>\n<\/div>\n<p><h2>Tyla (2024)<\/h2>\n<\/p>\n<p><h3>Tema &#8211;<em> Bellas durmientes: el despertar de la moda (El jard\u00edn del tiempo)<\/em><\/h3>\n<\/p>\n<div class=\"sc-80531b6b-0 chRIGJ container-text text-embed\" id=\"element-body-7\">\n<p>En su debut en la gala, la cantante sudafricana <strong>Tyla <\/strong>luci\u00f3 un vestido <strong>esculpido <\/strong>con <strong>polvo <\/strong>y <strong>arena<\/strong>, creado por Balmain, que parec\u00eda una obra ef\u00edmera salida de una tormenta divina. <\/p>\n<\/div>\n<div class=\"sc-98b114a2-0 bkqiHH image-embed  image-embed \" id=\"element-body-8\"><picture class=\"sc-98b114a2-1 jRUlDm\"><source media=\"(min-width: 975px)\" width=\"1200\" height=\"0\" \/><img alt=\"Tyla se luci\u00f3 cubierta de arena en la Gala de 2024. Fotos: Instagram v\u00eda @justjared\" loading=\"lazy\" width=\"1200\" height=\"0\" decoding=\"async\" data-nimg=\"1\" style=\"color:transparent\" src=\"https:\/\/13.com.ar\/wp-content\/uploads\/2025\/05\/los-5-looks-mas-polemicos-en-la-historia-entre-lo.jpg\"\/><span class=\"epigraphe\">Tyla se luci\u00f3 cubierta de arena en la Gala de 2024. Fotos: Instagram v\u00eda @justjared<\/span><span class=\"picture-open\"><button class=\"open-image\" aria-label=\"Open Image\"\/><\/span><\/picture><\/div>\n<div class=\"sc-80531b6b-0 chRIGJ container-text text-embed\" id=\"element-body-9\">\n<p>Su bolso, un reloj de arena sostenido por una mano arenosa, complet\u00f3 el <em>look <\/em>que simbolizaba el paso del tiempo, la fragilidad y la belleza perecedera de la moda.<\/p>\n<\/div>\n<p><h2>Jared Leto, Lil Nas X y Doja Cat (2023)<\/h2>\n<\/p>\n<p><h3>Tema &#8211; <em>Karl Lagerfeld: una l\u00ednea de belleza<\/em><\/h3>\n<\/p>\n<div class=\"sc-80531b6b-0 chRIGJ container-text text-embed\" id=\"element-body-12\">\n<p>En homenaje al ic\u00f3nico dise\u00f1ador alem\u00e1n Karl Lagerfeld, el cantante y actor <strong>Jared Leto<\/strong> apareci\u00f3 disfrazado de gato, con un traje peludo y realista de tama\u00f1o humano que ocultaba su identidad. <\/p>\n<\/div>\n<div class=\"sc-98b114a2-0 bkqiHH image-embed  image-embed \" id=\"element-body-13\"><picture class=\"sc-98b114a2-1 jRUlDm\"><source media=\"(min-width: 975px)\" width=\"1200\" height=\"0\" \/><img alt=\"Jared Leto, Doja Cat y Lil Nas X rindieron homenaje a la gata de Karl Lagerfeld en la Gala de 2023. Fotos: Instagram v\u00eda @justjared\" loading=\"lazy\" width=\"1200\" height=\"0\" decoding=\"async\" data-nimg=\"1\" style=\"color:transparent\" src=\"https:\/\/13.com.ar\/wp-content\/uploads\/2025\/05\/1746480627_968_los-5-looks-mas-polemicos-en-la-historia-entre-lo.jpg\"\/><span class=\"epigraphe\">Jared Leto, Doja Cat y Lil Nas X rindieron homenaje a la gata de Karl Lagerfeld en la Gala de 2023. Fotos: Instagram v\u00eda @justjared<\/span><span class=\"picture-open\"><button class=\"open-image\" aria-label=\"Open Image\"\/><\/span><\/picture><\/div>\n<div class=\"sc-80531b6b-0 chRIGJ container-text text-embed\" id=\"element-body-14\">\n<p>Curiosamente, no fue el \u00fanico que celebr\u00f3 a la amada gata del dise\u00f1ador, &#8220;Choupette&#8221;, ya que <strong>Doja Cat<\/strong> y <strong>Lil Nas X<\/strong> tambi\u00e9n adoptaron una forma gatuna, aunque con ideas diferentes. \u200b<\/p>\n<\/div>\n<div class=\"sc-98b114a2-0 bkqiHH image-embed  image-embed \" id=\"element-body-15\"><picture class=\"sc-98b114a2-1 jRUlDm\"><source media=\"(min-width: 975px)\" width=\"1200\" height=\"0\" \/><img alt=\"Jared Leto, Doja Cat y Lil Nas X rindieron homenaje a la gata de Karl Lagerfeld en la Gala de 2023. Fotos: Instagram v\u00eda @justjared\" loading=\"lazy\" width=\"1200\" height=\"0\" decoding=\"async\" data-nimg=\"1\" style=\"color:transparent\" src=\"https:\/\/13.com.ar\/wp-content\/uploads\/2025\/05\/1746480627_711_los-5-looks-mas-polemicos-en-la-historia-entre-lo.jpg\"\/><span class=\"epigraphe\">Jared Leto, Doja Cat y Lil Nas X rindieron homenaje a la gata de Karl Lagerfeld en la Gala de 2023. Fotos: Instagram v\u00eda @justjared<\/span><span class=\"picture-open\"><button class=\"open-image\" aria-label=\"Open Image\"\/><\/span><\/picture><\/div>\n<p><h2>Kim Kardashian (2021)<\/h2>\n<\/p>\n<p><h3>Tema &#8211; <em>En Am\u00e9rica: un l\u00e9xico de la moda<\/em><\/h3>\n<\/p>\n<div class=\"sc-80531b6b-0 chRIGJ container-text text-embed\" id=\"element-body-18\">\n<p><strong>Kim Kardashian<\/strong> apareci\u00f3 <strong>completamente cubierta<\/strong> por un conjunto negro de Balenciaga, incluyendo un pasamonta\u00f1as que ocultaba su rostro. <\/p>\n<\/div>\n<div class=\"sc-98b114a2-0 bkqiHH image-embed  image-embed \" id=\"element-body-19\"><picture class=\"sc-98b114a2-1 jRUlDm\"><source media=\"(min-width: 975px)\" width=\"1200\" height=\"0\" \/><img alt=\"Kim con un look negro que cubr\u00eda completamente su rostro y cuerpo en la Gala de 2021. Fotos: Instagram v\u00eda @justjared y @kimkardashian\" loading=\"lazy\" width=\"1200\" height=\"0\" decoding=\"async\" data-nimg=\"1\" style=\"color:transparent\" src=\"https:\/\/13.com.ar\/wp-content\/uploads\/2025\/05\/1746480627_226_los-5-looks-mas-polemicos-en-la-historia-entre-lo.jpg\"\/><span class=\"epigraphe\">Kim con un look negro que cubr\u00eda completamente su rostro y cuerpo en la Gala de 2021. Fotos: Instagram v\u00eda @justjared y @kimkardashian<\/span><span class=\"picture-open\"><button class=\"open-image\" aria-label=\"Open Image\"\/><\/span><\/picture><\/div>\n<div class=\"sc-80531b6b-0 chRIGJ container-text text-embed\" id=\"element-body-20\">\n<p>Dise\u00f1ado por Demna Gvasalia, el dise\u00f1o romp\u00eda con su imagen habitual al ocultar por completo su cuerpo para poner foco en su emblem\u00e1tica figura, proponiendo una reflexi\u00f3n sobre identidad, anonimato y el imaginario visual estadounidense.<\/p>\n<\/div>\n<p><h2>Katy Perry (2019)<\/h2>\n<\/p>\n<p><h3>Tema &#8211; <em>Camp: notas sobre la moda<\/em><\/h3>\n<\/p>\n<div class=\"sc-80531b6b-0 chRIGJ container-text text-embed\" id=\"element-body-23\">\n<p><strong>Katy Perry<\/strong> llev\u00f3 la teatralidad del \u201ccamp\u201d al extremo al llegar como un <strong>candelabro humano<\/strong>, con luces funcionales y estructura met\u00e1lica, creaci\u00f3n de Moschino. <\/p>\n<\/div>\n<div class=\"sc-80531b6b-0 chRIGJ container-text text-embed\" id=\"element-body-24\">\n<p>M\u00e1s tarde, para la fiesta posterior, se transform\u00f3 en una <strong>hamburguesa gigante<\/strong>. Su doble <em>look <\/em>celebr\u00f3 el exceso, el humor y la moda como espect\u00e1culo sin complejos.<\/p>\n<\/div>\n<div class=\"sc-98b114a2-0 bkqiHH image-embed  image-embed \" id=\"element-body-25\"><picture class=\"sc-98b114a2-1 jRUlDm\"><source media=\"(min-width: 975px)\" width=\"1200\" height=\"0\" \/><img alt=\"De candelabro a una hamburguesa, Katy Perry encapsul\u00f3 la pura teatralidad camp en la Gala de 2019. Fotos: Pinterest v\u00eda @celebritiesmile\" loading=\"lazy\" width=\"1200\" height=\"0\" decoding=\"async\" data-nimg=\"1\" style=\"color:transparent\" src=\"https:\/\/13.com.ar\/wp-content\/uploads\/2025\/05\/1746480627_212_los-5-looks-mas-polemicos-en-la-historia-entre-lo.jpg\"\/><span class=\"epigraphe\">De candelabro a una hamburguesa, Katy Perry encapsul\u00f3 la pura teatralidad camp en la Gala de 2019. Fotos: Pinterest v\u00eda @celebritiesmile<\/span><span class=\"picture-open\"><button class=\"open-image\" aria-label=\"Open Image\"\/><\/span><\/picture><\/div>\n<p><h2>Rihanna (2018)<\/h2>\n<\/p>\n<p><h3>Tema &#8211; <em>Cuerpos celestiales: la moda y la imaginaci\u00f3n cat\u00f3lica<\/em><\/h3>\n<\/p>\n<div class=\"sc-80531b6b-0 chRIGJ container-text text-embed\" id=\"element-body-28\">\n<p><strong>Rihanna <\/strong>reinterpret\u00f3 el simbolismo religioso con un atuendo<strong> inspirado en el Papa<\/strong>, dise\u00f1ado por John Galliano para Maison Margiela. <\/p>\n<\/div>\n<div class=\"sc-98b114a2-0 bkqiHH image-embed  image-embed \" id=\"element-body-29\"><picture class=\"sc-98b114a2-1 jRUlDm\"><source media=\"(min-width: 975px)\" width=\"1200\" height=\"0\" \/><img alt=\"\u201cPapa Rihanna\u201d para la MET Gala de 2018. Fotos: Instagram v\u00eda @justjared\" loading=\"lazy\" width=\"1200\" height=\"0\" decoding=\"async\" data-nimg=\"1\" style=\"color:transparent\" src=\"https:\/\/13.com.ar\/wp-content\/uploads\/2025\/05\/1746480628_16_los-5-looks-mas-polemicos-en-la-historia-entre-lo.jpg\"\/><span class=\"epigraphe\">\u201cPapa Rihanna\u201d para la MET Gala de 2018. Fotos: Instagram v\u00eda @justjared<\/span><span class=\"picture-open\"><button class=\"open-image\" aria-label=\"Open Image\"\/><\/span><\/picture><\/div>\n<div class=\"sc-80531b6b-0 chRIGJ container-text text-embed\" id=\"element-body-30\">\n<p>Su minivestido plateado con mitra y capa bordada alud\u00eda a la pompa eclesi\u00e1stica, pero tambi\u00e9n a la apropiaci\u00f3n femenina de un rol hist\u00f3ricamente masculino, convirti\u00e9ndola en sumo \u00edcono de poder y estilo.<\/p>\n<\/div>\n<p><h2>MET Gala 2025: la tem\u00e1tica y sus referencias<\/h2>\n<\/p>\n<div class=\"sc-80531b6b-0 chRIGJ container-text text-embed\" id=\"element-body-32\">\n<p>El tema de este a\u00f1o gira en torno a una propuesta que celebra la influencia del dandismo negro en la historia de la moda: <em>\u201cSuperfine: Tailoring Black Style\u201d<\/em> (<strong>Impecable: la confecci\u00f3n del estilo negro<\/strong>). <\/p>\n<\/div>\n<div class=\"sc-80531b6b-0 chRIGJ container-text text-embed\" id=\"element-body-33\">\n<p>La exhibici\u00f3n, curada por <strong>Andrew Bolton<\/strong> con la participaci\u00f3n especial de la acad\u00e9mica <strong>Monica L. Miller<\/strong>, explora c\u00f3mo la elegancia y la sastrer\u00eda han sido herramientas clave en la construcci\u00f3n de la identidad negra, con un enfoque que destaca la atenci\u00f3n al detalle, el lujo y la sofisticaci\u00f3n en la vestimenta masculina. <\/p>\n<\/div>\n<div class=\"sc-98b114a2-0 bkqiHH image-embed  image-embed \" id=\"element-body-34\"><picture class=\"sc-98b114a2-1 jRUlDm\"><source media=\"(min-width: 975px)\" width=\"0\" height=\"750\" \/><img alt=\"Foto: Instagram v\u00eda @wapomagazine\" loading=\"lazy\" width=\"0\" height=\"750\" decoding=\"async\" data-nimg=\"1\" style=\"color:transparent\" src=\"https:\/\/13.com.ar\/wp-content\/uploads\/2025\/05\/1746480628_967_los-5-looks-mas-polemicos-en-la-historia-entre-lo.jpg\"\/><span class=\"epigraphe\">Foto: Instagram v\u00eda @wapomagazine<\/span><span class=\"picture-open\"><button class=\"open-image\" aria-label=\"Open Image\"\/><\/span><\/picture><\/div>\n<div class=\"sc-80531b6b-0 chRIGJ container-text text-embed\" id=\"element-body-35\">\n<p>La muestra pondr\u00e1 un foco particular en la sastrer\u00eda y su papel en la narrativa del <strong>dandismo negro<\/strong>, mostrando c\u00f3mo el vestir bien ha sido hist\u00f3ricamente tanto una forma de opresi\u00f3n como de empoderamiento. <\/p>\n<\/div>\n<div class=\"sc-80531b6b-0 chRIGJ container-text text-embed\" id=\"element-body-36\">\n<p>Seg\u00fan Bolton, esta edici\u00f3n refleja el renacimiento actual de la moda masculina, impulsado en gran parte por dise\u00f1adores y hombres negros; y promete una alfombra roja repleta de atuendos formales, masculinos y profundamente simb\u00f3licos. <\/p>\n<\/div>\n<p><h2>D\u00f3nde ver la MET Gala 2025<\/h2>\n<\/p>\n<div class=\"sc-80531b6b-0 chRIGJ container-text text-embed\" id=\"element-body-38\">\n<p>Seg\u00fan informaron desde la organizaci\u00f3n del encuentro de alta costura, la transmisi\u00f3n de la alfombra roja comenzar\u00e1 a las 19 horas (horario local) y podr\u00e1 verse en vivo a trav\u00e9s del canal de YouTube oficial de <strong>Vogue<\/strong>.<\/p>\n<\/div>\n<p><iframe loading=\"lazy\" title=\"Live at Met Gala 2025 With Vogue\" width=\"640\" height=\"480\" src=\"https:\/\/www.youtube.com\/embed\/NW2oiPiqByk?feature=oembed\" frameborder=\"0\" allow=\"accelerometer; autoplay; clipboard-write; encrypted-media; gyroscope; picture-in-picture; web-share\" referrerpolicy=\"strict-origin-when-cross-origin\" allowfullscreen><\/iframe><\/p>\n<div class=\"sc-80531b6b-0 chRIGJ container-text text-embed\" id=\"element-body-40\">\n<p>Este 2025, el <em>stream <\/em>ser\u00e1 presentado por la cantante y actriz <strong>Teyana Taylor<\/strong>; la actriz y productora <strong>La La Anthony<\/strong>; y la comediante <strong>Ego Nwodim<\/strong>.<\/p>\n<\/div>\n<div class=\"sc-80531b6b-0 chRIGJ container-text text-embed\" id=\"element-body-41\">\n<p>Como siempre, la fiesta estar\u00e1 dirigida por la editora en jefe de <em>Vogue<\/em>, <strong>Anna Wintour<\/strong>, quien desde su rol de presidenta decide la lista de invitados (que permanece desconocida) y tiene la \u00faltima palabra sobre el aspecto tem\u00e1tico y creativo del evento. <\/p>\n<\/div>\n<div class=\"sc-98b114a2-0 bkqiHH image-embed  image-embed \" id=\"element-body-42\"><picture class=\"sc-98b114a2-1 jRUlDm\"><source media=\"(min-width: 975px)\" width=\"720\" height=\"480\" \/><img alt=\"Foto: Instagram v\u00eda @voguemagazine\" loading=\"lazy\" width=\"720\" height=\"480\" decoding=\"async\" data-nimg=\"1\" style=\"color:transparent\" src=\"https:\/\/13.com.ar\/wp-content\/uploads\/2025\/05\/1746480628_272_los-5-looks-mas-polemicos-en-la-historia-entre-lo.jpg\"\/><span class=\"epigraphe\">Foto: Instagram v\u00eda @voguemagazine<\/span><span class=\"picture-open\"><button class=\"open-image\" aria-label=\"Open Image\"\/><\/span><\/picture><\/div>\n<div class=\"sc-80531b6b-0 chRIGJ container-text text-embed\" id=\"element-body-43\">\n<p>Adem\u00e1s, seg\u00fan confirm\u00f3 Wintour, este a\u00f1o el presidente de honor de la MET Gala ser\u00e1 <strong>LeBron James<\/strong>, la leyenda de <em>Los \u00c1ngeles Lakers<\/em>.<\/p>\n<\/div>\n<div class=\"sc-80531b6b-0 chRIGJ container-text text-embed\" id=\"element-body-44\">\n<p>Mientras que los co-anfitriones de este a\u00f1o \u2014como <strong>Pharrell Williams<\/strong>, <strong>Colman Domingo, Lewis Hamilton<\/strong> y <strong>A$AP Rocky<\/strong>\u2014 caracterizados, seg\u00fan Bolton, por <em>\u201cno tener miedo de arriesgarse cuando salen a la calle\u201d<\/em>, lo que los convierte en representantes ideales del esp\u00edritu audaz que promueve esta gala.<\/p>\n<\/div>\n<\/div>\n<p><br \/>\n<br \/><a href=\"https:\/\/www.clarin.com\/internacional\/met-gala-2025-5-looks-polemicos-historia-iconico-escandaloso_0_GAMz77kL9U.html\">Fuente Clarin.com <\/a><\/p>\n","protected":false},"excerpt":{"rendered":"<p>Cada primer lunes de mayo, las escalinatas del Museo Metropolitano de Nueva York se transforman en la pasarela m\u00e1s esperada del a\u00f1o, mientras que sus espectadores se convierten en cr\u00edticos y especialistas de moda colmados de anticipaci\u00f3n. Celebridades de todo el mundo desfilan con atuendos espectaculares \u2014y en ocasiones pol\u00e9micos\u2014 para celebrar la MET Gala, [&hellip;]<\/p>\n","protected":false},"author":1,"featured_media":22565,"comment_status":"open","ping_status":"open","sticky":false,"template":"","format":"standard","meta":{"footnotes":""},"categories":[2],"tags":[351,4104,1329,11920,28,155,10016],"class_list":["post-22564","post","type-post","status-publish","format-standard","has-post-thumbnail","hentry","category-ultimas-noticias","tag-entre","tag-escandaloso","tag-historia","tag-iconico","tag-los","tag-mas","tag-polemicos"],"_links":{"self":[{"href":"https:\/\/13.com.ar\/index.php\/wp-json\/wp\/v2\/posts\/22564","targetHints":{"allow":["GET"]}}],"collection":[{"href":"https:\/\/13.com.ar\/index.php\/wp-json\/wp\/v2\/posts"}],"about":[{"href":"https:\/\/13.com.ar\/index.php\/wp-json\/wp\/v2\/types\/post"}],"author":[{"embeddable":true,"href":"https:\/\/13.com.ar\/index.php\/wp-json\/wp\/v2\/users\/1"}],"replies":[{"embeddable":true,"href":"https:\/\/13.com.ar\/index.php\/wp-json\/wp\/v2\/comments?post=22564"}],"version-history":[{"count":0,"href":"https:\/\/13.com.ar\/index.php\/wp-json\/wp\/v2\/posts\/22564\/revisions"}],"wp:featuredmedia":[{"embeddable":true,"href":"https:\/\/13.com.ar\/index.php\/wp-json\/wp\/v2\/media\/22565"}],"wp:attachment":[{"href":"https:\/\/13.com.ar\/index.php\/wp-json\/wp\/v2\/media?parent=22564"}],"wp:term":[{"taxonomy":"category","embeddable":true,"href":"https:\/\/13.com.ar\/index.php\/wp-json\/wp\/v2\/categories?post=22564"},{"taxonomy":"post_tag","embeddable":true,"href":"https:\/\/13.com.ar\/index.php\/wp-json\/wp\/v2\/tags?post=22564"}],"curies":[{"name":"wp","href":"https:\/\/api.w.org\/{rel}","templated":true}]}}