{"id":22562,"date":"2025-05-05T18:24:31","date_gmt":"2025-05-05T21:24:31","guid":{"rendered":"https:\/\/13.com.ar\/index.php\/manana-se-vota-en-el-jockey-y-niegan-que-se-propongan-vender-la-sede-de-la-avenida-alvear\/"},"modified":"2025-05-05T18:24:31","modified_gmt":"2025-05-05T21:24:31","slug":"manana-se-vota-en-el-jockey-y-niegan-que-se-propongan-vender-la-sede-de-la-avenida-alvear","status":"publish","type":"post","link":"https:\/\/13.com.ar\/index.php\/manana-se-vota-en-el-jockey-y-niegan-que-se-propongan-vender-la-sede-de-la-avenida-alvear\/","title":{"rendered":"Ma\u00f1ana se vota en el Jockey y niegan que se propongan vender la sede de la avenida Alvear"},"content":{"rendered":"<p> <br \/>\n<br \/><img decoding=\"async\" src=\"https:\/\/13.com.ar\/wp-content\/uploads\/2025\/05\/Elecciones-en-el-club-de-la-alta-sociedad\u00bfvenderan-una-pequena.jpg\" \/><\/p>\n<div id=\"element-body-0\">\n<p>Las elecciones en el exclusivo Jockey Club se realizan este martes. Y en ambas listas <strong>niegan con \u00e9nfasis que se ponga en venta la mansi\u00f3n de la avenida Alvear <\/strong>que es la sede social del exclusivo club fundado por el presidente Carlos Pellegrini en 1876.<\/p>\n<\/div>\n<div id=\"element-body-1\">\n<p>En el Jockey, de apenas 7.000 socios, la disputa es entre la lista Unidad, que implica la continuidad de la actual comisi\u00f3n directiva y la lista Jockey Club Siglo XXI, que habla de cambio.<\/p>\n<\/div>\n<div id=\"element-body-2\">\n<p>La lista Unidad est\u00e1 encabezada por Juan Villar Urquiza, surgido de la comisi\u00f3n de carreras quien supo suceder al economista Miguel Crotto que sane\u00f3 las cuentas. De resultar victorioso, esta vez ser\u00eda el tercer y \u00faltimo mandato de Villar Urquiza, due\u00f1o de los lubricantes Bardahl.<\/p>\n<\/div>\n<div id=\"element-body-3\">\n<p>La sorpresa esta vez es la presentaci\u00f3n de Miguel Mart\u00ednez Beccar Varela que encabeza la lista Jockey Club siglo XXI. Mart\u00ednez Beccar Varela es accionista de Infomedia, dedicada a los asuntos p\u00fablicos de numerosas compa\u00f1\u00edas. Se propone<strong> modernizar y profesionalizar el manejo del club.<\/strong><\/p>\n<\/div>\n<div id=\"element-body-4\">\n<p>La elecci\u00f3n en la que votan los socios comienza a las 12 en la sede de Alvear para terminar a las 21.<\/p>\n<\/div>\n<p><br \/>\n<br \/><a href=\"https:\/\/www.clarin.com\/economia\/manana-vota-jockey-niegan-propongan-vender-sede-avenida-alvear_0_SVvKOviMKs.html\">Fuente Clarin.com <\/a><\/p>\n","protected":false},"excerpt":{"rendered":"<p>Las elecciones en el exclusivo Jockey Club se realizan este martes. Y en ambas listas niegan con \u00e9nfasis que se ponga en venta la mansi\u00f3n de la avenida Alvear que es la sede social del exclusivo club fundado por el presidente Carlos Pellegrini en 1876. En el Jockey, de apenas 7.000 socios, la disputa es [&hellip;]<\/p>\n","protected":false},"author":1,"featured_media":22240,"comment_status":"open","ping_status":"open","sticky":false,"template":"","format":"standard","meta":{"footnotes":""},"categories":[2],"tags":[16968,3607,16902,804,6091,17128,9605,8564,4654],"class_list":["post-22562","post","type-post","status-publish","format-standard","has-post-thumbnail","hentry","category-ultimas-noticias","tag-alvear","tag-avenida","tag-jockey","tag-manana","tag-niegan","tag-propongan","tag-sede","tag-vender","tag-vota"],"_links":{"self":[{"href":"https:\/\/13.com.ar\/index.php\/wp-json\/wp\/v2\/posts\/22562","targetHints":{"allow":["GET"]}}],"collection":[{"href":"https:\/\/13.com.ar\/index.php\/wp-json\/wp\/v2\/posts"}],"about":[{"href":"https:\/\/13.com.ar\/index.php\/wp-json\/wp\/v2\/types\/post"}],"author":[{"embeddable":true,"href":"https:\/\/13.com.ar\/index.php\/wp-json\/wp\/v2\/users\/1"}],"replies":[{"embeddable":true,"href":"https:\/\/13.com.ar\/index.php\/wp-json\/wp\/v2\/comments?post=22562"}],"version-history":[{"count":0,"href":"https:\/\/13.com.ar\/index.php\/wp-json\/wp\/v2\/posts\/22562\/revisions"}],"wp:featuredmedia":[{"embeddable":true,"href":"https:\/\/13.com.ar\/index.php\/wp-json\/wp\/v2\/media\/22240"}],"wp:attachment":[{"href":"https:\/\/13.com.ar\/index.php\/wp-json\/wp\/v2\/media?parent=22562"}],"wp:term":[{"taxonomy":"category","embeddable":true,"href":"https:\/\/13.com.ar\/index.php\/wp-json\/wp\/v2\/categories?post=22562"},{"taxonomy":"post_tag","embeddable":true,"href":"https:\/\/13.com.ar\/index.php\/wp-json\/wp\/v2\/tags?post=22562"}],"curies":[{"name":"wp","href":"https:\/\/api.w.org\/{rel}","templated":true}]}}