{"id":22560,"date":"2025-05-05T18:21:41","date_gmt":"2025-05-05T21:21:41","guid":{"rendered":"https:\/\/13.com.ar\/index.php\/resaltan-la-necesidad-de-que-el-periodismo-siga-investigando-el-crimen-del-fiscal-alberto-nisman\/"},"modified":"2025-05-05T18:21:41","modified_gmt":"2025-05-05T21:21:41","slug":"resaltan-la-necesidad-de-que-el-periodismo-siga-investigando-el-crimen-del-fiscal-alberto-nisman","status":"publish","type":"post","link":"https:\/\/13.com.ar\/index.php\/resaltan-la-necesidad-de-que-el-periodismo-siga-investigando-el-crimen-del-fiscal-alberto-nisman\/","title":{"rendered":"Resaltan la necesidad de que el periodismo siga investigando el crimen del fiscal Alberto Nisman"},"content":{"rendered":"<p> <br \/>\n<br \/><img decoding=\"async\" src=\"https:\/\/13.com.ar\/wp-content\/uploads\/2025\/05\/Resaltan-la-necesidad-de-que-el-periodismo-siga-investigando-el.jpg\" \/><\/p>\n<div id=\"element-body-0\">\n<p>La periodista Cristina P\u00e9rez resalt\u00f3 ayer el <strong>\u201cvalor institucional\u201d<\/strong> para la Democracia del nuevo libro de Daniel Santoro \u201cNisman, Anatom\u00eda de un Crimen\u201d en una conferencia brindada en la Feria del Libro. Para P\u00e9rez el magnicidio de un fiscal no puede quedar impune en la democracia y los periodistas tienen la obligaci\u00f3n se seguir buscando indicios.<\/p>\n<\/div>\n<div id=\"element-body-1\">\n<p>P\u00e9rez, autor de cuatro novelas publicada y una de las periodistas m\u00e1s destacadas de la radio y la TV, sostuvo que en el libro <strong>\u201cSantoro se mete en los abismos m\u00e1s oscuros\u201d <\/strong>de los \u00faltimos gobiernos K para desentra\u00f1ar la muerte del ex fiscal de la AMIA.<\/p>\n<\/div>\n<div id=\"element-body-2\">\n<p>La periodista de La Naci\u00f3n + y radio Rivadavia coment\u00f3 como la negativa de la Argentina a reanudar la cooperaci\u00f3n nuclear con Ir\u00e1n aparece detr\u00e1s del atentado a la AMIA de 1992, del crimen de Nisman y del entorno de la ex presidenta Cristina Kirchner. Santoro coment\u00f3 que en el dossier secreto que el ex director de Contrainteligencia de la SIDE, Antonio Stiuso entreg\u00f3 al gobierno de Obama se sostiene que ese negativa argentina <strong>\u201cretras\u00f3 15 a\u00f1os<\/strong>\u201d el programa nuclear iran\u00ed de purificaci\u00f3n de uranio para conseguir una bomba at\u00f3mica.<\/p>\n<\/div>\n<div id=\"element-body-3\">\n<p>Santoro coment\u00f3 que si Nisman no hubiera sido asesinado y su denuncia abierta de inmediato en enero de 2015 se podr\u00edan haber hecho allanamientos y requisas de celulares y computadoras que podr\u00edan haber revelado datos de por qu\u00e9 Cristina Kirchner firm\u00f3 en 2013 el Memor\u00e1ndum de Entiendo con Ir\u00e1n por la AMIA, en contra de la opini\u00f3n incluso de N\u00e9stor Kirchner.<\/p>\n<\/div>\n<div id=\"element-body-4\">\n<p>En uno de los dos informes que Stiuso escribi\u00f3 de pu\u00f1o y letra describi\u00f3 <strong>\u201ctodas las operaciones que mand\u00f3 a hacer Cristina Kirchner para asesinarme a mi y a Nisman\u201d,<\/strong> que se cuentan por primera vez en este libro publicado por editorial Emporio de C\u00f3rdoba.<\/p>\n<\/div>\n<div id=\"element-body-5\">\n<p>Antes, se\u00f1ala el d\u00e9cimo primer libro del editor de Judiciales de Clar\u00edn, la ex mujer de Nisman, la jueza Sandra Arroyo Salgado, \u201chabr\u00eda recibido amenazas y un virus troyano en su celular. La SIDE aisl\u00f3 el virus en una computadora, lo estudi\u00f3 y descubri\u00f3 que una de las terminales era la hija del general y hombre fuerte del chavismo Diosdado Cabello\u201d. Y desde el mismo IP (n\u00famero de una computadora) <strong>la SIDE de Cristina Kirhcner entr\u00f3 el 18 de enero de 2015 a las 16.14 a la base de datos de Migraciones para saber si Stiuso hab\u00eda salido del pa\u00eds<\/strong>. P\u00e9rez y Santoro coincidieron en que ese ingreso ilegal a Migraciones fue porque el gobierno <strong>\u201cesconde algo\u201d,<\/strong> en la medida que reci\u00e9n se supo que algo le hab\u00eda pasado a Nisman por un Twitter del periodista Dami\u00e1n Patcher en la medianoche de ese domingo.<\/p>\n<\/div>\n<div id=\"element-body-6\">\n<p>P\u00e9rez record\u00f3 que Nisman ten\u00eda una fatwa (una orden secreta de sectores religiosos extremistas) al igual que el escrito brit\u00e1nico Salm\u00e1n Rushdie quien 30 a\u00f1os despu\u00e9s de recibirla fue atacado a cuchillazos en Nueva York y perdi\u00f3 un ojo.<\/p>\n<\/div>\n<div id=\"element-body-7\">\n<p>Tambi\u00e9n las sospechosas llamadas en la ma\u00f1ana del 18 de enero de 2015 \u2013que el autor revel\u00f3 en Clar\u00edn y ahora ampli\u00f3- entre el ex jefe del Ej\u00e9rcito general C\u00e9sar Milani, el ex n\u00famero dos de la SIDE y actual ministro de Justicia de Kicillof, Juan Mart\u00edn Mena y otros jefes de la inteligencia argentina, doce horas antes de que se encontrara el cad\u00e1ver de Nisman en su departamento de las Torres Le Parc.<\/p>\n<\/div>\n<div id=\"element-body-9\">\n<p>Ante una pregunta del p\u00fablico, ambos periodistas coincidieron en que la contaminaci\u00f3n de la escena del crimen por parte de polic\u00edas dirigidos por el ex viceministro de Seguridad Sergio Berni dificultan la posibilidad de que ahora el fiscal Eduardo Taiano llegue a los autores materiales del crimen de Nisman, entre otras razones. La charla termin\u00f3 con un aplauso para los conferencistas.<\/p>\n<\/div>\n<p><br \/>\n<br \/><a href=\"https:\/\/www.clarin.com\/politica\/resaltan-necesidad-periodismo-siga-investigando-crimen-fiscal-alberto-nisman_0_g3KJtCgmfd.html\">Fuente Clarin.com <\/a><\/p>\n","protected":false},"excerpt":{"rendered":"<p>La periodista Cristina P\u00e9rez resalt\u00f3 ayer el \u201cvalor institucional\u201d para la Democracia del nuevo libro de Daniel Santoro \u201cNisman, Anatom\u00eda de un Crimen\u201d en una conferencia brindada en la Feria del Libro. Para P\u00e9rez el magnicidio de un fiscal no puede quedar impune en la democracia y los periodistas tienen la obligaci\u00f3n se seguir buscando [&hellip;]<\/p>\n","protected":false},"author":1,"featured_media":22561,"comment_status":"open","ping_status":"open","sticky":false,"template":"","format":"standard","meta":{"footnotes":""},"categories":[2],"tags":[579,369,100,3322,4897,4733,17127,4986,17126,5030],"class_list":["post-22560","post","type-post","status-publish","format-standard","has-post-thumbnail","hentry","category-ultimas-noticias","tag-alberto","tag-crimen","tag-del","tag-fiscal","tag-investigando","tag-necesidad","tag-nisman","tag-periodismo","tag-resaltan","tag-siga"],"_links":{"self":[{"href":"https:\/\/13.com.ar\/index.php\/wp-json\/wp\/v2\/posts\/22560","targetHints":{"allow":["GET"]}}],"collection":[{"href":"https:\/\/13.com.ar\/index.php\/wp-json\/wp\/v2\/posts"}],"about":[{"href":"https:\/\/13.com.ar\/index.php\/wp-json\/wp\/v2\/types\/post"}],"author":[{"embeddable":true,"href":"https:\/\/13.com.ar\/index.php\/wp-json\/wp\/v2\/users\/1"}],"replies":[{"embeddable":true,"href":"https:\/\/13.com.ar\/index.php\/wp-json\/wp\/v2\/comments?post=22560"}],"version-history":[{"count":0,"href":"https:\/\/13.com.ar\/index.php\/wp-json\/wp\/v2\/posts\/22560\/revisions"}],"wp:featuredmedia":[{"embeddable":true,"href":"https:\/\/13.com.ar\/index.php\/wp-json\/wp\/v2\/media\/22561"}],"wp:attachment":[{"href":"https:\/\/13.com.ar\/index.php\/wp-json\/wp\/v2\/media?parent=22560"}],"wp:term":[{"taxonomy":"category","embeddable":true,"href":"https:\/\/13.com.ar\/index.php\/wp-json\/wp\/v2\/categories?post=22560"},{"taxonomy":"post_tag","embeddable":true,"href":"https:\/\/13.com.ar\/index.php\/wp-json\/wp\/v2\/tags?post=22560"}],"curies":[{"name":"wp","href":"https:\/\/api.w.org\/{rel}","templated":true}]}}