{"id":22554,"date":"2025-05-05T17:51:27","date_gmt":"2025-05-05T20:51:27","guid":{"rendered":"https:\/\/13.com.ar\/index.php\/como-funcionaran-trenes-y-subte-el-6-de-mayo\/"},"modified":"2025-05-05T17:51:27","modified_gmt":"2025-05-05T20:51:27","slug":"como-funcionaran-trenes-y-subte-el-6-de-mayo","status":"publish","type":"post","link":"https:\/\/13.com.ar\/index.php\/como-funcionaran-trenes-y-subte-el-6-de-mayo\/","title":{"rendered":"c\u00f3mo funcionar\u00e1n trenes y subte el 6 de mayo"},"content":{"rendered":"<p> <br \/>\n<br \/><img decoding=\"async\" src=\"https:\/\/13.com.ar\/wp-content\/uploads\/2025\/05\/como-funcionaran-trenes-y-subte-el-6-de-mayo.jpg\" \/><\/p>\n<div id=\"element-body-0\">\n<p>El <strong>paro confirmado por la Uni\u00f3n Tranviarios Automotor (UTA)<\/strong> afectar\u00e1 el <strong>martes 6 de mayo<\/strong> a m\u00e1s de 300 l\u00edneas de colectivos del \u00c1rea Metropolitana de Buenos Aires (AMBA). Esto se debe a que el sindicato de choferes<strong> no logr\u00f3 llegar a un acuerdo<\/strong> con las c\u00e1maras empresariales y la secretar\u00eda de Transporte respecto al porcentaje de <strong>actualizaci\u00f3n de su salario<\/strong> para junio.<\/p>\n<\/div>\n<div id=\"element-body-1\">\n<p>A pesar de que la <strong>Secretar\u00eda de Trabajo<\/strong> se reuni\u00f3 este lunes por la tarde con representantes de<strong> UTA <\/strong>y<strong> c\u00e1maras de transporte<\/strong>,<strong> <\/strong>la reuni\u00f3n para desactivar la medida de fuerza fracas\u00f3.<\/p>\n<\/div>\n<div id=\"element-body-2\">\n<p>Por ende, a partir del <strong>martes a las 00<\/strong> y durante<strong> 24 horas<\/strong>, la mayor\u00eda de los colectivos a nivel nacional<strong> <\/strong>dejar\u00e1n de funcionar. La excepci\u00f3n ser\u00e1n las l\u00edneas que conforman el <strong>Grupo DOTA<\/strong> (Doscientos Ocho Transporte Automotor), el cual <strong>no adhiere a la medida<\/strong>, por lo que ma\u00f1ana ofrecer\u00e1n servicios. Algunas de ellas son: <strong>8<\/strong>, <strong>24<\/strong>, <strong>25<\/strong>, <strong>28<\/strong>, <strong>44<\/strong>, <strong>57<\/strong>, <strong>79<\/strong>, <strong>100<\/strong>, <strong>101<\/strong>.<\/p>\n<\/div>\n<div id=\"element-body-4\">\n<p>Los usuarios que dependen del colectivo para moverse por la <strong>Ciudad de Buenos Aires <\/strong>y alrededores pueden recurrir a otros medios de<strong> transporte p\u00fablico <\/strong>para viajar con normalidad este martes. <strong>C\u00f3mo funcionar\u00e1 cada uno<\/strong>:<\/p>\n<\/div>\n<div id=\"element-body-5\">\n<h3><strong>Subtes<\/strong><\/h3>\n<p>Funcionar\u00e1n con <strong>servicio normal<\/strong>. La concesionaria Emova <strong>no prev\u00e9 arreglos ni clausuras<\/strong> de ninguna de las estaciones de las l\u00edneas A, B, C, D, E, H o el Premetro.<\/p>\n<h3><strong>Trenes<\/strong><\/h3>\n<p>Servicio normal. Seg\u00fan <strong>la p\u00e1gina de Trenes Argentinos<\/strong>, actualmente el ramal<strong> Tigre<\/strong> del ferrocarril Bartolom\u00e9 Mitre, el ramal <strong>Merlo-Lobos<\/strong> del Sarmiento, y el ramal <strong>Dr. S\u00e1enz-Gral. Belgrano <\/strong>del Belgrano Sur limitan sus recorridos por <strong>obras de renovaci\u00f3n<\/strong> de v\u00edas.<\/p>\n<\/div>\n<div id=\"element-body-7\">\n<p>A pesar de que el subterr\u00e1neo y los ferrocarriles que circulan por CABA ma\u00f1ana ofrecen servicios regulares, es probable que presenten una <strong>mayor afluencia de pasajeros<\/strong> debido a la ausencia de los colectivos, lo que podr\u00eda generar<strong> demoras <\/strong>y <strong>congestiones<\/strong>.<\/p>\n<\/div>\n<div id=\"element-body-9\">\n<p>A pesar de que la medida de fuerza fue ratificada por la UTA,<strong> todav\u00eda no hay novedades<\/strong> sobre qu\u00e9 <strong>decisi\u00f3n<\/strong> tomar\u00e1n las <strong>instituciones educativas<\/strong> sobre el dictado de clases. Usualmente, en el caso de las escuelas o universidades <strong>privadas<\/strong>, la decisi\u00f3n queda en mano de las <strong>autoridades del establecimiento<\/strong>, acorde a cu\u00e1nto consideren que un paro de transporte afecte la capacidad de los alumnos y docentes de asistir y desempe\u00f1ar sus obligaciones.<\/p>\n<\/div>\n<p><br \/>\n<br \/><a href=\"https:\/\/www.clarin.com\/informacion-general\/paro-colectivos-manana-funcionaran-trenes-subte-martes-6-mayo_0_ctPBoa9NCO.html\">Fuente Clarin.com <\/a><\/p>\n","protected":false},"excerpt":{"rendered":"<p>El paro confirmado por la Uni\u00f3n Tranviarios Automotor (UTA) afectar\u00e1 el martes 6 de mayo a m\u00e1s de 300 l\u00edneas de colectivos del \u00c1rea Metropolitana de Buenos Aires (AMBA). Esto se debe a que el sindicato de choferes no logr\u00f3 llegar a un acuerdo con las c\u00e1maras empresariales y la secretar\u00eda de Transporte respecto al [&hellip;]<\/p>\n","protected":false},"author":1,"featured_media":22555,"comment_status":"open","ping_status":"open","sticky":false,"template":"","format":"standard","meta":{"footnotes":""},"categories":[2],"tags":[66,12694,9811,9007,5191],"class_list":["post-22554","post","type-post","status-publish","format-standard","has-post-thumbnail","hentry","category-ultimas-noticias","tag-como","tag-funcionaran","tag-mayo","tag-subte","tag-trenes"],"_links":{"self":[{"href":"https:\/\/13.com.ar\/index.php\/wp-json\/wp\/v2\/posts\/22554","targetHints":{"allow":["GET"]}}],"collection":[{"href":"https:\/\/13.com.ar\/index.php\/wp-json\/wp\/v2\/posts"}],"about":[{"href":"https:\/\/13.com.ar\/index.php\/wp-json\/wp\/v2\/types\/post"}],"author":[{"embeddable":true,"href":"https:\/\/13.com.ar\/index.php\/wp-json\/wp\/v2\/users\/1"}],"replies":[{"embeddable":true,"href":"https:\/\/13.com.ar\/index.php\/wp-json\/wp\/v2\/comments?post=22554"}],"version-history":[{"count":0,"href":"https:\/\/13.com.ar\/index.php\/wp-json\/wp\/v2\/posts\/22554\/revisions"}],"wp:featuredmedia":[{"embeddable":true,"href":"https:\/\/13.com.ar\/index.php\/wp-json\/wp\/v2\/media\/22555"}],"wp:attachment":[{"href":"https:\/\/13.com.ar\/index.php\/wp-json\/wp\/v2\/media?parent=22554"}],"wp:term":[{"taxonomy":"category","embeddable":true,"href":"https:\/\/13.com.ar\/index.php\/wp-json\/wp\/v2\/categories?post=22554"},{"taxonomy":"post_tag","embeddable":true,"href":"https:\/\/13.com.ar\/index.php\/wp-json\/wp\/v2\/tags?post=22554"}],"curies":[{"name":"wp","href":"https:\/\/api.w.org\/{rel}","templated":true}]}}