{"id":22552,"date":"2025-05-05T17:48:36","date_gmt":"2025-05-05T20:48:36","guid":{"rendered":"https:\/\/13.com.ar\/index.php\/me-comi-un-cuento-hermoso\/"},"modified":"2025-05-05T17:48:36","modified_gmt":"2025-05-05T20:48:36","slug":"me-comi-un-cuento-hermoso","status":"publish","type":"post","link":"https:\/\/13.com.ar\/index.php\/me-comi-un-cuento-hermoso\/","title":{"rendered":"Me com\u00ed un cuento hermoso"},"content":{"rendered":"<p> <br \/>\n<\/p>\n<div id=\"cuerpo\">\n<div class=\"sc-80531b6b-0 chRIGJ container-text text-embed\" id=\"element-body-0\">\n<p>Tras anunciar su separaci\u00f3n de <strong>Marcelo Weigandt, \u00c1ngela Leiva<\/strong> ahora decidi\u00f3 abrir su coraz\u00f3n y contar los duros detalles de c\u00f3mo fue el proceso de duelo. <\/p>\n<\/div>\n<div class=\"sc-80531b6b-0 chRIGJ container-text text-embed\" id=\"element-body-1\">\n<p>A fines de diciembre del 2024, \u00c1ngela Leiva comenz\u00f3 a mostrarse muy enamorada junto a Marcelo Weigandt, <strong>exfutbolista de Boca<\/strong> y actual defensor del Inter Miami, equipo donde juega <strong>Lionel Messi.<\/strong><\/p>\n<\/div>\n<div class=\"sc-80531b6b-0 chRIGJ container-text text-embed\" id=\"element-body-2\">\n<p>Pero para mediados de marzo, a pocos meses de haber empezado a salir juntos, la cantante sorprendi\u00f3 al anunciar que <strong>esa corta pero intensa relaci\u00f3n hab\u00eda llegado a su fin.<\/strong><\/p>\n<\/div>\n<div class=\"sc-80531b6b-0 chRIGJ container-text text-embed\" id=\"element-body-3\">\n<p>Ahora, en una entrevista, la joven decidi\u00f3 hablar por primera vez sobre las razones que llevaron a que ese amor se terminara.<\/p>\n<\/div>\n<div class=\"sc-80531b6b-0 chRIGJ container-text text-embed\" id=\"element-body-4\">\n<p>&#8220;Estoy bien, feliz, contenta porque <strong>estoy sacando m\u00fasica, componiendo un mont\u00f3n<\/strong>&#8220;, comenz\u00f3 diciendo sobre su carrera profesional.<\/p>\n<\/div>\n<div class=\"sc-80531b6b-0 chRIGJ container-text text-embed\" id=\"element-body-5\">\n<p>Respecto a su v\u00ednculo sentimental con &#8220;El Chelo&#8221;, Leiva precis\u00f3: &#8220;Se termin\u00f3, <strong>dur\u00f3 muy poco pero fue intenso&#8221;. <\/strong><\/p>\n<\/div>\n<div class=\"sc-80531b6b-0 chRIGJ container-text text-embed\" id=\"element-body-6\">\n<p>En ese sentido, el cronista de <em>Intrusos (Am\u00e9rica TV)<\/em>, Pablo Layus, fue m\u00e1s al hueso y le record\u00f3 que incluso <strong>hab\u00edan llegado a hablar de una &#8220;posible fecha de casamiento&#8221;. <\/strong><\/p>\n<\/div>\n<div class=\"sc-98b114a2-0 bkqiHH image-embed  image-embed \" id=\"element-body-7\"><picture class=\"sc-98b114a2-1 jRUlDm\"><source media=\"(min-width: 975px)\" width=\"720\" height=\"480\" \/><img alt=\"\u00c1ngela Leiva confes\u00f3 haber estado muy triste por su separaci\u00f3n. Captura TV\" loading=\"lazy\" width=\"720\" height=\"480\" decoding=\"async\" data-nimg=\"1\" style=\"color:transparent\" src=\"https:\/\/13.com.ar\/wp-content\/uploads\/2025\/05\/Me-comi-un-cuento-hermoso.jpg\"\/><span class=\"epigraphe\">\u00c1ngela Leiva confes\u00f3 haber estado muy triste por su separaci\u00f3n. Captura TV<\/span><span class=\"picture-open\"><button class=\"open-image\" aria-label=\"Open Image\"\/><\/span><\/picture><\/div>\n<div class=\"sc-80531b6b-0 chRIGJ container-text text-embed\" id=\"element-body-8\">\n<p>Sin ganas de ahondar en este tema, la m\u00fasica contest\u00f3: <strong>&#8220;S\u00ed, pero se termin\u00f3, \u00bfqu\u00e9 quer\u00e9s que te diga?&#8221;. <\/strong><\/p>\n<\/div>\n<div class=\"sc-80531b6b-0 chRIGJ container-text text-embed\" id=\"element-body-9\">\n<p>Luego, confes\u00f3: &#8220;Voy a hablar de c\u00f3mo me sent\u00ed, <strong>yo estuve muy triste&#8221;.<\/strong><\/p>\n<\/div>\n<div class=\"sc-80531b6b-0 chRIGJ container-text text-embed\" id=\"element-body-10\">\n<p>Sobre los motivos que la llevaron a enamorarse del jugador del Inter de Miami, Leiva enumer\u00f3: &#8220;Decid\u00ed apostar a otra relaci\u00f3n, porque<strong> esta vez yo sent\u00ed que era el indicado, que era por ah\u00ed&#8221;. <\/strong><\/p>\n<\/div>\n<div class=\"sc-98b114a2-0 bkqiHH image-embed  image-embed \" id=\"element-body-11\"><picture class=\"sc-98b114a2-1 jRUlDm\"><source media=\"(min-width: 975px)\" width=\"720\" height=\"480\" \/><img alt=\"\u00c1ngela Leiva sobre su ex pareja. Captura TV\" loading=\"lazy\" width=\"720\" height=\"480\" decoding=\"async\" data-nimg=\"1\" style=\"color:transparent\" src=\"https:\/\/13.com.ar\/wp-content\/uploads\/2025\/05\/1746478116_994_Me-comi-un-cuento-hermoso.jpg\"\/><span class=\"epigraphe\">\u00c1ngela Leiva sobre su ex pareja. Captura TV<\/span><span class=\"picture-open\"><button class=\"open-image\" aria-label=\"Open Image\"\/><\/span><\/picture><\/div>\n<div class=\"sc-80531b6b-0 chRIGJ container-text text-embed\" id=\"element-body-12\">\n<p>Luego, Layus le pregunt\u00f3 si hab\u00eda habido terceros en discordia a lo que \u00c1ngela contest\u00f3 de manera categ\u00f3rica: &#8220;No hace falta que haya infidelidades para que se termine una relaci\u00f3n<strong>, a veces hay decisiones que una no toma y duele&#8221;. <\/strong><\/p>\n<\/div>\n<div class=\"sc-80531b6b-0 chRIGJ container-text text-embed\" id=\"element-body-13\">\n<p>&#8220;Una piensa que est\u00e1 en un lugar, proyectando algo, y de un d\u00eda para el otro te dicen &#8216;Mejor no'&#8221;, revel\u00f3.<\/p>\n<\/div>\n<div class=\"sc-80531b6b-0 chRIGJ container-text text-embed\" id=\"element-body-14\">\n<p>Sobre estos proyectos que compart\u00edan, Pablo le consult\u00f3 si eran de ambos lados: &#8220;Los planes eran juntos siempre, de ambas partes, hasta que <strong>un d\u00eda una de las partes decidi\u00f3 que no iba m\u00e1s, fue una decisi\u00f3n unilateral&#8221;. <\/strong><\/p>\n<\/div>\n<div class=\"sc-80531b6b-0 chRIGJ container-text text-embed\" id=\"element-body-15\">\n<p>Para obtener m\u00e1s informaci\u00f3n al respecto, el cronista le consult\u00f3: &#8220;\u00bfLa tomaste vos la decisi\u00f3n?&#8221;. <\/p>\n<\/div>\n<div class=\"sc-80531b6b-0 chRIGJ container-text text-embed\" id=\"element-body-16\">\n<p>&#8220;No, <strong>fue \u00e9l, por eso qued\u00e9 tan triste<\/strong>&#8220;, confes\u00f3 \u00c1ngela. <\/p>\n<\/div>\n<div class=\"sc-98b114a2-0 bkqiHH image-embed  image-embed \" id=\"element-body-17\"><picture class=\"sc-98b114a2-1 jRUlDm\"><source media=\"(min-width: 975px)\" width=\"720\" height=\"480\" \/><img alt=\"\u00c1ngela Leiva confes\u00f3 que Marcelo Weigandt la dej\u00f3. Captura TV\" loading=\"lazy\" width=\"720\" height=\"480\" decoding=\"async\" data-nimg=\"1\" style=\"color:transparent\" src=\"https:\/\/13.com.ar\/wp-content\/uploads\/2025\/05\/1746478116_966_Me-comi-un-cuento-hermoso.jpg\"\/><span class=\"epigraphe\">\u00c1ngela Leiva confes\u00f3 que Marcelo Weigandt la dej\u00f3. Captura TV<\/span><span class=\"picture-open\"><button class=\"open-image\" aria-label=\"Open Image\"\/><\/span><\/picture><\/div>\n<div class=\"sc-80531b6b-0 chRIGJ container-text text-embed\" id=\"element-body-18\">\n<p><strong>&#8220;Me com\u00ed un cuento hermoso en el que yo era una reina enamorada<\/strong> a la que amaban y cuidaban, pero al final no pas\u00f3&#8221;, se sincer\u00f3. <\/p>\n<\/div>\n<div class=\"sc-80531b6b-0 chRIGJ container-text text-embed\" id=\"element-body-19\">\n<p>En ese sentido, la cantante no quiso hablar mal de su ex pareja: &#8220;No lo culpo igual, pero son las formas, los tiempos, las decisiones y la responsabilidad afectiva&#8221;.<\/p>\n<\/div>\n<div class=\"sc-80531b6b-0 chRIGJ container-text text-embed\" id=\"element-body-20\">\n<p>Luego, decidi\u00f3 aprovechar las c\u00e1maras de televisi\u00f3n para promocionar su nuevo tema: &#8220;Escuchen mi <strong>nueva canci\u00f3n <em>Ya me olvid\u00e9&#8221;. <\/em><\/strong><\/p>\n<\/div>\n<div class=\"sc-80531b6b-0 chRIGJ container-text text-embed\" id=\"element-body-21\">\n<p>El panelista de Intrusos quiso saber si estaba dedicada a su ex pareja, pero ella evit\u00f3 dar detalles y se limit\u00f3 a responder: &#8220;Al que le quepa el saco que se lo ponga&#8221;. <\/p>\n<\/div>\n<p><h2>La letra de la nueva canci\u00f3n de \u00c1ngela Leiva<\/h2>\n<\/p>\n<div class=\"sc-80531b6b-0 chRIGJ container-text text-embed\" id=\"element-body-23\">\n<p>A casi dos meses de haberse separado del jugador de f\u00fatbol Marcelo Weigandt, la cantante lanz\u00f3 un nuevo tema llamado Ya me olvid\u00e9.<\/p>\n<\/div>\n<div class=\"sc-80531b6b-0 chRIGJ container-text text-embed\" id=\"element-body-24\">\n<p>Los detalles de la llamativa letra que podr\u00eda estar dedicada a su ex pareja, con quien tuvo una relaci\u00f3n corta, pero intensa que dej\u00f3 el coraz\u00f3n destrozado de la artista.<\/p>\n<\/div>\n<p><iframe loading=\"lazy\" title=\"ANGELA LEIVA - YA ME OLVID\u00c9\" width=\"640\" height=\"360\" src=\"https:\/\/www.youtube.com\/embed\/-mMLpomDAZA?feature=oembed\" frameborder=\"0\" allow=\"accelerometer; autoplay; clipboard-write; encrypted-media; gyroscope; picture-in-picture; web-share\" referrerpolicy=\"strict-origin-when-cross-origin\" allowfullscreen><\/iframe><\/p>\n<div class=\"sc-80531b6b-0 chRIGJ container-text text-embed\" id=\"element-body-26\">\n<p>En el video, la int\u00e9rprete se muestra<strong> vestida de novia en una iglesia<\/strong>, llorando y tirando una alianza de bodas en un vaso de vino.  <\/p>\n<\/div>\n<div class=\"sc-80531b6b-0 chRIGJ container-text text-embed\" id=\"element-body-27\">\n<p>En una parte de la letra, \u00c1ngela asegura: &#8220;Ya me olvid\u00e9 de todo ese tiempo que no reaccion\u00e9, <strong>no haberme valorado me llevo a caer<\/strong>, sumisa en su maltrato, a solas con mi llanto, hasta que lleg\u00f3 el d\u00eda que me hart\u00e9&#8221;. <\/p>\n<\/div>\n<div class=\"sc-80531b6b-0 chRIGJ container-text text-embed\" id=\"element-body-28\">\n<p>&#8220;<strong>No estando en tus brazos volv\u00ed a ser quien soy<\/strong>, aut\u00e9ntica y libre, de fuerza invencible, mujer que no calla su voz y por fin me di cuenta<strong> no eras el \u00fanico, ni mucho menos el mejor<\/strong>&#8220;, cierra el estribillo del tema. <\/p>\n<\/div>\n<\/div>\n<p><br \/>\n<br \/><a href=\"https:\/\/www.clarin.com\/fama\/angela-leiva-revelo-detalles-separacion-marcelo-weigandt-comi-cuento-hermoso_0_hMH4hGHBd2.html\">Fuente Clarin.com <\/a><\/p>\n","protected":false},"excerpt":{"rendered":"<p>Tras anunciar su separaci\u00f3n de Marcelo Weigandt, \u00c1ngela Leiva ahora decidi\u00f3 abrir su coraz\u00f3n y contar los duros detalles de c\u00f3mo fue el proceso de duelo. A fines de diciembre del 2024, \u00c1ngela Leiva comenz\u00f3 a mostrarse muy enamorada junto a Marcelo Weigandt, exfutbolista de Boca y actual defensor del Inter Miami, equipo donde juega [&hellip;]<\/p>\n","protected":false},"author":1,"featured_media":22553,"comment_status":"open","ping_status":"open","sticky":false,"template":"","format":"standard","meta":{"footnotes":""},"categories":[2],"tags":[17120,10574,8133],"class_list":["post-22552","post","type-post","status-publish","format-standard","has-post-thumbnail","hentry","category-ultimas-noticias","tag-comi","tag-cuento","tag-hermoso"],"_links":{"self":[{"href":"https:\/\/13.com.ar\/index.php\/wp-json\/wp\/v2\/posts\/22552","targetHints":{"allow":["GET"]}}],"collection":[{"href":"https:\/\/13.com.ar\/index.php\/wp-json\/wp\/v2\/posts"}],"about":[{"href":"https:\/\/13.com.ar\/index.php\/wp-json\/wp\/v2\/types\/post"}],"author":[{"embeddable":true,"href":"https:\/\/13.com.ar\/index.php\/wp-json\/wp\/v2\/users\/1"}],"replies":[{"embeddable":true,"href":"https:\/\/13.com.ar\/index.php\/wp-json\/wp\/v2\/comments?post=22552"}],"version-history":[{"count":0,"href":"https:\/\/13.com.ar\/index.php\/wp-json\/wp\/v2\/posts\/22552\/revisions"}],"wp:featuredmedia":[{"embeddable":true,"href":"https:\/\/13.com.ar\/index.php\/wp-json\/wp\/v2\/media\/22553"}],"wp:attachment":[{"href":"https:\/\/13.com.ar\/index.php\/wp-json\/wp\/v2\/media?parent=22552"}],"wp:term":[{"taxonomy":"category","embeddable":true,"href":"https:\/\/13.com.ar\/index.php\/wp-json\/wp\/v2\/categories?post=22552"},{"taxonomy":"post_tag","embeddable":true,"href":"https:\/\/13.com.ar\/index.php\/wp-json\/wp\/v2\/tags?post=22552"}],"curies":[{"name":"wp","href":"https:\/\/api.w.org\/{rel}","templated":true}]}}