{"id":22550,"date":"2025-05-05T17:45:46","date_gmt":"2025-05-05T20:45:46","guid":{"rendered":"https:\/\/13.com.ar\/index.php\/las-formas-en-las-que-dialogan-geografia-y-patrimonio\/"},"modified":"2025-05-05T17:45:46","modified_gmt":"2025-05-05T20:45:46","slug":"las-formas-en-las-que-dialogan-geografia-y-patrimonio","status":"publish","type":"post","link":"https:\/\/13.com.ar\/index.php\/las-formas-en-las-que-dialogan-geografia-y-patrimonio\/","title":{"rendered":"Las formas en las que dialogan geograf\u00eda y patrimonio"},"content":{"rendered":"<p> <br \/>\n<br \/><img decoding=\"async\" src=\"https:\/\/13.com.ar\/wp-content\/uploads\/2025\/05\/Las-formas-en-las-que-dialogan-geografia-y-patrimonio.jpg\" \/><\/p>\n<div id=\"element-body-0\">\n<p>En el escenario de <strong>Casa FOA 2025<\/strong>, los espacios de <strong>paisajismo <\/strong>de esta edici\u00f3n federal invitan a una inmersi\u00f3n <strong>contemplando la tierra <\/strong>en un sentido m\u00e1s amplio que el sustrato como terru\u00f1o, geograf\u00eda o territorio, <strong>como memoria viviente y transformadora del patrimonio<\/strong>.<\/p>\n<\/div>\n<div id=\"element-body-2\">\n<p>Bajo la sombra ancestral de un algarrobo, el<strong> Espacio N\u00b0 24<\/strong> ofrece refugio y calma mientras gu\u00eda el recorrido de la muestra en una especie de ritual de pasaje del hormig\u00f3n de la <strong>ex Academia Arg\u00fcello<\/strong> a las paredes blancas de la antigua casona que existe desde antes (y seguir\u00e1 existiendo porque es casi lo \u00fanico que no se va a demoler, junto con el \u00e1rbol y la exbiblioteca).<\/p>\n<\/div>\n<div id=\"element-body-3\">\n<p>En el coraz\u00f3n de esta Casa FOA, la<strong> Esencia Viva <\/strong>(as\u00ed se llama el espacio) de lo que fue emerge como un oasis. La propuesta del equipo de <strong>Masdar<\/strong>, a cargo de Florencia Nocioni, Noelia Zanella, Nicol\u00e1s Gastaudo, Nadir Laquis, Rodrigo Ceballos y Juliana L\u00f3pez Araoz, se derrama desde y hacia el algarrobo de 350 a\u00f1os.<\/p>\n<\/div>\n<div id=\"element-body-5\">\n<p>\u201cHicimos <strong>un espacio de contemplaci\u00f3n<\/strong>. Quisimos potenciar e integrar el paisaje a la arquitectura. El proyecto fue un desaf\u00edo porque realmente el \u00e1rbol tiene much\u00edsimo protagonismo. Pensamos en <strong>un recorrido para ir descubriendo<\/strong> y, a la vez, entrando a este lugar que invita a quedarse, a detenerse en el tiempo y a sentir la conexi\u00f3n\u201d, detalla Nocioni.<\/p>\n<\/div>\n<div id=\"element-body-6\">\n<p>Con la materialidad elegida (madera, cer\u00e1mica, piedras) y la vegetaci\u00f3n aut\u00f3ctona, m\u00e1s sonidos y aromas agregados, lograron <strong>una envolvente de \u201celementos vivos y naturales para recrear un bosque cordob\u00e9s<\/strong>\u201d.<\/p>\n<\/div>\n<div id=\"element-body-7\">\n<p>El desaf\u00edo se logr\u00f3 y dio sus frutos: Masdar se qued\u00f3 con el premio al <strong>\u201cMejor Espacio de Paisajismo y Biofilia\u201d <\/strong>gracias a esa verdadera experiencia inmersiva.<\/p>\n<\/div>\n<div id=\"element-body-9\">\n<p>Otra oda al paisaje es \u201c<strong>Petricor<\/strong>\u201d, el<strong> Espacio N\u00b0 7<\/strong> desarrollado por Ariel Oliva, de <strong>Oliva Studio<\/strong>. La idea del paisajista que debuta en la edici\u00f3n cordobesa pero ya estuvo en varias ediciones porte\u00f1as (y vino especialmente desde Buenos Aires) fue la de desplegar la cartograf\u00eda cordobesa, evocando la riqueza de sus paisajes.<\/p>\n<\/div>\n<div id=\"element-body-11\">\n<p>\u201cPetricor significa olor a tierra, un aroma que me encanta y que trabaj\u00e9 desde el recambio de pisos con este deck para dar la sensaci\u00f3n de mapa y de viaje por C\u00f3rdoba. Hay un <strong>\u00e1rea social con bancos intervenidos<\/strong> por Cecilia Tomassetti para evocar las rocas\u201d, describe Oliva mientras termina de instalar la \u00faltima luminaria.<\/p>\n<\/div>\n<div id=\"element-body-12\">\n<p>Para Oliva la intenci\u00f3n fue clara: \u201c<strong>hacer un viaje por C\u00f3rdoba<\/strong> en el espacio\u201d. Se trabaj\u00f3 minuciosamente el piso, con un cambio de grilla de deck que refuerza la sensaci\u00f3n de mapa. Un \u00e1rea social invita al encuentro, con bancos intervenidos con un revestimiento similar a la roca.<\/p>\n<\/div>\n<div id=\"element-body-13\">\n<p>\u201cQuise trabajar con una \u00fanica especie, el <strong>caranday<\/strong>, que es una palmera nativa. Por eso, hay una gran instalaci\u00f3n art\u00edstica de Federico Rolla, una especie de invernadero con la germinaci\u00f3n de las semillas, una estructura que gotea sobre las plantas y termina en el desarrollo de los textiles de las comunidades del norte de la provincia -intervenci\u00f3n de Claudia Santanera &#8211; representados en esta estructura de alambique y de producci\u00f3n de caranday\u201d, explica Oliva.<\/p>\n<\/div>\n<div id=\"element-body-15\">\n<p>La escenograf\u00eda se completa con <strong>muebles de aluminio s\u00edmil madera<\/strong> tapizados con telas especiales.<\/p>\n<\/div>\n<div id=\"element-body-17\">\n<p>En el <strong>Espacio N\u00b0 43<\/strong>, de <strong>Maluf &amp; Asoc<\/strong>. junto con <strong>IASE Architecture<\/strong>, el equipo formado por Nora Maluf, Sof\u00eda Quiligotti, Mar\u00eda Vega y Lucas Asensio, pens\u00f3 en un patio interior como una conexi\u00f3n sensorial y experimental. As\u00ed, el paisajismo se integra a las propuestas de los otros espacios del desarrollador que funcionan como <strong>unidades modelo <\/strong>(vivienda y oficina) y dialoga tambi\u00e9n con la exbiblioteca contigua, el Espacio N\u00b0 42 Auditorio.<\/p>\n<\/div>\n<div id=\"element-body-19\">\n<p>En el lugar tambi\u00e9n <strong>un \u00e1rbol central <\/strong>da la bienvenida. \u201cSe percibe como un \u00edcono y punto focal, generando un juego de luces y sombras a trav\u00e9s de sus ramas y follaje\u201d, cuentan. <\/p>\n<\/div>\n<div id=\"element-body-20\">\n<p>Las <strong>t\u00edpicas acequias<\/strong> de la ciudad y tambi\u00e9n de Arg\u00fcello est\u00e1n reflejadas en el sonido y el fluir del agua. La propuesta se completa con vegetaci\u00f3n y espejos que amplifican la superficie, \u201cpermitiendo al visitante percibir el paisaje que deja atr\u00e1s y anunciando el paso hacia los siguientes espacios\u201d.<\/p>\n<\/div>\n<div id=\"element-body-21\">\n<p>El<strong> Espacio N\u00b032<\/strong>, <strong>expansi\u00f3n de la Cafeter\u00eda<\/strong>, tambi\u00e9n cuenta como paisaje y vale la pena nombrarlo, aunque no haya estado terminado para la visita, al igual que otros espacios.<\/p>\n<\/div>\n<p><br \/>\n<br \/><a href=\"https:\/\/www.clarin.com\/arq\/formas-dialogan-geografia-patrimonio_0_H9aW3BVjCK.html\">Fuente Clarin.com <\/a><\/p>\n","protected":false},"excerpt":{"rendered":"<p>En el escenario de Casa FOA 2025, los espacios de paisajismo de esta edici\u00f3n federal invitan a una inmersi\u00f3n contemplando la tierra en un sentido m\u00e1s amplio que el sustrato como terru\u00f1o, geograf\u00eda o territorio, como memoria viviente y transformadora del patrimonio. Bajo la sombra ancestral de un algarrobo, el Espacio N\u00b0 24 ofrece refugio [&hellip;]<\/p>\n","protected":false},"author":1,"featured_media":22551,"comment_status":"open","ping_status":"open","sticky":false,"template":"","format":"standard","meta":{"footnotes":""},"categories":[2],"tags":[17118,3477,17119,48,8508],"class_list":["post-22550","post","type-post","status-publish","format-standard","has-post-thumbnail","hentry","category-ultimas-noticias","tag-dialogan","tag-formas","tag-geografia","tag-las","tag-patrimonio"],"_links":{"self":[{"href":"https:\/\/13.com.ar\/index.php\/wp-json\/wp\/v2\/posts\/22550","targetHints":{"allow":["GET"]}}],"collection":[{"href":"https:\/\/13.com.ar\/index.php\/wp-json\/wp\/v2\/posts"}],"about":[{"href":"https:\/\/13.com.ar\/index.php\/wp-json\/wp\/v2\/types\/post"}],"author":[{"embeddable":true,"href":"https:\/\/13.com.ar\/index.php\/wp-json\/wp\/v2\/users\/1"}],"replies":[{"embeddable":true,"href":"https:\/\/13.com.ar\/index.php\/wp-json\/wp\/v2\/comments?post=22550"}],"version-history":[{"count":0,"href":"https:\/\/13.com.ar\/index.php\/wp-json\/wp\/v2\/posts\/22550\/revisions"}],"wp:featuredmedia":[{"embeddable":true,"href":"https:\/\/13.com.ar\/index.php\/wp-json\/wp\/v2\/media\/22551"}],"wp:attachment":[{"href":"https:\/\/13.com.ar\/index.php\/wp-json\/wp\/v2\/media?parent=22550"}],"wp:term":[{"taxonomy":"category","embeddable":true,"href":"https:\/\/13.com.ar\/index.php\/wp-json\/wp\/v2\/categories?post=22550"},{"taxonomy":"post_tag","embeddable":true,"href":"https:\/\/13.com.ar\/index.php\/wp-json\/wp\/v2\/tags?post=22550"}],"curies":[{"name":"wp","href":"https:\/\/api.w.org\/{rel}","templated":true}]}}