{"id":22546,"date":"2025-05-05T17:39:29","date_gmt":"2025-05-05T20:39:29","guid":{"rendered":"https:\/\/13.com.ar\/index.php\/apos-entendimento-com-brasil-argentina-fica-no-mercosul\/"},"modified":"2025-05-05T17:39:29","modified_gmt":"2025-05-05T20:39:29","slug":"apos-entendimento-com-brasil-argentina-fica-no-mercosul","status":"publish","type":"post","link":"https:\/\/13.com.ar\/index.php\/apos-entendimento-com-brasil-argentina-fica-no-mercosul\/","title":{"rendered":"Ap\u00f3s entendimento com Brasil, Argentina fica no Mercosul"},"content":{"rendered":"<p> <br \/>\n<br \/><img decoding=\"async\" src=\"https:\/\/13.com.ar\/wp-content\/uploads\/2025\/05\/Apos-entendimento-com-Brasil-Argentina-fica-no-Mercosul.jpg\" \/><\/p>\n<div id=\"element-body-0\">\n<p>Na sexta-feira (2), os ministros das Rela\u00e7\u00f5es Exteriores dos pa\u00edses do Mercosul se reuniram em Buenos Aires para afinar detalhes antes do encontro semestral dos presidentes, que ser\u00e1 no dia tr\u00eas de julho na capital argentina. <\/p>\n<\/div>\n<div id=\"element-body-1\">\n<p>O presidente Luiz In\u00e1cio Lula da Silva j\u00e1 confirmou presen\u00e7a e ele e o presidente argentino Javier Milei, que n\u00e3o se falam, voltar\u00e3o a estar numa mesma sala de reuni\u00e3o \u2013 j\u00e1 ocorreu em reuni\u00f5es anteriores do Mercosul e na c\u00fapula do G20, no Rio de Janeiro. Segundo fontes do Itamaraty, o clima da reuni\u00e3o dos chanceleres, na sexta-feira, foi positivo, com a \u201cbusca de acomoda\u00e7\u00e3o de interesses leg\u00edtimos\u201d. O presidente da Argentina tinha declarado, no in\u00edcio deste ano, que o Mercosul \u00e9 \u201cuma pris\u00e3o\u201d e sugeriu que seu pa\u00eds poderia deixar o bloco fundado h\u00e1 mais de 30 anos. <\/p>\n<\/div>\n<div id=\"element-body-2\">\n<p>Milei \u00e9 defensor do livre com\u00e9rcio e tem reduzido barreiras de importa\u00e7\u00e3o para alguns setores do seu pa\u00eds, o que desagrada camadas industriais da economia argentina. No entanto, apesar de seu forte interesse pelos Estados Unidos e de sua admira\u00e7\u00e3o declarada por Donald Trump, Milei parece ter desistido de tirar a Argentina do Mercosul. Dois fatos foram decisivos para a guinada. A Argentina, como o Brasil e outros pa\u00edses da Am\u00e9rica do Sul, tamb\u00e9m faz parte dos que receberam as chamadas tarifas rec\u00edprocas de Trump. <\/p>\n<\/div>\n<div id=\"element-body-3\">\n<p>Ao mesmo tempo, os pa\u00edses do Mercosul (Brasil, Paraguai e Uruguai) concordaram com a possibilidade de a Argentina negociar uma rela\u00e7\u00e3o de pelo menos 50 produtos que teriam livre com\u00e9rcio com os Estados Unidos. <\/p>\n<\/div>\n<div id=\"element-body-4\">\n<p>Neste contexto, h\u00e1 v\u00e1rios dias Milei deixou de falar que seu pa\u00eds deixaria o Mercosul. Segundo reportagem do Clar\u00edn em espanhol, publicada nesta segunda-feira, o subsecret\u00e1rio para Pol\u00edtica Comercial e Negocia\u00e7\u00f5es do Departamento de Estado dos Estados Unidos, Robert Garverick, esteve em Buenos Aires h\u00e1 dez dias, onde se reuniu com empres\u00e1rios e autoridades do governo Milei. As tarifas rec\u00edprocas e a rela\u00e7\u00e3o de 50 produtos teriam sido os motivos da visita que s\u00f3 agora foi revelada. E ela ocorreu poucos dias depois da visita do secret\u00e1rio do Tesouro dos EUA, Scott Bessent, que na ocasi\u00e3o fez fortes cr\u00edticas contra a China durante entrevista \u00e0 ag\u00eancia de not\u00edcias Bloomberg, e do novo chefe do Comando Sul dos EUA, almirante Alvin Holsey. <\/p>\n<\/div>\n<div id=\"element-body-5\">\n<p>As autoridades do governo Trump (o secret\u00e1rio de Estado, Marco Rub\u00edo e Bessent) sugeriram que a Argentina deveria escolher entre os Estados Unidos e a China. A Argentina tem um acordo financeiro com a China, importante para o refor\u00e7o de suas magras reservas do Banco Central, e acaba de chegar a um novo acordo com o Fundo Monet\u00e1rio Internacional (FMI), onde os EUA t\u00eam voto decisivo. Um acordo por cerca de US$ 20 bilh\u00f5es que em troca exige privatiza\u00e7\u00f5es e uma nova reforma da previd\u00eancia social, por exemplo. <\/p>\n<\/div>\n<p><br \/>\n<br \/><a href=\"https:\/\/www.clarin.com\/clarin-em-portugues\/apos-entendimento-com-brasil-argentina-fica-mercosul_0_nO6dnienVV.html\">Fuente Clarin.com <\/a><\/p>\n","protected":false},"excerpt":{"rendered":"<p>Na sexta-feira (2), os ministros das Rela\u00e7\u00f5es Exteriores dos pa\u00edses do Mercosul se reuniram em Buenos Aires para afinar detalhes antes do encontro semestral dos presidentes, que ser\u00e1 no dia tr\u00eas de julho na capital argentina. O presidente Luiz In\u00e1cio Lula da Silva j\u00e1 confirmou presen\u00e7a e ele e o presidente argentino Javier Milei, que [&hellip;]<\/p>\n","protected":false},"author":1,"featured_media":22547,"comment_status":"open","ping_status":"open","sticky":false,"template":"","format":"standard","meta":{"footnotes":""},"categories":[2],"tags":[17112,288,85,17113,17114,16450],"class_list":["post-22546","post","type-post","status-publish","format-standard","has-post-thumbnail","hentry","category-ultimas-noticias","tag-apos","tag-argentina","tag-brasil","tag-entendimento","tag-fica","tag-mercosul"],"_links":{"self":[{"href":"https:\/\/13.com.ar\/index.php\/wp-json\/wp\/v2\/posts\/22546","targetHints":{"allow":["GET"]}}],"collection":[{"href":"https:\/\/13.com.ar\/index.php\/wp-json\/wp\/v2\/posts"}],"about":[{"href":"https:\/\/13.com.ar\/index.php\/wp-json\/wp\/v2\/types\/post"}],"author":[{"embeddable":true,"href":"https:\/\/13.com.ar\/index.php\/wp-json\/wp\/v2\/users\/1"}],"replies":[{"embeddable":true,"href":"https:\/\/13.com.ar\/index.php\/wp-json\/wp\/v2\/comments?post=22546"}],"version-history":[{"count":0,"href":"https:\/\/13.com.ar\/index.php\/wp-json\/wp\/v2\/posts\/22546\/revisions"}],"wp:featuredmedia":[{"embeddable":true,"href":"https:\/\/13.com.ar\/index.php\/wp-json\/wp\/v2\/media\/22547"}],"wp:attachment":[{"href":"https:\/\/13.com.ar\/index.php\/wp-json\/wp\/v2\/media?parent=22546"}],"wp:term":[{"taxonomy":"category","embeddable":true,"href":"https:\/\/13.com.ar\/index.php\/wp-json\/wp\/v2\/categories?post=22546"},{"taxonomy":"post_tag","embeddable":true,"href":"https:\/\/13.com.ar\/index.php\/wp-json\/wp\/v2\/tags?post=22546"}],"curies":[{"name":"wp","href":"https:\/\/api.w.org\/{rel}","templated":true}]}}