{"id":22544,"date":"2025-05-05T17:36:51","date_gmt":"2025-05-05T20:36:51","guid":{"rendered":"https:\/\/13.com.ar\/index.php\/recuerdo-su-entrega-su-profesionalismo-y-la-gran-huella-que-dejo-dentro-y-fuera-de-la-cancha\/"},"modified":"2025-05-05T17:36:51","modified_gmt":"2025-05-05T20:36:51","slug":"recuerdo-su-entrega-su-profesionalismo-y-la-gran-huella-que-dejo-dentro-y-fuera-de-la-cancha","status":"publish","type":"post","link":"https:\/\/13.com.ar\/index.php\/recuerdo-su-entrega-su-profesionalismo-y-la-gran-huella-que-dejo-dentro-y-fuera-de-la-cancha\/","title":{"rendered":"Recuerdo su entrega, su profesionalismo y la gran huella que dej\u00f3 dentro y fuera de la cancha"},"content":{"rendered":"<p> <br \/>\n<br \/><img decoding=\"async\" src=\"https:\/\/13.com.ar\/wp-content\/uploads\/2025\/05\/Recuerdo-su-entrega-su-profesionalismo-y-la-gran-huella-que.jpg\" \/><\/p>\n<div id=\"element-body-0\">\n<p><strong>Luis Galv\u00e1n<\/strong> muri\u00f3 este lunes en C\u00f3rdoba a los 77 a\u00f1os, luego de pasar las \u00faltimas semanas internado en la cl\u00ednica <em>Reina Fabiola<\/em> de la capital provincial a ra\u00edz de una neumon\u00eda bilateral. El <em>Maestro<\/em>, campe\u00f3n con la Selecci\u00f3n Argentina en la Copa del Mundo de 1978 y aclamado por Talleres de C\u00f3rdoba, club en el que mantiene el r\u00e9cord de presencias, fue despedido en las redes sociales por hist\u00f3ricas personalidades con las que comparti\u00f3 su carrera.<\/p>\n<\/div>\n<div id=\"element-body-1\">\n<p>Tras el anuncio del club cordob\u00e9s en el que comunicaron el fallecimiento del campe\u00f3n del mundo, los mensajes de despedida no dejaron de multiplicarse. <strong>Mario Alberto Kempes<\/strong>, junto a Jos\u00e9 Daniel Valencia, ambos parte de aquel glorioso plantel de Argentina 78, publicaron en sus perfiles de Instagram comunicados profundos al respecto para honrar a Galv\u00e1n, tanto en lo futbol\u00edstico como en lo individual.<\/p>\n<\/div>\n<div id=\"element-body-2\">\n<blockquote class=\"twitter-tweet\">\n<p lang=\"es\" dir=\"ltr\">\ud835\udddb\ud835\uddee\ud835\ude00\ud835\ude01\ud835\uddee \ud835\ude00\ud835\uddf6\ud835\uddf2\ud835\uddfa\ud835\uddfd\ud835\uddff\ud835\uddf2 \ud835\udddf\ud835\ude02\ud835\uddf6\ud835\ude00.<\/p>\n<p>Comunicamos con mucha tristeza el fallecimiento de Luis Adolfo Galv\u00e1n, emblema del Club y Campe\u00f3n del Mundo Selecci\u00f3n Argentina en 1978.<\/p>\n<p>Acompa\u00f1amos a su familia y seres queridos en este momento, y elevamos nuestras oraciones por el eterno\u2026 <a rel=\"nofollow\" target=\"_blank\" href=\"https:\/\/t.co\/Yr619tzzbW\">pic.twitter.com\/Yr619tzzbW<\/a><\/p>\n<p>\u2014 Club Atl\u00e9tico Talleres (@CATalleresdecba) <a rel=\"nofollow\" target=\"_blank\" href=\"https:\/\/twitter.com\/CATalleresdecba\/status\/1919429673814994975?ref_src=twsrc%5Etfw\">May 5, 2025<\/a><\/p><\/blockquote>\n<\/div>\n<div id=\"element-body-3\">\n<p>Mario Alberto Kempes, destacado en el m\u00edtico equipo dirigido por C\u00e9sar Luis Menotti, fue uno de los primeros en dedicarle una c\u00e1lida despedida en sus redes sociales al nacido en Santiago del Estero. Sobre su &#8220;compa\u00f1ero de lucha y gloria en la Selecci\u00f3n de 1978&#8221;, acentu\u00f3 que Galv\u00e1n se desenvolv\u00eda como un &#8220;ser humano excepcional, siempre dispuesto a aportar su sabidur\u00eda y su esfuerzo&#8221;. <\/p>\n<\/div>\n<div id=\"element-body-4\">\n<p>&#8220;Su nombre quedar\u00e1 grabado para siempre en la memoria colectiva de todos los que vivimos esa inolvidable victoria. Hoy, el f\u00fatbol argentino pierde a un gran jugador, pero su legado ser\u00e1 eterno. A su familia, amigos y seres queridos, le env\u00edo mis m\u00e1s sentidas condolencias&#8221;, escribi\u00f3 el <em>Matador <\/em>en un sentido comunicado.<\/p>\n<\/div>\n<div id=\"element-body-5\">\n<p>Luego, cerr\u00f3: &#8220;Que el amor y la admiraci\u00f3n que sentimos por Luis les brinden consuelo en estos momentos tan dif\u00edciles. Gracias, Luis, por todo lo que nos diste. Te extra\u00f1aremos, pero tu legado jam\u00e1s ser\u00e1 olvidado&#8221;.<\/p>\n<\/div>\n<div id=\"element-body-7\">\n<p>El juje\u00f1o Jos\u00e9 Daniel<em> <\/em>Valencia, alias la <em>Rana<\/em>, tambi\u00e9n glorioso en aquel Mundial de 1978, goz\u00f3 de compartir equipo con Galv\u00e1n no s\u00f3lo en la Selecci\u00f3n, sino tambi\u00e9n en Talleres de C\u00f3rdoba. En su perfil de Instagram, comparti\u00f3 una sentida despedida a su incondicional compa\u00f1ero en la que destac\u00f3 las excelentes cualidades futbol\u00edsticas y humanas del santiague\u00f1o.<\/p>\n<\/div>\n<div id=\"element-body-8\">\n<p>&#8220;Los diarios lo calificaron con un 10 en aquella final contra Holanda. Para m\u00ed, se quedaron cortos. Porque desde Santiago del Estero, desde el interior profundo del pa\u00eds, no hab\u00eda nacido solo un campe\u00f3n del mundo. Hab\u00eda nacido una leyenda. \u00a1Qu\u00e9 privilegio fue disfrutar tantos a\u00f1os de vos, Luisito!&#8221;, escribi\u00f3 en su emotiva publicaci\u00f3n.<\/p>\n<\/div>\n<div id=\"element-body-9\">\n<p>Tambi\u00e9n, <em>Rana <\/em>destac\u00f3 el gesto que su amado club cordob\u00e9s tuvo este mismo fin de semana, cuando desplegaron sobre la platea <em>Gaspar\u00edn <\/em>un tel\u00f3n de Luis Galv\u00e1n con el apodo de &#8220;El Maestro&#8221; debajo de una imagen suya durante su paso en Talleres. &#8220;Ojal\u00e1 hayas podido verla. Era un mimo que te merec\u00edas hace much\u00edsimo tiempo. Tal vez s\u00ed la viste. Tal vez era ese \u00faltimo saludo que estabas esperando para irte. A los que quedamos ac\u00e1 nos duele. Duele mucho&#8221;, agreg\u00f3 sobre tal reconocimiento.<\/p>\n<\/div>\n<div id=\"element-body-11\">\n<p>&#8220;Y a m\u00ed, en lo personal, me pesa haber tenido que escribir tantas despedidas. El tiempo avanza sin pedir permiso, llev\u00e1ndose pedazos de lo que fuimos\u2026 Pero no se lleva todo. Porque all\u00e1 donde vayas, estoy seguro de que vas a seguir ense\u00f1ando. Gracias por tanto, Luis. Un abrazo eterno. Para siempre&#8221;, cerr\u00f3 Valencia.<\/p>\n<\/div>\n<p><script async src=\"\/\/platform.twitter.com\/widgets.js\" charset=\"utf-8\"><\/script><br \/>\n<br \/><br \/>\n<br \/><a href=\"https:\/\/www.clarin.com\/deportes\/emotiva-despedida-matador-kempes-luis-galvan-recuerdo-entrega-profesionalismo-gran-huella-dejo-dentro-cancha_0_UUuBEt23jR.html\">Fuente Clarin.com <\/a><\/p>\n","protected":false},"excerpt":{"rendered":"<p>Luis Galv\u00e1n muri\u00f3 este lunes en C\u00f3rdoba a los 77 a\u00f1os, luego de pasar las \u00faltimas semanas internado en la cl\u00ednica Reina Fabiola de la capital provincial a ra\u00edz de una neumon\u00eda bilateral. El Maestro, campe\u00f3n con la Selecci\u00f3n Argentina en la Copa del Mundo de 1978 y aclamado por Talleres de C\u00f3rdoba, club en [&hellip;]<\/p>\n","protected":false},"author":1,"featured_media":22545,"comment_status":"open","ping_status":"open","sticky":false,"template":"","format":"standard","meta":{"footnotes":""},"categories":[2],"tags":[5078,647,107,2857,6093,925,3886,17111,1942],"class_list":["post-22544","post","type-post","status-publish","format-standard","has-post-thumbnail","hentry","category-ultimas-noticias","tag-cancha","tag-dejo","tag-dentro","tag-entrega","tag-fuera","tag-gran","tag-huella","tag-profesionalismo","tag-recuerdo"],"_links":{"self":[{"href":"https:\/\/13.com.ar\/index.php\/wp-json\/wp\/v2\/posts\/22544","targetHints":{"allow":["GET"]}}],"collection":[{"href":"https:\/\/13.com.ar\/index.php\/wp-json\/wp\/v2\/posts"}],"about":[{"href":"https:\/\/13.com.ar\/index.php\/wp-json\/wp\/v2\/types\/post"}],"author":[{"embeddable":true,"href":"https:\/\/13.com.ar\/index.php\/wp-json\/wp\/v2\/users\/1"}],"replies":[{"embeddable":true,"href":"https:\/\/13.com.ar\/index.php\/wp-json\/wp\/v2\/comments?post=22544"}],"version-history":[{"count":0,"href":"https:\/\/13.com.ar\/index.php\/wp-json\/wp\/v2\/posts\/22544\/revisions"}],"wp:featuredmedia":[{"embeddable":true,"href":"https:\/\/13.com.ar\/index.php\/wp-json\/wp\/v2\/media\/22545"}],"wp:attachment":[{"href":"https:\/\/13.com.ar\/index.php\/wp-json\/wp\/v2\/media?parent=22544"}],"wp:term":[{"taxonomy":"category","embeddable":true,"href":"https:\/\/13.com.ar\/index.php\/wp-json\/wp\/v2\/categories?post=22544"},{"taxonomy":"post_tag","embeddable":true,"href":"https:\/\/13.com.ar\/index.php\/wp-json\/wp\/v2\/tags?post=22544"}],"curies":[{"name":"wp","href":"https:\/\/api.w.org\/{rel}","templated":true}]}}