{"id":2254,"date":"2025-02-05T14:54:32","date_gmt":"2025-02-05T17:54:32","guid":{"rendered":"https:\/\/13.com.ar\/index.php\/el-temor-de-las-familias-por-los-sismos-dejo-desierta-a-la-paradisiaca-isla-griega\/"},"modified":"2025-02-05T14:54:32","modified_gmt":"2025-02-05T17:54:32","slug":"el-temor-de-las-familias-por-los-sismos-dejo-desierta-a-la-paradisiaca-isla-griega","status":"publish","type":"post","link":"https:\/\/13.com.ar\/index.php\/el-temor-de-las-familias-por-los-sismos-dejo-desierta-a-la-paradisiaca-isla-griega\/","title":{"rendered":"el temor de las familias por los sismos dej\u00f3 desierta a la paradis\u00edaca isla griega"},"content":{"rendered":"<p> <br \/>\n<br \/><img decoding=\"async\" src=\"https:\/\/13.com.ar\/wp-content\/uploads\/2025\/02\/el-temor-de-las-familias-por-los-sismos-dejo-desierta.jpg\" \/><\/p>\n<div id=\"cuerpo\">\n<div class=\"sc-80531b6b-0 chRIGJ container-text text-embed\">\n<p><strong>Santorini<\/strong> se caracteriza por estar plagada de turistas que no quieren perderse las espectaculares postales de la isla del mar Egeo. Sin embargo, <strong>una seguidilla de sismos los \u00faltimos d\u00edas alter\u00f3 los planes. <\/strong>Y no solo provoc\u00f3 que los visitantes escapen hacia Atenas, sino que los propios residentes -atemorizados por el vendaval de r\u00e9plicas- tomaron sus valijas y se sumaron a la huida. <strong>Al menos 11.000 personas<\/strong>, la mayor parte habitantes de la isla con sus hijos, decidieron marchar.<\/p>\n<\/div>\n<div class=\"sc-80531b6b-0 chRIGJ container-text text-embed\">\n<p><strong>Los principales motivos eran dos<\/strong>: que se registre un temblor mayor a los 5 grados de magnitud que sacudieron al lugar, o que los dos volcanes de la zona entren en erupci\u00f3n.<\/p>\n<\/div>\n<div class=\"sc-80531b6b-0 chRIGJ container-text text-embed\">\n<p>Actualmente, las im\u00e1genes que llegan desde los medios griegos recuerdan a la cuarentena por la pandemia del Covid-19, ya que los dos pueblos m\u00e1s grandes y tur\u00edsticos de Santorini, Oia, y Fira, est\u00e1n totalmente desiertos. Solo quedaron algunos turistas \u201cvalientes\u201d y unos de <strong>4.000 residentes<\/strong>, que en su mayor\u00eda son adultos mayores, seg\u00fan la emisora Alpha.<\/p>\n<\/div>\n<div class=\"sc-80531b6b-0 chRIGJ container-text text-embed\">\n<p>La diferencia es que en aquel momento era con los habitantes adentro de sus casas para prevenir el contagio del virus, y en este caso es directamente sin personas en la isla. Digna de una postal de abandono total del pueblo, como si hubiera habido una plaga zombie.<\/p>\n<\/div>\n<div class=\"sc-80531b6b-0 chRIGJ container-text text-embed\">\n<p>Yeorgia Diela, periodista en dos medios locales de Santorini, vive desde hace a\u00f1os en este lugar paradis\u00edaco con su marido y tres hijos, y sigue en la isla para cubrir el fen\u00f3meno y sus repercusiones. <strong>\u201cTodos se est\u00e1n yendo, imag\u00ednate que no encuentro a nadie para que me diga algo\u201d<\/strong>, explic\u00f3 preocupada.<\/p>\n<\/div>\n<div class=\"sc-80531b6b-0 chRIGJ container-text text-embed\">\n<p>Adem\u00e1s, Diela agreg\u00f3 que &#8220;una parte de los residentes se hab\u00edan ido de vacaciones antes de que empezara la temporada de primavera&#8221;, pero que con el comienzo de los sismos, tuvieron que posponer su regreso.<\/p>\n<\/div>\n<div class=\"sc-80531b6b-0 chRIGJ container-text text-embed\">\n<p>El primer ministro de Grecia, Kyriakos Mitsotakis, reiter\u00f3 este mi\u00e9rcoles a los isle\u00f1os que<strong> &#8220;mantengan la calma&#8221;<\/strong> y que ante este fen\u00f3meno complejo, obedezcan a las instrucciones de las autoridades, mientras asegur\u00f3 que el Estado &#8220;est\u00e1 preparado para cualquier posibilidad&#8221;.<\/p>\n<\/div>\n<p><h2><strong>\u00bfPueden continuar los terremotos en la isla?<\/strong><\/h2>\n<\/p>\n<div class=\"sc-80531b6b-0 chRIGJ container-text text-embed\">\n<p>La mayor\u00eda de los sism\u00f3logos y ge\u00f3logos consultados indicaron que las posibilidades de que se registre un terremoto de una magnitud mayor a 6 son escasas,<strong> aunque coincidieron en que probablemente los sismos seguir\u00e1n sacudiendo la isla durante algunas semanas, o quiz\u00e1s meses<\/strong>.<\/p>\n<\/div>\n<div class=\"sc-80531b6b-0 chRIGJ container-text text-embed\">\n<p>El profesor de Gesti\u00f3n de Desastres Naturales, Efthimis Lekkas,advirti\u00f3 que existe un alto riesgo de que se registren deslplazamientos de tierra a lo largo de toda la zona volc\u00e1nica de Santorini, al borde de la cual est\u00e1 construida su capital, Fira, y uno de sus pueblos m\u00e1s grandes, Oia.<\/p>\n<\/div>\n<div class=\"sc-80531b6b-0 chRIGJ container-text text-embed\">\n<p>En lo que coincidieron todos los expertos es que esta actividad s\u00edsmica se debe principalmente a la falla submarina de \u00c1nydros, ubicada entre Santorini y Amorgos, en el Mar Egeo. Por el momento, esto no tiene relaci\u00f3n con los dos volcanes de la zona, aunque no significa que exista la posibilidad de una reactivaci\u00f3n por los movimientos.<\/p>\n<\/div>\n<\/div>\n<p><br \/>\n<br \/><a href=\"https:\/\/www.clarin.com\/internacional\/santorini-grecia-terremoto_0_3aCzpI49XY.html\">Fuente Clarin.com <\/a><\/p>\n","protected":false},"excerpt":{"rendered":"<p>Santorini se caracteriza por estar plagada de turistas que no quieren perderse las espectaculares postales de la isla del mar Egeo. Sin embargo, una seguidilla de sismos los \u00faltimos d\u00edas alter\u00f3 los planes. Y no solo provoc\u00f3 que los visitantes escapen hacia Atenas, sino que los propios residentes -atemorizados por el vendaval de r\u00e9plicas- tomaron [&hellip;]<\/p>\n","protected":false},"author":1,"featured_media":2255,"comment_status":"open","ping_status":"open","sticky":false,"template":"","format":"standard","meta":{"footnotes":""},"categories":[2],"tags":[647,4152,2237,4155,4154,48,28,4153,142,4151,4150],"class_list":["post-2254","post","type-post","status-publish","format-standard","has-post-thumbnail","hentry","category-ultimas-noticias","tag-dejo","tag-desierta","tag-familias","tag-griega","tag-isla","tag-las","tag-los","tag-paradisiaca","tag-por","tag-sismos","tag-temor"],"_links":{"self":[{"href":"https:\/\/13.com.ar\/index.php\/wp-json\/wp\/v2\/posts\/2254","targetHints":{"allow":["GET"]}}],"collection":[{"href":"https:\/\/13.com.ar\/index.php\/wp-json\/wp\/v2\/posts"}],"about":[{"href":"https:\/\/13.com.ar\/index.php\/wp-json\/wp\/v2\/types\/post"}],"author":[{"embeddable":true,"href":"https:\/\/13.com.ar\/index.php\/wp-json\/wp\/v2\/users\/1"}],"replies":[{"embeddable":true,"href":"https:\/\/13.com.ar\/index.php\/wp-json\/wp\/v2\/comments?post=2254"}],"version-history":[{"count":0,"href":"https:\/\/13.com.ar\/index.php\/wp-json\/wp\/v2\/posts\/2254\/revisions"}],"wp:featuredmedia":[{"embeddable":true,"href":"https:\/\/13.com.ar\/index.php\/wp-json\/wp\/v2\/media\/2255"}],"wp:attachment":[{"href":"https:\/\/13.com.ar\/index.php\/wp-json\/wp\/v2\/media?parent=2254"}],"wp:term":[{"taxonomy":"category","embeddable":true,"href":"https:\/\/13.com.ar\/index.php\/wp-json\/wp\/v2\/categories?post=2254"},{"taxonomy":"post_tag","embeddable":true,"href":"https:\/\/13.com.ar\/index.php\/wp-json\/wp\/v2\/tags?post=2254"}],"curies":[{"name":"wp","href":"https:\/\/api.w.org\/{rel}","templated":true}]}}