{"id":22530,"date":"2025-05-05T17:03:32","date_gmt":"2025-05-05T20:03:32","guid":{"rendered":"https:\/\/13.com.ar\/index.php\/semillas-creativas-que-brotan-desde-cordoba\/"},"modified":"2025-05-05T17:03:32","modified_gmt":"2025-05-05T20:03:32","slug":"semillas-creativas-que-brotan-desde-cordoba","status":"publish","type":"post","link":"https:\/\/13.com.ar\/index.php\/semillas-creativas-que-brotan-desde-cordoba\/","title":{"rendered":"Semillas creativas que brotan desde C\u00f3rdoba"},"content":{"rendered":"<p> <br \/>\n<\/p>\n<div id=\"cuerpo\">\n<div class=\"sc-80531b6b-0 chRIGJ container-text text-embed\" id=\"element-body-0\">\n<p>Como siempre, <strong>Casa FOA <\/strong>suele ser una<strong> plataforma para la generaci\u00f3n emergente<\/strong>. Con ideas frescas y much\u00edsima expectativa, representantes de cinco espacios cuentan su experiencia. La mayor\u00eda hizo su debut en la tercera edici\u00f3n cordobesa.<\/p>\n<\/div>\n<p><h2>Cafeter\u00eda premiada<\/h2>\n<\/p>\n<div class=\"sc-80531b6b-0 chRIGJ container-text text-embed\" id=\"element-body-2\">\n<p>La efervescencia y el atrevimiento de <strong>El Charly de G\u00fcemes<\/strong> (Gast\u00f3n Balangero) <strong>y Lucas Ramacciotti <\/strong>no pasaron desapercibidas. La <strong>Cafeter\u00eda <\/strong>que dise\u00f1aron en el <strong>Espacio N\u00b0 31<\/strong> se llev\u00f3 el <strong>Premio \u201cAl Nuevo Talento\u201d<\/strong>.<\/p>\n<\/div>\n<div class=\"sc-80531b6b-0 chRIGJ container-text text-embed\" id=\"element-body-3\">\n<p>Arquitectos y ex compa\u00f1eros de trabajo, cuentan con gran entusiasmo en su \u201cprimera nota a la prensa\u201d que se animaron a participar por<strong> sugerencia de un proveedor.<\/strong> \u201cSi bien nos dedicamos a espacios gastron\u00f3micos, pens\u00e1bamos empezar por algo m\u00e1s chico. El a\u00f1o pasado vinimos a ver la muestra y nos preguntamos qu\u00e9 se sentir\u00eda estar del otro lado\u201d, sinceran sobre la idea de formar parte de un evento que les parec\u00eda exclusivo y distante.<\/p>\n<\/div>\n<div class=\"sc-98b114a2-0 bkqiHH image-embed  image-embed \" id=\"element-body-4\"><picture class=\"sc-98b114a2-1 jRUlDm\"><source media=\"(min-width: 975px)\" width=\"720\" height=\"480\" \/><img alt=\"Clubcita, la intimidad de la Cafeter\u00eda ganadora.\" loading=\"lazy\" width=\"720\" height=\"480\" decoding=\"async\" data-nimg=\"1\" style=\"color:transparent\" src=\"https:\/\/13.com.ar\/wp-content\/uploads\/2025\/05\/Semillas-creativas-que-brotan-desde-Cordoba.jpg\"\/><span class=\"epigraphe\">Clubcita, la intimidad de la Cafeter\u00eda ganadora.<\/span><span class=\"picture-open\"><button class=\"open-image\" aria-label=\"Open Image\"\/><\/span><\/picture><\/div>\n<div class=\"sc-80531b6b-0 chRIGJ container-text text-embed\" id=\"element-body-5\">\n<p>La magnitud del espacio los intimid\u00f3 pero la realidad es que conocen muy bien el pa\u00f1o. Comenzaron hace a\u00f1os con <strong>Pablo Dellatorre<\/strong>, arquitecto especialista en locales gastron\u00f3micos, a quien recordaron m\u00e1s que con afecto y gratitud (NdeR: falleci\u00f3 d\u00edas antes de comenzar Casa FOA).<\/p>\n<\/div>\n<div class=\"sc-80531b6b-0 chRIGJ container-text text-embed\" id=\"element-body-6\">\n<p>\u201cSin duda, nos llamaron por lo que hicimos juntos, no por virtud individual. As\u00ed que encaramos juntos el proyecto\u201d, cuenta Ramacciotti sobre la idea de construir algo que se sent\u00eda familiar. El resultado, en su definici\u00f3n: una moneda con una cara diurna y una nocturna. O dos espacios para dos momentos distintos: <strong>Olivea y Clubcita<\/strong>.<\/p>\n<\/div>\n<div class=\"sc-80531b6b-0 chRIGJ container-text text-embed\" id=\"element-body-7\">\n<p>As\u00ed, desde la oscuridad del <strong>peque\u00f1o t\u00fanel <\/strong>con una \u00fanica mesa para pocos y una barra detr\u00e1s (Clubcita) se llega a la luz y a la sorpresa de descubrir un <strong>enorme sal\u00f3n <\/strong>en doble altura con grandes ventanales y distintas opciones para quedarse (Olivea).<\/p>\n<\/div>\n<div class=\"sc-80531b6b-0 chRIGJ container-text text-embed\" id=\"element-body-8\">\n<p>Pero ese espacio, adem\u00e1s suma historia: \u201cac\u00e1 era <strong>donde los estudiantes com\u00edan<\/strong>. Conceptualmente, nos parec\u00eda muy bueno armar este lugar como un club de amigos, pensado para el reencuentro\u201d, explican. Un lugar donde viejas memorias traen consigo un sentido de calidez y comunidad.<\/p>\n<\/div>\n<div class=\"sc-98b114a2-0 bkqiHH image-embed  image-embed \" id=\"element-body-9\"><picture class=\"sc-98b114a2-1 jRUlDm\"><source media=\"(min-width: 975px)\" width=\"720\" height=\"480\" \/><img alt=\"Olivea, el sector diurno de la Cafeter\u00eda (Espacio N\u00b031).\" loading=\"lazy\" width=\"720\" height=\"480\" decoding=\"async\" data-nimg=\"1\" style=\"color:transparent\" src=\"https:\/\/13.com.ar\/wp-content\/uploads\/2025\/05\/1746475412_955_Semillas-creativas-que-brotan-desde-Cordoba.jpg\"\/><span class=\"epigraphe\">Olivea, el sector diurno de la Cafeter\u00eda (Espacio N\u00b031).<\/span><span class=\"picture-open\"><button class=\"open-image\" aria-label=\"Open Image\"\/><\/span><\/picture><\/div>\n<div class=\"sc-80531b6b-0 chRIGJ container-text text-embed\" id=\"element-body-10\">\n<p>Cada elemento del espacio fue cuidadosamente seleccionado para evocar una conexi\u00f3n emocional. Desde una alfombra vibrante a los cuadros de <strong>Carolina Rog\u00e9<\/strong> en Clubcita o el t\u00f3tem con una frase que homenajea a <strong>Dellatorre<\/strong> en Olivea.<\/p>\n<\/div>\n<p><h2>Playroom rojo<\/h2>\n<\/p>\n<div class=\"sc-80531b6b-0 chRIGJ container-text text-embed\" id=\"element-body-12\">\n<p><strong>Mar\u00eda Ramos y Eder Villareal<\/strong> tambi\u00e9n hacen su debut en C\u00f3rdoba aunque no son cordobeses. \u201cDise\u00f1amos un espacio que busca conectar a los adultos con su ni\u00f1o interior. Queremos que se sientan estimulados y conectados con su creatividad \u201c, explica Ramos, oriunda de Espa\u00f1a con residencia en Buenos Aires, sobre el<strong> Playroom <\/strong>del <strong>Espacio N\u00b0 5<\/strong>.<\/p>\n<\/div>\n<div class=\"sc-98b114a2-0 bkqiHH image-embed  image-embed \" id=\"element-body-13\"><picture class=\"sc-98b114a2-1 jRUlDm\"><source media=\"(min-width: 975px)\" width=\"720\" height=\"480\" \/><img alt=\"El Playroom apuesta al color rojo y la biofilia.\" loading=\"lazy\" width=\"720\" height=\"480\" decoding=\"async\" data-nimg=\"1\" style=\"color:transparent\" src=\"https:\/\/13.com.ar\/wp-content\/uploads\/2025\/05\/1746475412_670_Semillas-creativas-que-brotan-desde-Cordoba.jpg\"\/><span class=\"epigraphe\">El Playroom apuesta al color rojo y la biofilia.<\/span><span class=\"picture-open\"><button class=\"open-image\" aria-label=\"Open Image\"\/><\/span><\/picture><\/div>\n<div class=\"sc-80531b6b-0 chRIGJ container-text text-embed\" id=\"element-body-14\">\n<p>La elecci\u00f3n del <strong>color rojo<\/strong>, que simboliza pasi\u00f3n y energ\u00eda, juega un papel <strong>fundamental.<\/strong> \u201cHemos dise\u00f1ado tres nodos principales: creatividad, imaginaci\u00f3n e interconexi\u00f3n, todo envuelto en un ambiente natural\u201d, a\u00f1ade en referencia a la <strong>biofilia<\/strong>. \u201cLas plantas son reales, han sido dispuestas de manera innovadora, hacia abajo y utilizamos un gel especial que las mantendr\u00e1 vivas toda la muestra sin necesidad de riego\u201d, agrega Villareal.<\/p>\n<\/div>\n<p><h2>Mudroom en la casona<\/h2>\n<\/p>\n<div class=\"sc-80531b6b-0 chRIGJ container-text text-embed\" id=\"element-body-16\">\n<p><strong>Cayetano Llovell Curia<\/strong>, de <strong>CLC Interiores<\/strong>, debut\u00f3 con su <strong>Hall y Mudroom<\/strong> en el <strong>Espacio N\u00b0 25<\/strong>. \u201cEleg\u00ed este lugar porque quer\u00eda potenciar la belleza de los ventanales y la arquitectura de la casona. Quer\u00eda que tuviera un componente funcional pero tambi\u00e9n est\u00e9tico\u201d, describe el arquitecto y agrega que quiso reinterpretar el concepto de Mudroom.<\/p>\n<\/div>\n<div class=\"sc-98b114a2-0 bkqiHH image-embed  image-embed \" id=\"element-body-17\"><picture class=\"sc-98b114a2-1 jRUlDm\"><source media=\"(min-width: 975px)\" width=\"720\" height=\"480\" \/><img alt=\"Hall y Mudroom: un peque\u00f1o espacio de la antigua casona.\" loading=\"lazy\" width=\"720\" height=\"480\" decoding=\"async\" data-nimg=\"1\" style=\"color:transparent\" src=\"https:\/\/13.com.ar\/wp-content\/uploads\/2025\/05\/1746475412_919_Semillas-creativas-que-brotan-desde-Cordoba.jpg\"\/><span class=\"epigraphe\">Hall y Mudroom: un peque\u00f1o espacio de la antigua casona.<\/span><span class=\"picture-open\"><button class=\"open-image\" aria-label=\"Open Image\"\/><\/span><\/picture><\/div>\n<div class=\"sc-80531b6b-0 chRIGJ container-text text-embed\" id=\"element-body-18\">\n<p>Cuenta que realiz\u00f3 una <strong>restauraci\u00f3n muy cuidadosa <\/strong>en la vieja casona patrimonial recuperando vitrales y molduras originales. \u201cMe encanta la mezcla de lo tradicional y lo contempor\u00e1neo. Quer\u00eda que mi espacio reflejara mi estilo\u201d.<\/p>\n<\/div>\n<p><h2>Instalaci\u00f3n interactiva<\/h2>\n<\/p>\n<div class=\"sc-80531b6b-0 chRIGJ container-text text-embed\" id=\"element-body-20\">\n<p>Las arquitectas <strong>Roc\u00edo Pi\u00f1ero Castellanos y Antonella Faucher Scataglini<\/strong> pensaron m\u00e1s que una <strong>instalaci\u00f3n art\u00edstica <\/strong>para el <strong>Espacio N\u00b0 26<\/strong>. Su trabajo para \u201cPausa Activa\u201d propone un lugar para detenerse, reflexionar y conectar con las emociones. Recuperando tambi\u00e9n la memoria de lo que fue el lugar, proponen jugar en paredes imantadas, escribir frases en una pared que evoca un pizarr\u00f3n y tambi\u00e9n dibujar.<\/p>\n<\/div>\n<div class=\"sc-98b114a2-0 bkqiHH image-embed  image-embed \" id=\"element-body-21\"><picture class=\"sc-98b114a2-1 jRUlDm\"><source media=\"(min-width: 975px)\" width=\"720\" height=\"480\" \/><img alt=\"Pausa Activa. instalaci\u00f3n art\u00edstica con gui\u00f1os a la Academia Arg\u00fcello.\" loading=\"lazy\" width=\"720\" height=\"480\" decoding=\"async\" data-nimg=\"1\" style=\"color:transparent\" src=\"https:\/\/13.com.ar\/wp-content\/uploads\/2025\/05\/1746475412_932_Semillas-creativas-que-brotan-desde-Cordoba.jpg\"\/><span class=\"epigraphe\">Pausa Activa. instalaci\u00f3n art\u00edstica con gui\u00f1os a la Academia Arg\u00fcello.<\/span><span class=\"picture-open\"><button class=\"open-image\" aria-label=\"Open Image\"\/><\/span><\/picture><\/div>\n<div class=\"sc-80531b6b-0 chRIGJ container-text text-embed\" id=\"element-body-22\">\n<p>\u201cQueremos que <strong>dejen su huella<\/strong> en este espacio donde el arte es compartido, todos contribuyen\u201d, subrayan y enfatizan en que esperan que la visita a Casa FOA se transforme en un recuerdo significativo para quienes logran hacer esa pausa.<\/p>\n<\/div>\n<p><h2>Un refugio visual<\/h2>\n<\/p>\n<div class=\"sc-80531b6b-0 chRIGJ container-text text-embed\" id=\"element-body-24\">\n<p><strong>Paula Oca\u00f1a<\/strong> reversion\u00f3 el <strong>Jard\u00edn de Invierno <\/strong>en el <strong>Espacio N\u00b0 29<\/strong>. La arquitecta, que se presenta por tercera vez en la muestra, remarca que este jard\u00edn se centra en la permanencia y la conexi\u00f3n con el entorno. \u201cQueremos devolverle la vida a un espacio olvidado\u201d, explica. <\/p>\n<\/div>\n<div class=\"sc-80531b6b-0 chRIGJ container-text text-embed\" id=\"element-body-25\">\n<p>La intervenci\u00f3n combina elementos de la arquitectura original de la casona, como las paredes blancas restauradas, con un <strong>mueble espejado<\/strong> que asume el protagonismo del espacio junto a un <strong>gran sill\u00f3n color uva<\/strong> que marida con la<strong> parra<\/strong>. <\/p>\n<\/div>\n<div class=\"sc-98b114a2-0 bkqiHH image-embed  image-embed \" id=\"element-body-26\"><picture class=\"sc-98b114a2-1 jRUlDm\"><source media=\"(min-width: 975px)\" width=\"720\" height=\"480\" \/><img alt=\"El jardin de invierno reversiona un espacio olvidado.\" loading=\"lazy\" width=\"720\" height=\"480\" decoding=\"async\" data-nimg=\"1\" style=\"color:transparent\" src=\"https:\/\/13.com.ar\/wp-content\/uploads\/2025\/05\/1746475412_30_Semillas-creativas-que-brotan-desde-Cordoba.jpg\"\/><span class=\"epigraphe\">El jardin de invierno reversiona un espacio olvidado.<\/span><span class=\"picture-open\"><button class=\"open-image\" aria-label=\"Open Image\"\/><\/span><\/picture><\/div>\n<div class=\"sc-80531b6b-0 chRIGJ container-text text-embed\" id=\"element-body-27\">\n<p>El <strong>piso de vidrio<\/strong> refuerza el concepto de transparencia y luminosidad. <strong>Agust\u00edn Sorrice<\/strong>, constructor del proyecto, resalta la inclusi\u00f3n de la baldosa de vidrio y el policarbonato que permiten mantener la conexi\u00f3n con el exterior.<\/p>\n<\/div>\n<div class=\"sc-80531b6b-0 chRIGJ container-text text-embed\" id=\"element-body-28\">\n<p>El \u201cJard\u00edn de Invierno\u201d no solo ofrece un <strong>refugio visual<\/strong>, sino que tambi\u00e9n apela a los sentidos: con flores aut\u00f3ctonas y elementos olfativos que enriquecen la experiencia. \u201cQueremos que la gente se sienta c\u00f3moda, tanto en soledad como en compa\u00f1\u00eda\u201d, concluye Oca\u00f1a junto a <strong>Nori Seia<\/strong>, project manager del espacio.<\/p>\n<\/div>\n<div class=\"sc-80531b6b-0 chRIGJ container-text text-embed\" id=\"element-body-29\">\n<p>De distintas maneras, estos espacios rinden homenaje a la historia y conectan sus propuestas con \u201c<strong>Patrimonio y Evoluci\u00f3n<\/strong>\u201d, el lema elegido en esta oportunidad.<\/p>\n<\/div>\n<\/div>\n<p><br \/>\n<br \/><a href=\"https:\/\/www.clarin.com\/arq\/semillas-creativas-brotan-cordoba_0_y2UV627QrK.html\">Fuente Clarin.com <\/a><\/p>\n","protected":false},"excerpt":{"rendered":"<p>Como siempre, Casa FOA suele ser una plataforma para la generaci\u00f3n emergente. Con ideas frescas y much\u00edsima expectativa, representantes de cinco espacios cuentan su experiencia. La mayor\u00eda hizo su debut en la tercera edici\u00f3n cordobesa. Cafeter\u00eda premiada La efervescencia y el atrevimiento de El Charly de G\u00fcemes (Gast\u00f3n Balangero) y Lucas Ramacciotti no pasaron desapercibidas. [&hellip;]<\/p>\n","protected":false},"author":1,"featured_media":22531,"comment_status":"open","ping_status":"open","sticky":false,"template":"","format":"standard","meta":{"footnotes":""},"categories":[2],"tags":[17102,572,12291,2184,5579],"class_list":["post-22530","post","type-post","status-publish","format-standard","has-post-thumbnail","hentry","category-ultimas-noticias","tag-brotan","tag-cordoba","tag-creativas","tag-desde","tag-semillas"],"_links":{"self":[{"href":"https:\/\/13.com.ar\/index.php\/wp-json\/wp\/v2\/posts\/22530","targetHints":{"allow":["GET"]}}],"collection":[{"href":"https:\/\/13.com.ar\/index.php\/wp-json\/wp\/v2\/posts"}],"about":[{"href":"https:\/\/13.com.ar\/index.php\/wp-json\/wp\/v2\/types\/post"}],"author":[{"embeddable":true,"href":"https:\/\/13.com.ar\/index.php\/wp-json\/wp\/v2\/users\/1"}],"replies":[{"embeddable":true,"href":"https:\/\/13.com.ar\/index.php\/wp-json\/wp\/v2\/comments?post=22530"}],"version-history":[{"count":0,"href":"https:\/\/13.com.ar\/index.php\/wp-json\/wp\/v2\/posts\/22530\/revisions"}],"wp:featuredmedia":[{"embeddable":true,"href":"https:\/\/13.com.ar\/index.php\/wp-json\/wp\/v2\/media\/22531"}],"wp:attachment":[{"href":"https:\/\/13.com.ar\/index.php\/wp-json\/wp\/v2\/media?parent=22530"}],"wp:term":[{"taxonomy":"category","embeddable":true,"href":"https:\/\/13.com.ar\/index.php\/wp-json\/wp\/v2\/categories?post=22530"},{"taxonomy":"post_tag","embeddable":true,"href":"https:\/\/13.com.ar\/index.php\/wp-json\/wp\/v2\/tags?post=22530"}],"curies":[{"name":"wp","href":"https:\/\/api.w.org\/{rel}","templated":true}]}}