{"id":22529,"date":"2025-05-05T17:00:28","date_gmt":"2025-05-05T20:00:28","guid":{"rendered":"https:\/\/13.com.ar\/index.php\/dos-tiros-una-moto-y-la-pista-de-una-camara-de-seguridad\/"},"modified":"2025-05-05T17:00:28","modified_gmt":"2025-05-05T20:00:28","slug":"dos-tiros-una-moto-y-la-pista-de-una-camara-de-seguridad","status":"publish","type":"post","link":"https:\/\/13.com.ar\/index.php\/dos-tiros-una-moto-y-la-pista-de-una-camara-de-seguridad\/","title":{"rendered":"dos tiros, una moto y la pista de una c\u00e1mara de seguridad"},"content":{"rendered":"<p> <br \/>\n<br \/><img decoding=\"async\" src=\"https:\/\/13.com.ar\/wp-content\/uploads\/2025\/05\/balearon-el-frente-de-un-hospital-y-los-pacientes-terminaron.jpg\" \/><\/p>\n<div id=\"element-body-0\">\n<p>Los videos de las c\u00e1maras de seguridad marcaban las 2.35 de la madrugada del domingo cuando sonaron los estruendos en el Hospital Ruben Caporaletti de <strong>Jos\u00e9 C. Paz, en el oeste del Conurbano<\/strong>. En ese momento al menos dos personas pasaban en moto por la puerta y <strong>dispararon dos veces<\/strong>. Rompieron una puerta de entrada y asustaron a m\u00e9dicos, empleados, pacientes que esperaban a ser atendidos y sus familiares.<\/p>\n<\/div>\n<div id=\"element-body-1\">\n<p>Dentro del centro de salud hab\u00eda un polic\u00eda de custodia y hubo personas que \u2013seg\u00fan qued\u00f3 registrado en los videos de las c\u00e1maras de seguridad\u2013 se tiraron &#8220;cuerpo a tierra&#8221; para protegerse.<\/p>\n<\/div>\n<div id=\"element-body-2\">\n<p>La investigaci\u00f3n por el ataque, en el que no se registraron heridos, qued\u00f3 en manos del fiscal Ariel Wassouf de la Fiscal\u00eda N\u00b0 25 de Malvinas Argentinas.<\/p>\n<\/div>\n<div id=\"element-body-3\">\n<p>Ante la consulta de <strong>Clar\u00edn <\/strong>se negaron a dar informaci\u00f3n respecto de la investigaci\u00f3n y aseguraron: &#8220;En el transcurso del d\u00eda estar\u00edan llegando actuaciones requeridas al personal policial&#8221;. Lo cierto es que la Polic\u00eda bonaerense analiza las im\u00e1genes de las c\u00e1maras de seguridad que captaron a los agresores y trabajan en identificar a los veh\u00edculos que pasaron por la puerta del hospital al momento del ataque.<\/p>\n<\/div>\n<div id=\"element-body-4\">\n<p>Hubo dos versiones que ya habr\u00edan sido <strong>descartadas<\/strong>: una enfermera con bot\u00f3n de p\u00e1nico por una denuncia de acoso y violencia de g\u00e9nero. Y un joven que hab\u00eda sido intervenido al momento del ataque y cuyos familiares estaban en la puerta al momento de la balacera.<\/p>\n<\/div>\n<div id=\"element-body-5\">\n<p>Respecto de la enfermera, las fuentes confirmaron que la persona denunciada estaba en &#8220;otro lugar&#8221; al momento de los hechos por lo que esa hip\u00f3tesis fue dejada de lado. Sobre la otra versi\u00f3n, tambi\u00e9n habr\u00eda sido descartada.<\/p>\n<\/div>\n<div id=\"element-body-6\">\n<div class=\"sc-c2c2a3c6-1 kQhBlc videoText videoText\">\n<h2>Video<\/h2>\n<p>Habl\u00f3 uno de los testigos del tiroteo en el hospital de Jos\u00e9 C. Paz: &#8220;A mi hijo un fogonazo le pas\u00f3 por al lado de la cabeza&#8221;<\/p>\n<\/div>\n<\/div>\n<div id=\"element-body-7\">\n<p>El padre del joven internado desminti\u00f3 que el ataque fuera contra ellos: &#8220;Vengo a aclarar porque salieron a decir que era culpa de mi hijo. <strong>La Polic\u00eda apuntaba contra nosotros<\/strong>&#8220;, indic\u00f3.<\/p>\n<\/div>\n<div id=\"element-body-8\">\n<p>Sebasti\u00e1n Mortel, director del hospital, explic\u00f3 que &#8220;hab\u00eda una persona de guardia cuidando el hospital, una consigna 24 horas&#8221; y que luego del incidente habr\u00eda solicitado apoyo de la Polic\u00eda y hab\u00eda \u2013al momento\u2013 dos patrulleros en la puerta del centro de salud, ubicado en la calle Croacia al 2300, en el cruce con Buenos Aires.<\/p>\n<\/div>\n<div id=\"element-body-9\">\n<p>&#8220;Esto nos supera, si bien hay situaciones de violencia, sobre todo los fines de semana, este es un hecho aislado, no es algo com\u00fan. Ocurren cosas comunes de fin de semana, gente que llega alcoholizada, cuestiones que ocurren en todos los hospitales del pa\u00eds. No hemos recibido amenazas previas ni sabemos el m\u00f3vil de esto. Podr\u00eda haber sido al desgracia, dejar alg\u00fan herido o algo peor. Sabemos que se est\u00e1 investigando&#8221;, explic\u00f3 Mortel. <\/p>\n<\/div>\n<div id=\"element-body-10\">\n<p>Los investigadores hicieron referencia a dos disparos que impactaron contra el frente pero los testigos hicieron referencia a<strong> &#8220;tres o cuatro&#8221;.<\/strong><\/p>\n<\/div>\n<div id=\"element-body-11\">\n<p>&#8220;Primero pens\u00e9 que hab\u00eda <strong>explotado la electricidad<\/strong>&#8220;, dijo uno de los testigos del hecho, que se encontraba esperando en la entrada del hospital que atendieran a su hijo.<\/p>\n<\/div>\n<div id=\"element-body-12\">\n<p>&#8220;Vi motos, tres o cuatro. Ser\u00e1n <strong>internas del hospita<\/strong>l, no quiero decir nada porque no s\u00e9 nada&#8221;, explic\u00f3 ante la consulta de los medios de comunicaci\u00f3n y se\u00f1al\u00f3 que quienes atacaron el frente del centro m\u00e9dico &#8220;no intentaron ingresar&#8221; al edificio.<\/p>\n<\/div>\n<p><br \/>\n<br \/><a href=\"https:\/\/www.clarin.com\/policiales\/misterioso-ataque-hospital-jose-c-paz-tiros-moto-pista-camara-seguridad_0_TkMAftBLWm.html\">Fuente Clarin.com <\/a><\/p>\n","protected":false},"excerpt":{"rendered":"<p>Los videos de las c\u00e1maras de seguridad marcaban las 2.35 de la madrugada del domingo cuando sonaron los estruendos en el Hospital Ruben Caporaletti de Jos\u00e9 C. Paz, en el oeste del Conurbano. En ese momento al menos dos personas pasaban en moto por la puerta y dispararon dos veces. Rompieron una puerta de entrada [&hellip;]<\/p>\n","protected":false},"author":1,"featured_media":22203,"comment_status":"open","ping_status":"open","sticky":false,"template":"","format":"standard","meta":{"footnotes":""},"categories":[2],"tags":[1788,59,534,2149,316,1961,73],"class_list":["post-22529","post","type-post","status-publish","format-standard","has-post-thumbnail","hentry","category-ultimas-noticias","tag-camara","tag-dos","tag-moto","tag-pista","tag-seguridad","tag-tiros","tag-una"],"_links":{"self":[{"href":"https:\/\/13.com.ar\/index.php\/wp-json\/wp\/v2\/posts\/22529","targetHints":{"allow":["GET"]}}],"collection":[{"href":"https:\/\/13.com.ar\/index.php\/wp-json\/wp\/v2\/posts"}],"about":[{"href":"https:\/\/13.com.ar\/index.php\/wp-json\/wp\/v2\/types\/post"}],"author":[{"embeddable":true,"href":"https:\/\/13.com.ar\/index.php\/wp-json\/wp\/v2\/users\/1"}],"replies":[{"embeddable":true,"href":"https:\/\/13.com.ar\/index.php\/wp-json\/wp\/v2\/comments?post=22529"}],"version-history":[{"count":0,"href":"https:\/\/13.com.ar\/index.php\/wp-json\/wp\/v2\/posts\/22529\/revisions"}],"wp:featuredmedia":[{"embeddable":true,"href":"https:\/\/13.com.ar\/index.php\/wp-json\/wp\/v2\/media\/22203"}],"wp:attachment":[{"href":"https:\/\/13.com.ar\/index.php\/wp-json\/wp\/v2\/media?parent=22529"}],"wp:term":[{"taxonomy":"category","embeddable":true,"href":"https:\/\/13.com.ar\/index.php\/wp-json\/wp\/v2\/categories?post=22529"},{"taxonomy":"post_tag","embeddable":true,"href":"https:\/\/13.com.ar\/index.php\/wp-json\/wp\/v2\/tags?post=22529"}],"curies":[{"name":"wp","href":"https:\/\/api.w.org\/{rel}","templated":true}]}}