{"id":2252,"date":"2025-02-05T14:51:30","date_gmt":"2025-02-05T17:51:30","guid":{"rendered":"https:\/\/13.com.ar\/index.php\/no-se-puede-llevar-a-cabo-una-batalla-cultural-despreciando-a-la-cultura\/"},"modified":"2025-02-05T14:51:30","modified_gmt":"2025-02-05T17:51:30","slug":"no-se-puede-llevar-a-cabo-una-batalla-cultural-despreciando-a-la-cultura","status":"publish","type":"post","link":"https:\/\/13.com.ar\/index.php\/no-se-puede-llevar-a-cabo-una-batalla-cultural-despreciando-a-la-cultura\/","title":{"rendered":"\u201cNo se puede llevar a cabo una batalla cultural despreciando a la cultura\u201d"},"content":{"rendered":"<p> <br \/>\n<\/p>\n<div id=\"cuerpo\">\n<div class=\"sc-80531b6b-0 chRIGJ container-text text-embed\">\n<p>\u201cHace diez a\u00f1os que intento escribir esta novena, sin \u00e9xito\u201d, dice mar por medio <strong>Jorge Fern\u00e1ndez D\u00edaz<\/strong>, uno de los periodistas m\u00e1s importantes del pa\u00eds, que adem\u00e1s es uno de los escritores m\u00e1s le\u00eddos y queridos. Su<strong> notable trayectoria<\/strong>, tanto en los medios de comunicaci\u00f3n como en la literatura, se vio nuevamente reconocida semanas atr\u00e1s cuando recibi\u00f3 el <strong>Premio Nadal de novela<\/strong>, dotado con 30.000 euros. El libro se titula <strong><em>El secreto de Marcial<\/em><\/strong>, est\u00e1 siendo publicada por Editorial Destino por estos d\u00edas y aborda la figura de su padre.<\/p>\n<\/div>\n<div class=\"sc-80531b6b-0 chRIGJ container-text text-embed\">\n<p>\u201cYo digo que madre hay una sola, eso lo sabemos, pero que <strong>cada padre es un enigma<\/strong>\u201d, completa Fern\u00e1ndez D\u00edaz y nadie mejor que \u00e9l para evocar la figura materna porque <strong>con su inolvidable libro <em>Mam\u00e1 <\/em>deslumbr\u00f3 a lectores de habla hispana de todo el mundo<\/strong> con la historia de emigraci\u00f3n y padecimiento de su madre. Antes y despu\u00e9s, ha navegado en la biograf\u00eda, el ensayo y el policial desde hace cuadro d\u00e9cadas. <em>El Dilema de los pr\u00f3ceres: Sherlock Holmes y el misterio del argentino enmascarado, El hombre que se invent\u00f3 a s\u00ed mismo<\/em> y la saga del agente Remil son algunos de sus t\u00edtulos.<\/p>\n<\/div>\n<div class=\"sc-80531b6b-0 chRIGJ container-text text-embed\">\n<p><strong>\u2013Al recibir el Premio Nadal, asegur\u00f3 que el prop\u00f3sito de esta novela es tratar de desentra\u00f1ar el enigma que representa su padre. \u00bfC\u00f3mo se transform\u00f3 Marcial en el protagonista de este libro?<\/strong><\/p>\n<\/div>\n<div class=\"sc-80531b6b-0 chRIGJ container-text text-embed\">\n<p>\u2013Intent\u00e9 escribir esta novela en un momento cuando me rondaba el fantasma literario de mi padre. Hay que recordar que en <em>Mam\u00e1<\/em>, hace 21 a\u00f1os, mi padre era apenas un cap\u00edtulo y ocupaba el lugar que hab\u00eda tenido en nuestras vidas: el de un personaje secundario. A eso se suma que, como cualquier padre de esas generaciones, le costaba mucho comunicarse con sus hijos, educarlos, hablar con ellos o de sus emociones. No estaban entrenados para eso. Me dio la impresi\u00f3n de que Marcial no estaba bien contado, que no hab\u00eda quien contara a Marcial y que hab\u00eda tenido m\u00e1s importancia de la que yo mismo pod\u00eda recordar. Es por eso que siempre me pareci\u00f3 una asignatura pendiente escribir sobre mi padre, aunque no sab\u00eda c\u00f3mo hacerlo.<\/p>\n<\/div>\n<div class=\"sc-198be8ec-0 cynXbu image-embed  image-embed \"><picture class=\"sc-198be8ec-1 kOjRiQ\"><source media=\"(min-width: 975px)\" width=\"720\" height=\"480\" \/><img alt=\"Jorge Fern\u00e1ndez D\u00edaz. Foto: Luc\u00eda Merle \/ archivo Clar\u00edn.\" loading=\"lazy\" width=\"720\" height=\"480\" decoding=\"async\" data-nimg=\"1\" style=\"color:transparent\" src=\"https:\/\/13.com.ar\/wp-content\/uploads\/2025\/02\/No-se-puede-llevar-a-cabo-una-batalla-cultural-despreciando.jpg\"\/><span class=\"epigraphe\">Jorge Fern\u00e1ndez D\u00edaz. Foto: Luc\u00eda Merle \/ archivo Clar\u00edn.<\/span><span class=\"bkg\"\/><span class=\"picture-open\"><button class=\"open-image\" aria-label=\"Open Image\"\/><\/span><\/picture><\/div>\n<div class=\"sc-80531b6b-0 chRIGJ container-text text-embed\">\n<p><strong>\u2013Pese a ese lugar perif\u00e9rico en la vida cotidiana, hab\u00eda espacios compartidos con \u00e9l. \u00bfCu\u00e1l era el lazo que los acercaba?<\/strong><\/p>\n<\/div>\n<div class=\"sc-80531b6b-0 chRIGJ container-text text-embed\">\n<p>\u2013Comenc\u00e9 a ver que lo que nos hab\u00eda mantenido unidos a mi padre y a m\u00ed eran las viejas pel\u00edculas de Hollywood que ve\u00edamos, especialmente en los ciclos televisivos <em>S\u00e1bados de super acci\u00f3n<\/em> y <em>Hollywood en castellano<\/em>, cuando yo ten\u00eda muy pocos a\u00f1os. He vuelto a ver esas pel\u00edculas y he recordado las cosas que dec\u00eda mi padre sobre ellas, los grandes malentendidos que surg\u00edan y las grandes luces que aparec\u00edan como cosa formadora para el ni\u00f1o que yo era entonces. Mi padre tercerizaba en ese cine lo que no pod\u00eda decir de manera directa. Y as\u00ed fue como entonces aprend\u00ed cosas sobre el amor, sobre el hero\u00edsmo, sobre la amistad, sobre la nostalgia y fui descubriendo muchos aspectos de mi padre que no estaban dichos.<\/p>\n<\/div>\n<div class=\"sc-80531b6b-0 chRIGJ container-text text-embed\">\n<p><strong>\u2013De todos modos, <em>El secreto de Marcial<\/em> es una novela y no una biograf\u00eda: \u00bfC\u00f3mo articula la ficci\u00f3n con esos hechos reales que dan origen al libro?<\/strong><\/p>\n<\/div>\n<div class=\"sc-80531b6b-0 chRIGJ container-text text-embed\">\n<p>\u2013Es una novela que toma algunos de los mitos familiares, nunca probados, pero muy presentes, de que al final mi padre quiz\u00e1s se hab\u00eda enamorado de otra mujer y que hab\u00eda algo secreto ah\u00ed. As\u00ed que el mito se fusion\u00f3 con la historia y le dio textura a la novela. Me parece que el melodrama de aquellas pel\u00edculas que vimos molde\u00f3 nuestras vidas. Esos amores fulminantes que aparec\u00edan \u2013y que ten\u00edan que ser muy r\u00e1pidos porque costaba mucho el celuloide\u2013 nos arm\u00f3 un modo de vivir el amor. Tambi\u00e9n otras ideas que aparec\u00edan en el melodrama: que en la vida, a una buena racha sigue a una mala; que una gran alegr\u00eda la pagaremos con un gran sufrimiento; que cuando las cosas vienen muy mal, va a haber un final feliz&#8230; Todo ese tipo de cosas, que fuimos aprendiendo del melodrama de Hollywood de aquellos a\u00f1os, est\u00e1 presente en la novela.<\/p>\n<\/div>\n<div class=\"sc-80531b6b-0 chRIGJ container-text text-embed\">\n<p><strong>\u2013Los cruces entre realidad y ficci\u00f3n recorren toda su obra. \u00bfC\u00f3mo operan esas dos disciplinas entre s\u00ed en su cotidiano?<\/strong><\/p>\n<\/div>\n<div class=\"sc-80531b6b-0 chRIGJ container-text text-embed\">\n<p>\u2013 El periodismo es muchas cosas: es servicio, es an\u00e1lisis, es informaci\u00f3n, es denuncia y, por eso, hay muchos periodistas que tienen muy diferentes vocaciones: hay periodistas que tienen vocaciones de servidores p\u00fablicos, otros que tienen vocaci\u00f3n pol\u00edtica, los hay con vocaci\u00f3n detectivesca o vocaci\u00f3n judicial. Yo tengo una vocaci\u00f3n literaria. Por supuesto que estuve 45 a\u00f1os haciendo de absolutamente todo en diarios y revistas, pero para m\u00ed el periodismo es un arte y esto me emparenta much\u00edsimo con los escritores. Aspirar a una prosa de nivel literario es muy importante para m\u00ed y es por eso que muchas veces he intervenido en mis propios art\u00edculos para convertirlos en ensayos y en mis cr\u00f3nicas para convertirlas en novelas o en ciencia ficci\u00f3n.<\/p>\n<\/div>\n<div class=\"sc-198be8ec-0 cynXbu image-embed  image-embed \"><picture class=\"sc-198be8ec-1 kOjRiQ\"><source media=\"(min-width: 975px)\" width=\"720\" height=\"480\" \/><img alt=\"Jorge Fern\u00e1ndez D\u00edaz. Foto: Luc\u00eda Merle \/ archivo Clar\u00edn.\" loading=\"lazy\" width=\"720\" height=\"480\" decoding=\"async\" data-nimg=\"1\" style=\"color:transparent\" src=\"https:\/\/13.com.ar\/wp-content\/uploads\/2025\/02\/1738777890_790_No-se-puede-llevar-a-cabo-una-batalla-cultural-despreciando.jpg\"\/><span class=\"epigraphe\">Jorge Fern\u00e1ndez D\u00edaz. Foto: Luc\u00eda Merle \/ archivo Clar\u00edn.<\/span><span class=\"bkg\"\/><span class=\"picture-open\"><button class=\"open-image\" aria-label=\"Open Image\"\/><\/span><\/picture><\/div>\n<div class=\"sc-80531b6b-0 chRIGJ container-text text-embed\">\n<p><strong>\u2013Desde hace muchos a\u00f1os que se vaticina el fin del periodismo. \u00bfC\u00f3mo mira este proceso de transformaci\u00f3n del oficio y de los medios?<\/strong><\/p>\n<\/div>\n<div class=\"sc-80531b6b-0 chRIGJ container-text text-embed\">\n<p>\u2013Estuve aqu\u00ed durante los \u00faltimos 45 a\u00f1os y siempre he recibido noticias apocal\u00edpticas acerca no s\u00f3lo del periodismo, sino de diferentes cosas. La radio se iba a acabar, la televisi\u00f3n se iba a terminar&#8230; Y la verdad es que nada termin\u00f3, todo se complementa, se modifica y sigue adelante. El periodismo, en tanto y en cuanto ayuda a interpretar lo que sucede y trata de luchar contra la mala fe de lo que sucede, siempre va a ser necesario. Tambi\u00e9n va a ser necesario ese periodismo que le cuenta a la gente eso que la gente no sabe y eso no lo puede hacer una m\u00e1quina.<\/p>\n<\/div>\n<div class=\"sc-80531b6b-0 chRIGJ container-text text-embed\">\n<p><strong>\u2013Ha tenido el dudoso privilegio de ser atacado por el presidente Javier Milei. \u00bfQu\u00e9 dice de un mandatario argentino esa rabia permanente contra los periodistas?<\/strong><\/p>\n<\/div>\n<div class=\"sc-80531b6b-0 chRIGJ container-text text-embed\">\n<p>\u2013Tengo un conflicto con Milei que es de honestidad intelectual. Yo no puedo estar 20 a\u00f1os critic\u00e1ndole a Cristina Kirchner y al kirchnerismo en general que tengan una pol\u00edtica de amigo versus enemigo, que intente crear una hegemon\u00eda y un r\u00e9gimen de partido \u00fanico y que desprecie al Poder Judicial y, de repente, como hacen algunos colegas, mirar para otro lado cuando lo hace Milei. Yo no puedo. No quiero ser hip\u00f3crita. Siempre luch\u00e9 para que abandon\u00e1ramos las desmesuras y para tener una democracia plena y un pa\u00eds serio. No me interesan los revolucionarios, ni de izquierda ni de derecha, que quieren con los mismos m\u00e9todos llevarnos para un lado o para otro. Ese es mi principal conflicto con el mile\u00edsmo en este momento.<\/p>\n<\/div>\n<div class=\"sc-80531b6b-0 chRIGJ container-text text-embed\">\n<p><strong>\u2013Usted se\u00f1al\u00f3 que \u201cel presidente le declar\u00f3 la guerra a la cultura\u201d: \u00bfpor qu\u00e9 lo hace?<\/strong><\/p>\n<\/div>\n<div class=\"sc-80531b6b-0 chRIGJ container-text text-embed\">\n<p>\u2013No se puede llevar a cabo una batalla cultural despreciando a la cultura. Me da la impresi\u00f3n de que hay un contrasentido muy grande ah\u00ed. No le falta raz\u00f3n a Milei en cuanto a que hay muchos sectores de la cultura que han creado listas negras. Por ejemplo, muchos de los que criticamos al kirchnerismo estuvimos en listas negras. Hay razones para enojarse con eso, pero no para no creer en la cultura. Conozco a mucha gente de la cultura que es pluralista y, adem\u00e1s, la cultura es necesaria, vital para los seres humanos. Me parece que una pol\u00edtica contra la cultura es muy contraproducente incluso para cualquier gobierno. Este en particular cae en una fea trampa al creer que la cultura es gasto. Es una trampa t\u00edpica de los ultramercadistas.<\/p>\n<\/div>\n<\/div>\n<p><br \/>\n<br \/><a href=\"https:\/\/www.clarin.com\/revista-n\/jorge-fernandez-diaz-puede-llevar-cabo-batalla-cultural-despreciando-cultura_0_fqqDkz1wCP.html\">Fuente Clarin.com <\/a><\/p>\n","protected":false},"excerpt":{"rendered":"<p>\u201cHace diez a\u00f1os que intento escribir esta novena, sin \u00e9xito\u201d, dice mar por medio Jorge Fern\u00e1ndez D\u00edaz, uno de los periodistas m\u00e1s importantes del pa\u00eds, que adem\u00e1s es uno de los escritores m\u00e1s le\u00eddos y queridos. Su notable trayectoria, tanto en los medios de comunicaci\u00f3n como en la literatura, se vio nuevamente reconocida semanas atr\u00e1s [&hellip;]<\/p>\n","protected":false},"author":1,"featured_media":2253,"comment_status":"open","ping_status":"open","sticky":false,"template":"","format":"standard","meta":{"footnotes":""},"categories":[2],"tags":[2138,4147,4149,1602,4148,4146,136,73],"class_list":["post-2252","post","type-post","status-publish","format-standard","has-post-thumbnail","hentry","category-ultimas-noticias","tag-batalla","tag-cabo","tag-cultura","tag-cultural","tag-despreciando","tag-llevar","tag-puede","tag-una"],"_links":{"self":[{"href":"https:\/\/13.com.ar\/index.php\/wp-json\/wp\/v2\/posts\/2252","targetHints":{"allow":["GET"]}}],"collection":[{"href":"https:\/\/13.com.ar\/index.php\/wp-json\/wp\/v2\/posts"}],"about":[{"href":"https:\/\/13.com.ar\/index.php\/wp-json\/wp\/v2\/types\/post"}],"author":[{"embeddable":true,"href":"https:\/\/13.com.ar\/index.php\/wp-json\/wp\/v2\/users\/1"}],"replies":[{"embeddable":true,"href":"https:\/\/13.com.ar\/index.php\/wp-json\/wp\/v2\/comments?post=2252"}],"version-history":[{"count":0,"href":"https:\/\/13.com.ar\/index.php\/wp-json\/wp\/v2\/posts\/2252\/revisions"}],"wp:featuredmedia":[{"embeddable":true,"href":"https:\/\/13.com.ar\/index.php\/wp-json\/wp\/v2\/media\/2253"}],"wp:attachment":[{"href":"https:\/\/13.com.ar\/index.php\/wp-json\/wp\/v2\/media?parent=2252"}],"wp:term":[{"taxonomy":"category","embeddable":true,"href":"https:\/\/13.com.ar\/index.php\/wp-json\/wp\/v2\/categories?post=2252"},{"taxonomy":"post_tag","embeddable":true,"href":"https:\/\/13.com.ar\/index.php\/wp-json\/wp\/v2\/tags?post=2252"}],"curies":[{"name":"wp","href":"https:\/\/api.w.org\/{rel}","templated":true}]}}