{"id":22519,"date":"2025-05-05T16:45:30","date_gmt":"2025-05-05T19:45:30","guid":{"rendered":"https:\/\/13.com.ar\/index.php\/murio-millena-brandao-la-estrella-infantil-de-11-anos-de-netflix\/"},"modified":"2025-05-05T16:45:30","modified_gmt":"2025-05-05T19:45:30","slug":"murio-millena-brandao-la-estrella-infantil-de-11-anos-de-netflix","status":"publish","type":"post","link":"https:\/\/13.com.ar\/index.php\/murio-millena-brandao-la-estrella-infantil-de-11-anos-de-netflix\/","title":{"rendered":"Muri\u00f3 Millena Brand\u00e3o, la estrella infantil de 11 a\u00f1os de Netflix"},"content":{"rendered":"<p> <br \/>\n<br \/><img decoding=\"async\" src=\"https:\/\/13.com.ar\/wp-content\/uploads\/2025\/05\/Murio-Millena-Brandao-la-estrella-infantil-de-11-anos-de.jpg\" \/><\/p>\n<div id=\"element-body-0\">\n<p><strong>Millena Brand\u00e3o<\/strong>, la estrella infantil de la televisi\u00f3n y <strong>Netflix<\/strong>, <strong>muri\u00f3 a los 11 a\u00f1os<\/strong> tras sufrir fuertes dolores de cabeza y ser trasladada de urgencia a un centro de salud. La madre confirm\u00f3 la noticia con una conmovedora carta redes sociales.<\/p>\n<\/div>\n<div id=\"element-body-1\">\n<p>La <strong>ni\u00f1a brasile\u00f1a<\/strong> hab\u00eda ingresado inicialmente en el hospital el 29 de abril y, de acuerdo a informes, recibi\u00f3 tratamiento inicialmente por dengue, una enfermedad viral que causa fiebre repentina y dolor en las articulaciones.<strong> Pero hab\u00eda otras razones.<\/strong><\/p>\n<\/div>\n<div id=\"element-body-2\">\n<p>Inicialmente hab\u00eda sido atendida en la Unidad de Atenci\u00f3n de Emergencias (UPA) Mar\u00eda Antonieta de San Pablo.<\/p>\n<\/div>\n<div id=\"element-body-4\">\n<p>Seg\u00fan informes m\u00e9dicos, Milena falleci\u00f3 <strong>tras sufrir 21 paros cardiorrespiratorios<\/strong>. <\/p>\n<\/div>\n<div id=\"element-body-5\">\n<p>Tuvo <strong>muerte encef\u00e1lica<\/strong> confirmada a las 16.55 del \u00faltimo viernes 2 de mayo por el Hospital General de Graja\u00fa, en la zona sur de la ciudad, donde estaba internada desde el 29 de abril en<strong> &#8220;estado muy grave&#8221;.<\/strong><\/p>\n<\/div>\n<div id=\"element-body-7\">\n<p>El primer parte m\u00e9dico difundido dec\u00eda: &#8220;Desde su llegada, la paciente<strong> recibi\u00f3 cuidados intensivos <\/strong>y todos los esfuerzos del equipo m\u00e9dico y asistencial, que no escatim\u00f3 esfuerzos para preservar su vida&#8221;, y la confirmaci\u00f3n del diagn\u00f3stico se produjo &#8220;tras el estricto cumplimiento del protocolo establecido para estos casos&#8221;.<\/p>\n<\/div>\n<div id=\"element-body-8\">\n<p>Por la ma\u00f1ana, la ni\u00f1a \u201cpresent\u00f3 parada cardiorrespiratoria, con reversi\u00f3n tras maniobras de reanimaci\u00f3n\u201d. Se supo tambi\u00e9n que su madre confirm\u00f3 un <strong>diagn\u00f3stico de un tumor cerebral. <\/strong><\/p>\n<\/div>\n<div id=\"element-body-10\">\n<p>Luego del fallecimiento sorpresivo y prematuro fallecimiento de su hija, quien contaba con <strong>196.000 seguidores en Instagram<\/strong>, su madre Thays comparti\u00f3 un emotivo mensaje expresando su dolor:<\/p>\n<\/div>\n<div id=\"element-body-11\">\n<p><em> &#8220;Los recuerdos que pasamos juntas permanecer\u00e1n en mi memoria y <\/em><strong><em>nunca olvidar\u00e9 su alegr\u00eda <\/em><\/strong><em>que era contagiosa para todos los que te rodeaban&#8221;.<\/em><\/p>\n<\/div>\n<div id=\"element-body-12\">\n<p><em>&#8220;Mi ni\u00f1a, ya te extra\u00f1o por no estar aqu\u00ed y s\u00e9 que te extra\u00f1ar\u00e9 a\u00fan m\u00e1s en los pr\u00f3ximos d\u00edas. <\/em><strong><em>Fuiste la luz de nuestras vidas<\/em><\/strong><em> y s\u00e9 que desde all\u00e1 arriba seguir\u00e1s cuid\u00e1ndonos e ilumin\u00e1ndonos. <\/em><strong><em>Te amar\u00e9 por siempre<\/em><\/strong><em> y siempre estar\u00e1s en mi coraz\u00f3n&#8221;<\/em><\/p>\n<\/div>\n<div id=\"element-body-14\">\n<p>Luego, la familia comparti\u00f3 una colecci\u00f3n de videos y fotograf\u00edas tomadas a lo largo de la vida de Millena y los subtitularon: <strong>&#8220;Nuestro eterno angelito fue a brillar en el cielo&#8221;.<\/strong><\/p>\n<\/div>\n<div id=\"element-body-15\">\n<p>&#8220;Es muy dif\u00edcil olvidar la hermosa sonrisa de Millena, pero siempre la tendremos presente&#8221;, coment\u00f3 un usuario de Instagram bajo el conmovedor montaje. Otro a\u00f1adi\u00f3: &#8220;Hermosa princesita, que est\u00e9s en el cielo y sigas brillando dondequiera que est\u00e9s&#8230;&#8221;<\/p>\n<\/div>\n<div id=\"element-body-17\">\n<p>Millena Brand\u00e3o quer\u00eda convertirse en una actriz famosa y publicaba fotos y videos de sus actuaciones y trabajo como modelo, interactuando con sus fan\u00e1ticos en las redes sociales.<\/p>\n<\/div>\n<div id=\"element-body-19\">\n<p>Form\u00f3 parte de la <strong><em>Cia Art\u00edstica En&#8217;cena<\/em><\/strong> y particip\u00f3 en telenovelas como <strong><em>A inf\u00e2ncia de Romeu e Julieta<\/em><\/strong><em> <\/em>y <strong><em>A Caverna Encantada<\/em>,<\/strong> de SBT.<\/p>\n<\/div>\n<div id=\"element-body-20\">\n<p>Adem\u00e1s, trabaj\u00f3 en la serie<strong> <em>&#8220;Sintonia&#8221;<\/em>, la serie de Netflix<\/strong> que sigue la vida de tres adolescentes que crecieron en una favela de S\u00e3o Paulo y buscan sus sue\u00f1os en un mundo de m\u00fasica, drogas y religi\u00f3n.<\/p>\n<\/div>\n<div id=\"element-body-21\">\n<p>En octubre de 2023, Millena celebr\u00f3 el inicio de su carrera en el canal de Silvio Santos. \u201cY el sue\u00f1o se hizo realidad&#8230; Quien cree, siempre logra\u201d, escribi\u00f3 en el pie de foto frente al logo del canal. Jam\u00e1s imagin\u00f3 que su vida se apagar\u00eda tan pronto y causar\u00eda tanto dolor.<\/p>\n<\/div>\n<p><br \/>\n<br \/><a href=\"https:\/\/www.clarin.com\/internacional\/murio-millena-brandao-estrella-infantil-11-anos-netflix_0_Kdm7F0spm6.html\">Fuente Clarin.com <\/a><\/p>\n","protected":false},"excerpt":{"rendered":"<p>Millena Brand\u00e3o, la estrella infantil de la televisi\u00f3n y Netflix, muri\u00f3 a los 11 a\u00f1os tras sufrir fuertes dolores de cabeza y ser trasladada de urgencia a un centro de salud. La madre confirm\u00f3 la noticia con una conmovedora carta redes sociales. La ni\u00f1a brasile\u00f1a hab\u00eda ingresado inicialmente en el hospital el 29 de abril [&hellip;]<\/p>\n","protected":false},"author":1,"featured_media":22520,"comment_status":"open","ping_status":"open","sticky":false,"template":"","format":"standard","meta":{"footnotes":""},"categories":[2],"tags":[636,17095,516,7519,17094,611,1830],"class_list":["post-22519","post","type-post","status-publish","format-standard","has-post-thumbnail","hentry","category-ultimas-noticias","tag-anos","tag-brandao","tag-estrella","tag-infantil","tag-millena","tag-murio","tag-netflix"],"_links":{"self":[{"href":"https:\/\/13.com.ar\/index.php\/wp-json\/wp\/v2\/posts\/22519","targetHints":{"allow":["GET"]}}],"collection":[{"href":"https:\/\/13.com.ar\/index.php\/wp-json\/wp\/v2\/posts"}],"about":[{"href":"https:\/\/13.com.ar\/index.php\/wp-json\/wp\/v2\/types\/post"}],"author":[{"embeddable":true,"href":"https:\/\/13.com.ar\/index.php\/wp-json\/wp\/v2\/users\/1"}],"replies":[{"embeddable":true,"href":"https:\/\/13.com.ar\/index.php\/wp-json\/wp\/v2\/comments?post=22519"}],"version-history":[{"count":0,"href":"https:\/\/13.com.ar\/index.php\/wp-json\/wp\/v2\/posts\/22519\/revisions"}],"wp:featuredmedia":[{"embeddable":true,"href":"https:\/\/13.com.ar\/index.php\/wp-json\/wp\/v2\/media\/22520"}],"wp:attachment":[{"href":"https:\/\/13.com.ar\/index.php\/wp-json\/wp\/v2\/media?parent=22519"}],"wp:term":[{"taxonomy":"category","embeddable":true,"href":"https:\/\/13.com.ar\/index.php\/wp-json\/wp\/v2\/categories?post=22519"},{"taxonomy":"post_tag","embeddable":true,"href":"https:\/\/13.com.ar\/index.php\/wp-json\/wp\/v2\/tags?post=22519"}],"curies":[{"name":"wp","href":"https:\/\/api.w.org\/{rel}","templated":true}]}}