{"id":22516,"date":"2025-05-05T16:06:35","date_gmt":"2025-05-05T19:06:35","guid":{"rendered":"https:\/\/13.com.ar\/index.php\/el-dolar-se-desperto-tras-varios-dias-en-calma-y-subio-a-1-210\/"},"modified":"2025-05-05T16:06:35","modified_gmt":"2025-05-05T19:06:35","slug":"el-dolar-se-desperto-tras-varios-dias-en-calma-y-subio-a-1-210","status":"publish","type":"post","link":"https:\/\/13.com.ar\/index.php\/el-dolar-se-desperto-tras-varios-dias-en-calma-y-subio-a-1-210\/","title":{"rendered":"El d\u00f3lar se despert\u00f3 tras varios d\u00edas en calma y subi\u00f3 a $ 1.210"},"content":{"rendered":"<p> <br \/>\n<br \/><img decoding=\"async\" src=\"https:\/\/13.com.ar\/wp-content\/uploads\/2025\/04\/El-dolar-oficial-pierde-casi-90-en-la-apertura.jpg\" \/><\/p>\n<div id=\"element-body-0\">\n<p>En el arranque de la cuarta semana posterior a la salida del cepo cambiario, la cotizaci\u00f3n del d\u00f3lar minorista se despert\u00f3 y sobre le cierre de la rueda avanz\u00f3 20 pesos, a <strong>$ 1.210<\/strong>. De este modo quebr\u00f3 una racha de catorce d\u00edas cotizando por debajo de los $ 1.200. <\/p>\n<\/div>\n<div id=\"element-body-1\">\n<p>El d\u00f3lar MEP ahora cotiza a <strong>$ 1.193<\/strong>, mientras el contado con liqui se va a <strong>$ 1.208<\/strong> y la brecha se ubica en 1%. Por su parte el blue se va a <strong>$ 1.200, un avance de 15 pesos. Los tres se ubican debajo del oficial. <\/strong><\/p>\n<\/div>\n<div id=\"element-body-2\">\n<p>Seg\u00fan fuentes del mercado, el repunte del d\u00f3lar minorista puede estar vinculado <strong>al cobro del sueldo en el arranque del mes<\/strong>, que le permite a los asalariados con capacidad de ahorro comprar divisas. <\/p>\n<\/div>\n<div id=\"element-body-3\">\n<p>El mayorista termin\u00f3 en<strong> $ 1.200. <\/strong>&#8220;Se activ\u00f3 la demanda en la \u00faltima hora de operaciones y llev\u00f3 el cierre a los niveles m\u00e1s elevados desde la salida del cepo, igualando el cierre del 15 de abril pasado&#8221;, dijo el operador Gustavo Quintana.<\/p>\n<\/div>\n<div id=\"element-body-4\">\n<p>Desde Portfolio Personal Inversiones (PPI) marcan que &#8220;el d\u00f3lar oficial y los financieros se estacionaron por debajo del nivel medio de la banda de flotaci\u00f3n. Con la liquidaci\u00f3n del agro traccionando y la demanda privada contenida,<strong> ser\u00e1 clave ver si el tipo de cambio contin\u00faa acerc\u00e1ndose al piso de la banda <\/strong>y si finalmente el Banco Central compra divisas en el mercado oficial para cumplir la meta de acumulaci\u00f3n de reservas netas del FMI&#8221;.<\/p>\n<\/div>\n<div id=\"element-body-5\">\n<p>Del lado de los bonos, marcan que los t\u00edtulos <strong>&#8220;comenzaron mayo con un tono m\u00e1s d\u00e9bil respecto a las semanas previas<\/strong>. Si bien el escenario local se presenta relativamente estable, las principales novedades vendr\u00e1n por el plano internacional&#8221;. La incertidumbre apunta a c\u00f3mo impactar\u00e1n los aranceles impuestos por Donald Trump sobre la econom\u00eda real.<\/p>\n<\/div>\n<div id=\"element-body-6\">\n<p>Desde que se levant\u00f3 el cepo el Banco Central no intervino en la en el mercado oficial de cambios. Por lo tanto, &#8220;desde que se lanz\u00f3 el nuevo esquema cambiario, la din\u00e1mica del d\u00f3lar oficial fue el resultado del equilibrio de la oferta y demanda en este mercado&#8221;.<\/p>\n<\/div>\n<div id=\"element-body-7\">\n<p>Por el lado de la oferta privada, la liquidaci\u00f3n del agro contin\u00faa traccionando con buen ritmo. La media m\u00f3vil de once ruedas se dispar\u00f3 de<strong> US$ 81 millones a fines de marzo y US$ 117 millones<\/strong> previo al lanzamiento del nuevo esquema a <strong>US$ 151 millones<\/strong> el mi\u00e9rcoles pasado.<\/p>\n<\/div>\n<div id=\"element-body-8\">\n<p>&#8220;As\u00ed, el agro alcanz\u00f3 su mayor ritmo de liquidaci\u00f3n para este per\u00edodo desde principios de agosto 2023 (<strong>US$ 161 millones diarios)<\/strong>, cuando estaba en pie uno de los sucesivos Programas de Incremento Exportador. <\/p>\n<\/div>\n<div id=\"element-body-9\">\n<p>Por otra parte, &#8220;<strong>los flujos financieros pasaron de ser demandantes netos de divisas a de nuevo oferentes o las cancelaciones netas se volvieron nuevamente suscripciones&#8221;<\/strong>.<\/p>\n<\/div>\n<div id=\"element-body-10\">\n<p>Del lado de segmento burs\u00e1til, el Merval cede 1,4%<strong>, los bonos en d\u00f3lares muestran retroceso de entre 0,5% y 1% <\/strong>y los ADR caen en Nueva York hasta 2,4%, como es el caso de Cresud e YPF.<\/p>\n<\/div>\n<div id=\"element-body-11\">\n<p>El riesgo pa\u00eds, el indicador del JP Morgan que mide el sobrecosto de la deuda, se mantiene en <strong>741 puntos b\u00e1sicos.<\/strong><\/p>\n<\/div>\n<p><br \/>\n<br \/><a href=\"https:\/\/www.clarin.com\/economia\/dolar-desperto-varios-dias-calma-subio-1210_0_btMAPB1vz7.html\">Fuente Clarin.com <\/a><\/p>\n","protected":false},"excerpt":{"rendered":"<p>En el arranque de la cuarta semana posterior a la salida del cepo cambiario, la cotizaci\u00f3n del d\u00f3lar minorista se despert\u00f3 y sobre le cierre de la rueda avanz\u00f3 20 pesos, a $ 1.210. De este modo quebr\u00f3 una racha de catorce d\u00edas cotizando por debajo de los $ 1.200. El d\u00f3lar MEP ahora cotiza [&hellip;]<\/p>\n","protected":false},"author":1,"featured_media":18629,"comment_status":"open","ping_status":"open","sticky":false,"template":"","format":"standard","meta":{"footnotes":""},"categories":[2],"tags":[4221,10151,500,3068,2701,312,292],"class_list":["post-22516","post","type-post","status-publish","format-standard","has-post-thumbnail","hentry","category-ultimas-noticias","tag-calma","tag-desperto","tag-dias","tag-dolar","tag-subio","tag-tras","tag-varios"],"_links":{"self":[{"href":"https:\/\/13.com.ar\/index.php\/wp-json\/wp\/v2\/posts\/22516","targetHints":{"allow":["GET"]}}],"collection":[{"href":"https:\/\/13.com.ar\/index.php\/wp-json\/wp\/v2\/posts"}],"about":[{"href":"https:\/\/13.com.ar\/index.php\/wp-json\/wp\/v2\/types\/post"}],"author":[{"embeddable":true,"href":"https:\/\/13.com.ar\/index.php\/wp-json\/wp\/v2\/users\/1"}],"replies":[{"embeddable":true,"href":"https:\/\/13.com.ar\/index.php\/wp-json\/wp\/v2\/comments?post=22516"}],"version-history":[{"count":0,"href":"https:\/\/13.com.ar\/index.php\/wp-json\/wp\/v2\/posts\/22516\/revisions"}],"wp:featuredmedia":[{"embeddable":true,"href":"https:\/\/13.com.ar\/index.php\/wp-json\/wp\/v2\/media\/18629"}],"wp:attachment":[{"href":"https:\/\/13.com.ar\/index.php\/wp-json\/wp\/v2\/media?parent=22516"}],"wp:term":[{"taxonomy":"category","embeddable":true,"href":"https:\/\/13.com.ar\/index.php\/wp-json\/wp\/v2\/categories?post=22516"},{"taxonomy":"post_tag","embeddable":true,"href":"https:\/\/13.com.ar\/index.php\/wp-json\/wp\/v2\/tags?post=22516"}],"curies":[{"name":"wp","href":"https:\/\/api.w.org\/{rel}","templated":true}]}}