{"id":22513,"date":"2025-05-05T16:00:38","date_gmt":"2025-05-05T19:00:38","guid":{"rendered":"https:\/\/13.com.ar\/index.php\/caputo-hablo-de-cuando-van-a-bajar-las-retenciones\/"},"modified":"2025-05-05T16:00:38","modified_gmt":"2025-05-05T19:00:38","slug":"caputo-hablo-de-cuando-van-a-bajar-las-retenciones","status":"publish","type":"post","link":"https:\/\/13.com.ar\/index.php\/caputo-hablo-de-cuando-van-a-bajar-las-retenciones\/","title":{"rendered":"Caputo habl\u00f3 de cu\u00e1ndo van a bajar las retenciones"},"content":{"rendered":"<p> <br \/>\n<br \/><img decoding=\"async\" src=\"https:\/\/13.com.ar\/wp-content\/uploads\/2025\/05\/Luis-Caputo-se-sumo-a-Milei-y-el-Gordo-Dan.jpg\" \/><\/p>\n<div id=\"element-body-0\">\n<p>En plena cosecha de soja y con un flujo de comercializaci\u00f3n acelerado, desde el sector agropecuario siguen de cerca cualquier declaraci\u00f3n del Gobierno que pueda dar se\u00f1ales sobre las medidas que tomar\u00e1n en el plano econ\u00f3mico, sobre todo en materia de retenciones.<\/p>\n<\/div>\n<div id=\"element-body-1\">\n<p><strong>La rebaja temporal de derechos de exportaci\u00f3n tiene vigencia hasta el pr\u00f3ximo 30 de junio<\/strong>, y las declaraciones recientes del Ministro de Econom\u00eda Luis Caputo no dan indicios de que se vaya a prorrogar.<\/p>\n<\/div>\n<div id=\"element-body-2\">\n<p>\u201cEn el primer semestre hicimos un esfuerzo particular porque se hab\u00edan dado factores que al final no se materializaron. Uno era que parec\u00eda que pod\u00eda llegar a haber una sequ\u00eda, que al final gracias a Dios no se materializ\u00f3. Otro era que hab\u00edan bajado los precios de los commodities, que finalmente se recuperaron. Pintaba una situaci\u00f3n m\u00e1s dif\u00edcil para el campo, pero sab\u00edamos que<strong> no ten\u00edamos los recursos a lo largo del a\u00f1o para hacerla duradera en el tiempo<\/strong>\u201d, afirm\u00f3 el funcionario en una entrevista con la periodista Eleonora Cole al ser consultado sobre una eventual continuidad de la rebaja.<\/p>\n<\/div>\n<div id=\"element-body-3\">\n<p>Luego asegur\u00f3: \u201cNosotros vinimos a bajar impuestos, en cuanto podamos lo vamos a hacer\u201d. Y dirigi\u00e9ndose directamente al sector agropecuario, Caputo enumer\u00f3 algunas de las medidas que tomaron para beneficiarlo.<\/p>\n<\/div>\n<div id=\"element-body-4\">\n<p>\u201cHemos bajado aranceles en herbicidas, hemos bajado aranceles para que puedan importar maquinaria usada, <strong>hemos unificado el tipo de cambio<\/strong>\u2026 Hemos hecho un mont\u00f3n de cosas, pensemos que hab\u00edan llegado a una situaci\u00f3n en la que ten\u00edan que vender a 300 menos retenciones y comprar a 1.000. <strong>El campo para nosotros es una prioridad<\/strong>, ya lo dijo el Presidente mil veces\u201d, dijo.<\/p>\n<\/div>\n<div id=\"element-body-5\">\n<p>A su vez, el Ministro llam\u00f3 al sector productivo a \u201chacer presi\u00f3n en las provincias\u201d por esa baja de impuestos, y remarc\u00f3 que <strong>el problema de la Argentina hoy no son los d\u00f3lares sino la recaudaci\u00f3n<\/strong>. \u201cTenemos que seguir teniendo super\u00e1vit. Con la energ\u00eda y la miner\u00eda en el corto plazo van a haber dos agros m\u00e1s, y como nosotros no emitimos pesos, va a haber cada vez m\u00e1s d\u00f3lares y menos pesos. El problema entonces no son los d\u00f3lares, el problema es que si nos equivocamos en el c\u00e1lculo de la baja de impuestos y empezamos a tener d\u00e9ficit, la gente va a pensar que nos tenemos que financiar. Y tenemos que ser muy cuidadosos porque<strong> en Argentina hoy no hay espacio para errarle<\/strong>, por eso preferimos seguir pisando sobre seguro\u201d, advirti\u00f3.<\/p>\n<\/div>\n<p><br \/>\n<br \/><a href=\"https:\/\/www.clarin.com\/rural\/caputo-hablo-van-bajar-retenciones_0_GBlB9wQGjG.html\">Fuente Clarin.com <\/a><\/p>\n","protected":false},"excerpt":{"rendered":"<p>En plena cosecha de soja y con un flujo de comercializaci\u00f3n acelerado, desde el sector agropecuario siguen de cerca cualquier declaraci\u00f3n del Gobierno que pueda dar se\u00f1ales sobre las medidas que tomar\u00e1n en el plano econ\u00f3mico, sobre todo en materia de retenciones. La rebaja temporal de derechos de exportaci\u00f3n tiene vigencia hasta el pr\u00f3ximo 30 [&hellip;]<\/p>\n","protected":false},"author":1,"featured_media":22014,"comment_status":"open","ping_status":"open","sticky":false,"template":"","format":"standard","meta":{"footnotes":""},"categories":[2],"tags":[2861,45,677,347,48,525,1021],"class_list":["post-22513","post","type-post","status-publish","format-standard","has-post-thumbnail","hentry","category-ultimas-noticias","tag-bajar","tag-caputo","tag-cuando","tag-hablo","tag-las","tag-retenciones","tag-van"],"_links":{"self":[{"href":"https:\/\/13.com.ar\/index.php\/wp-json\/wp\/v2\/posts\/22513","targetHints":{"allow":["GET"]}}],"collection":[{"href":"https:\/\/13.com.ar\/index.php\/wp-json\/wp\/v2\/posts"}],"about":[{"href":"https:\/\/13.com.ar\/index.php\/wp-json\/wp\/v2\/types\/post"}],"author":[{"embeddable":true,"href":"https:\/\/13.com.ar\/index.php\/wp-json\/wp\/v2\/users\/1"}],"replies":[{"embeddable":true,"href":"https:\/\/13.com.ar\/index.php\/wp-json\/wp\/v2\/comments?post=22513"}],"version-history":[{"count":0,"href":"https:\/\/13.com.ar\/index.php\/wp-json\/wp\/v2\/posts\/22513\/revisions"}],"wp:featuredmedia":[{"embeddable":true,"href":"https:\/\/13.com.ar\/index.php\/wp-json\/wp\/v2\/media\/22014"}],"wp:attachment":[{"href":"https:\/\/13.com.ar\/index.php\/wp-json\/wp\/v2\/media?parent=22513"}],"wp:term":[{"taxonomy":"category","embeddable":true,"href":"https:\/\/13.com.ar\/index.php\/wp-json\/wp\/v2\/categories?post=22513"},{"taxonomy":"post_tag","embeddable":true,"href":"https:\/\/13.com.ar\/index.php\/wp-json\/wp\/v2\/tags?post=22513"}],"curies":[{"name":"wp","href":"https:\/\/api.w.org\/{rel}","templated":true}]}}