{"id":22510,"date":"2025-05-05T15:45:29","date_gmt":"2025-05-05T18:45:29","guid":{"rendered":"https:\/\/13.com.ar\/index.php\/hay-paro-de-colectivos-manana-a-que-hora-comenzaria-y-cuanto-podria-durar\/"},"modified":"2025-05-05T15:45:29","modified_gmt":"2025-05-05T18:45:29","slug":"hay-paro-de-colectivos-manana-a-que-hora-comenzaria-y-cuanto-podria-durar","status":"publish","type":"post","link":"https:\/\/13.com.ar\/index.php\/hay-paro-de-colectivos-manana-a-que-hora-comenzaria-y-cuanto-podria-durar\/","title":{"rendered":"\u00bfHay paro de colectivos ma\u00f1ana? A qu\u00e9 hora comenzar\u00eda y cu\u00e1nto podr\u00eda durar"},"content":{"rendered":"<p> <br \/>\n<br \/><img decoding=\"async\" src=\"https:\/\/13.com.ar\/wp-content\/uploads\/2025\/05\/\u00bfHabra-paro-de-colectivos-este-martes-6-de-mayo-Las.jpg\" \/><\/p>\n<div id=\"element-body-0\">\n<p>La <strong>Uni\u00f3n Tranviaria Automotor (UTA)<\/strong> anunci\u00f3 un<strong> paro de colectivos por 24 horas para el martes 6 de mayo<\/strong> por falta de un acuerdo salarial con las c\u00e1maras empresariales de transporte y la Secretar\u00eda de Trabajo.<\/p>\n<\/div>\n<div id=\"element-body-1\">\n<p>&#8220;Pese a las gestiones realizadas por este Consejo Directivo Nacional, hasta el momento no se ha podido mejorar ofrecimiento empresario y se ha agotado el periodo de Conciliaci\u00f3n Laboral Obligatoria. Conforme a ello, como primera medida, se ha resulto un paro de actividades por 24 horas&#8221;, expresa el comunicado de la UTA.<\/p>\n<\/div>\n<div id=\"element-body-2\">\n<p>De todos modos, el<strong> Gobierno Nacional<\/strong> convoc\u00f3 a una una nueva videoconferencia de urgencia para este lunes 5 de mayo desde las 16 hs, entre la Uni\u00f3n Tranviarios Automotor <strong>(UTA) y las c\u00e1maras empresariales<\/strong> del sector, con el objetivo de destrabar el conflicto que amenaza con paralizar el transporte p\u00fablico.<\/p>\n<\/div>\n<div id=\"element-body-3\">\n<p>Sin embargo, esta ma\u00f1ana en una entrevista con Urbana Play, el <strong>secretario gremial de la UTA<\/strong>,<strong> Gabriel Gusso<\/strong>, afirm\u00f3 que el paro queda confirmado y que &#8220;no va a haber ning\u00fan tipo de acuerdo&#8221;.<\/p>\n<\/div>\n<div id=\"element-body-4\">\n<p>En el caso de que la negociaci\u00f3n termine sin \u00e9xito y el gremio no levante la medida antes de la medianoche, el cese de actividades afectar\u00e1 a miles de pasajeros en la ciudad de Buenos Aires y el conurbano bonaerense.<\/p>\n<\/div>\n<div id=\"element-body-6\">\n<p>La UTA comunic\u00f3 que el servicio de transporte de pasajeros de corta y media distancia quedar\u00e1 interrumpido <strong>desde las 00:00 del martes 5 de mayo <\/strong>y durar\u00e1 24 horas en<strong> todo el pa\u00eds<\/strong>.<\/p>\n<\/div>\n<div id=\"element-body-7\">\n<p>Sin embargo, la confirmaci\u00f3n de la medida de fuerza se har\u00e1 efectiva luego de que termine la reuni\u00f3n entre la UTA y las principales c\u00e1maras empresariales de transporte.<\/p>\n<\/div>\n<div id=\"element-body-10\">\n<p>Si la UTA no suspende la <strong>medida de fuerza para el 6 de mayo<\/strong> alrededor de 300 l\u00edneas de colectivo que circulan en Buenos Aires se ver\u00e1n afectadas en su funcionamiento, por lo que miles de pasajeros sufrir\u00e1n inconvenientes para viajar.<\/p>\n<\/div>\n<div id=\"element-body-11\">\n<p>Las l\u00edneas que no brindar\u00e1n servicios: <strong>1, 2, 4, 10, 12, 15, 17, 19, 22, 29, 32, 33, 34, 37, 39, 41, 42, 45, 46, 47, 49, 53, 55, 59, 60, 61, 62, 63, 64, 65, 67, 68, 70, 71, 75, 78, 86, 87, 88, 90, 92, 93, 95, 96, 97, 102, 103, 105, 109, 110, 111, 113, 114, 118, 119, 123, 124, 126, 127, 128, 129, 133, 136, 140, 143, 145, 148, 151, 152, 153, 154, 158, 159, 160, 163, 166, 169, 172, 174, 176, 178, 179, 180, 181, 182, 184, 185, 193, 194 y 195.<\/strong><\/p>\n<\/div>\n<div id=\"element-body-13\">\n<p>Por su parte, el <strong>Grupo DOTA (Doscientos Ocho Transporte Automotor)<\/strong> inform\u00f3 que no se adherir\u00e1 al paro de colectivos del<strong> 6 de mayo encabezado por la UTA<\/strong>, por lo que las l\u00edneas que integran esta empresa prestar\u00e1n servicio con normalidad.<\/p>\n<\/div>\n<div id=\"element-body-14\">\n<p>Lineas que funcionar\u00e1n normalmente: <strong>5, 6, 7, 8, 9, 20, 21, 23, 24, 25, 28, 31, 44, 50, 51, 56, 57, 74, 76, 79, 84, 91, 99, 100, 101, 106, 107, 108, 115, 117, 130, 135, 146, 150, 161, 164, 168, 177 y 188<\/strong>.<\/p>\n<\/div>\n<div id=\"element-body-16\">\n<p>Mientras que en la Provincia de Buenos aires, las l\u00edneas que circular\u00e1n son: <strong>256, 263, 271, 299, 370, 384, 385, 388, 403, 405, 421, 429, 435, 440, 503, 514, 520, 540, 550, 551, 552, 553, 570, 740<\/strong>.<\/p>\n<\/div>\n<p><br \/>\n<br \/><a href=\"https:\/\/www.clarin.com\/informacion-general\/paro-colectivos-manana-hora-comenzaria-podria-durar_0_TkzhnagGA6.html\">Fuente Clarin.com <\/a><\/p>\n","protected":false},"excerpt":{"rendered":"<p>La Uni\u00f3n Tranviaria Automotor (UTA) anunci\u00f3 un paro de colectivos por 24 horas para el martes 6 de mayo por falta de un acuerdo salarial con las c\u00e1maras empresariales de transporte y la Secretar\u00eda de Trabajo. &#8220;Pese a las gestiones realizadas por este Consejo Directivo Nacional, hasta el momento no se ha podido mejorar ofrecimiento [&hellip;]<\/p>\n","protected":false},"author":1,"featured_media":22421,"comment_status":"open","ping_status":"open","sticky":false,"template":"","format":"standard","meta":{"footnotes":""},"categories":[2],"tags":[6914,15917,448,6379,942,713,804,8177,1563,286],"class_list":["post-22510","post","type-post","status-publish","format-standard","has-post-thumbnail","hentry","category-ultimas-noticias","tag-colectivos","tag-comenzaria","tag-cuanto","tag-durar","tag-hay","tag-hora","tag-manana","tag-paro","tag-podria","tag-que"],"_links":{"self":[{"href":"https:\/\/13.com.ar\/index.php\/wp-json\/wp\/v2\/posts\/22510","targetHints":{"allow":["GET"]}}],"collection":[{"href":"https:\/\/13.com.ar\/index.php\/wp-json\/wp\/v2\/posts"}],"about":[{"href":"https:\/\/13.com.ar\/index.php\/wp-json\/wp\/v2\/types\/post"}],"author":[{"embeddable":true,"href":"https:\/\/13.com.ar\/index.php\/wp-json\/wp\/v2\/users\/1"}],"replies":[{"embeddable":true,"href":"https:\/\/13.com.ar\/index.php\/wp-json\/wp\/v2\/comments?post=22510"}],"version-history":[{"count":0,"href":"https:\/\/13.com.ar\/index.php\/wp-json\/wp\/v2\/posts\/22510\/revisions"}],"wp:featuredmedia":[{"embeddable":true,"href":"https:\/\/13.com.ar\/index.php\/wp-json\/wp\/v2\/media\/22421"}],"wp:attachment":[{"href":"https:\/\/13.com.ar\/index.php\/wp-json\/wp\/v2\/media?parent=22510"}],"wp:term":[{"taxonomy":"category","embeddable":true,"href":"https:\/\/13.com.ar\/index.php\/wp-json\/wp\/v2\/categories?post=22510"},{"taxonomy":"post_tag","embeddable":true,"href":"https:\/\/13.com.ar\/index.php\/wp-json\/wp\/v2\/tags?post=22510"}],"curies":[{"name":"wp","href":"https:\/\/api.w.org\/{rel}","templated":true}]}}