{"id":22508,"date":"2025-05-05T15:27:31","date_gmt":"2025-05-05T18:27:31","guid":{"rendered":"https:\/\/13.com.ar\/index.php\/la-incomodidad-de-martin-ku-ante-la-consulta-de-si-se-arrepiente-de-su-viaje-a-rusia-para-promocionar-una-polemica-propuesta-laboral\/"},"modified":"2025-05-05T15:27:31","modified_gmt":"2025-05-05T18:27:31","slug":"la-incomodidad-de-martin-ku-ante-la-consulta-de-si-se-arrepiente-de-su-viaje-a-rusia-para-promocionar-una-polemica-propuesta-laboral","status":"publish","type":"post","link":"https:\/\/13.com.ar\/index.php\/la-incomodidad-de-martin-ku-ante-la-consulta-de-si-se-arrepiente-de-su-viaje-a-rusia-para-promocionar-una-polemica-propuesta-laboral\/","title":{"rendered":"La incomodidad de Mart\u00edn Ku ante la consulta de si se arrepiente de su viaje a Rusia para promocionar una pol\u00e9mica propuesta laboral"},"content":{"rendered":"<p> <br \/>\n<br \/><img decoding=\"async\" src=\"https:\/\/13.com.ar\/wp-content\/uploads\/2025\/05\/La-incomodidad-de-Martin-Ku-ante-la-consulta-de-si.jpg\" \/><\/p>\n<div id=\"element-body-0\">\n<p>Por primera vez, <strong>Mart\u00edn Ku<\/strong> habl\u00f3 sobre la pol\u00e9mica propuesta que promocion\u00f3, junto a Nicol\u00e1s Grosman, para trabajar en Rusia, destinado para mujeres &#8220;de entre 18 y 22 a\u00f1os&#8221; y &#8220;un sueldo en d\u00f3lares&#8221;.<\/p>\n<\/div>\n<div id=\"element-body-1\">\n<p>Los ex participantes de <em>Gran Hermano<\/em> (Telefe) viajaron a finales de marzo a la ciudad de Tatarstan, Rusia, para promocionar en sus redes sociales &#8220;varios programas para j\u00f3venes estudiantes&#8221;, algo que le vali\u00f3 recibir fuertes cuestionamientos y hasta una denuncia en la Justicia, ya que por sus caracter\u00edsticas pod\u00eda tratarse de una &#8220;red de trata&#8221; internacional.<\/p>\n<\/div>\n<div id=\"element-body-2\">\n<p>Tras un comunicado que publicaron en sus redes y su desvinculaci\u00f3n de Telefe (formaba parte del programa <em>La noche de los ex<\/em>), Mart\u00edn Ku ahora habl\u00f3 de lo sucedido y busc\u00f3 bajarle el tono a la pol\u00e9mica, <strong>asegurando que no est\u00e1 imputado en ninguna causa judicial.<\/strong><\/p>\n<\/div>\n<div id=\"element-body-3\">\n<p>&#8220;En realidad le di un descanso a mi participaci\u00f3n en los medios porque hubo una condena social por lo que sucedi\u00f3. <strong>Hay unas denuncias, estamos con abogado, por supuesto<\/strong>. No estoy imputado. Igual estuvimos a disposici\u00f3n de la Justicia para que se investigue&#8221;, asegur\u00f3 el ex participante de <em>Gran Hermano<\/em> en di\u00e1logo con Intrusos (Am\u00e9rica TV).<\/p>\n<\/div>\n<div id=\"element-body-4\">\n<p>&#8220;Repudio cualquier hecho delictivo&#8230; <strong>Lo importante es que act\u00fae la Justicia y se investigue&#8221;<\/strong>, sum\u00f3 Mart\u00edn Ku.<\/p>\n<\/div>\n<div id=\"element-body-6\">\n<p>Al ser consultado por Nicol\u00e1s, expres\u00f3: &#8220;Estamos en una situaci\u00f3n parecida, pero estamos bien porque <strong>sabemos que somos inocentes. No tenemos nada de qu\u00e9 preocuparnos&#8221;.<\/strong><\/p>\n<\/div>\n<div id=\"element-body-7\">\n<p>&#8220;Se parti\u00f3 de especulaciones y se asegura un hecho, cuando en realidad la investigaci\u00f3n la tiene que hacer la Justicia&#8221;, sigui\u00f3 Mart\u00edn, que reiter\u00f3 que no est\u00e1 imputado en ninguna causa. &#8220;A pesar de eso presentamos chats&#8230; toda la comunicaci\u00f3n que tuvimos en todo momento&#8221;.<\/p>\n<\/div>\n<div id=\"element-body-8\">\n<p>Luego, ante la pregunta de si se arrepiente de haber viajado con Mart\u00edn a Rusia y promocionar en sus redes sociales el supuesto programa laboral, se\u00f1al\u00f3: &#8220;Te estoy diciendo que tiene que investigar la Justicia. No s\u00e9 por qu\u00e9 me dir\u00edas si me arrepiento&#8221;.<\/p>\n<\/div>\n<div id=\"element-body-9\">\n<p>&#8220;Quiz\u00e1s la edad de las mujeres para convocatorio es un poco pol\u00e9mica&#8230;&#8221;, sugiri\u00f3 el cronista. &#8220;\u00bfEst\u00e1 confirmado? No est\u00e1 confirmado, no tiene nada que ver. <strong>Nosotros dijimos que son varios programas, a nosotros nos toc\u00f3 publicitar uno con ese rango etario<\/strong>. Pero hay varios programas, estuvimos all\u00e1 y no hab\u00eda nada fuera de lo normal. Hay chicos tambi\u00e9n, solo que no nos toc\u00f3 a nosotros publicitar ese programa&#8221;, expres\u00f3, visiblemente inc\u00f3modo, Mart\u00edn Ku, antes de dejar en claro que no volvi\u00f3 a tener contacto con las personas que lo contrataron a \u00e9l y a Nicol\u00e1s para realizar la pol\u00e9mica actividad promocional.<\/p>\n<\/div>\n<div id=\"element-body-10\">\n<p><strong>&#8220;Con esta gente no habl\u00e9 m\u00e1s desde que volvimos. <\/strong>Nos pidieron subir varios contenidos m\u00e1s, pero por la situaci\u00f3n que ocurri\u00f3 no subimos nada m\u00e1s. Tuvimos solamente esta acci\u00f3n&#8221;, enfatiz\u00f3.<\/p>\n<\/div>\n<div id=\"element-body-11\">\n<p>Sobre su salida de Telefe, aclar\u00f3 sin explayarse: <strong>&#8220;Por ahora no estoy trabajando m\u00e1s en Telefe, a ra\u00edz de esto&#8221;.<\/strong><\/p>\n<\/div>\n<div id=\"element-body-13\">\n<div class=\"sc-c2c2a3c6-1 kQhBlc videoText videoText\">\n<h2>Video<\/h2>\n<p>Mart\u00edn Ku y Nico Grosman promocionaron una propuesta laboral y causaron indignaci\u00f3n<\/p>\n<\/div>\n<\/div>\n<p><br \/>\n<br \/><a href=\"https:\/\/www.clarin.com\/fama\/incomodidad-martin-ku-consulta-arrepiente-viaje-rusia-promocionar-polemica-propuesta-laboral_0_Mg6up34Xsw.html\">Fuente Clarin.com <\/a><\/p>\n","protected":false},"excerpt":{"rendered":"<p>Por primera vez, Mart\u00edn Ku habl\u00f3 sobre la pol\u00e9mica propuesta que promocion\u00f3, junto a Nicol\u00e1s Grosman, para trabajar en Rusia, destinado para mujeres &#8220;de entre 18 y 22 a\u00f1os&#8221; y &#8220;un sueldo en d\u00f3lares&#8221;. Los ex participantes de Gran Hermano (Telefe) viajaron a finales de marzo a la ciudad de Tatarstan, Rusia, para promocionar en [&hellip;]<\/p>\n","protected":false},"author":1,"featured_media":22509,"comment_status":"open","ping_status":"open","sticky":false,"template":"","format":"standard","meta":{"footnotes":""},"categories":[2],"tags":[2759,17089,14142,17088,3685,1604,16,814,5481,95,5761,73,130],"class_list":["post-22508","post","type-post","status-publish","format-standard","has-post-thumbnail","hentry","category-ultimas-noticias","tag-ante","tag-arrepiente","tag-consulta","tag-incomodidad","tag-laboral","tag-martin","tag-para","tag-polemica","tag-promocionar","tag-propuesta","tag-rusia","tag-una","tag-viaje"],"_links":{"self":[{"href":"https:\/\/13.com.ar\/index.php\/wp-json\/wp\/v2\/posts\/22508","targetHints":{"allow":["GET"]}}],"collection":[{"href":"https:\/\/13.com.ar\/index.php\/wp-json\/wp\/v2\/posts"}],"about":[{"href":"https:\/\/13.com.ar\/index.php\/wp-json\/wp\/v2\/types\/post"}],"author":[{"embeddable":true,"href":"https:\/\/13.com.ar\/index.php\/wp-json\/wp\/v2\/users\/1"}],"replies":[{"embeddable":true,"href":"https:\/\/13.com.ar\/index.php\/wp-json\/wp\/v2\/comments?post=22508"}],"version-history":[{"count":0,"href":"https:\/\/13.com.ar\/index.php\/wp-json\/wp\/v2\/posts\/22508\/revisions"}],"wp:featuredmedia":[{"embeddable":true,"href":"https:\/\/13.com.ar\/index.php\/wp-json\/wp\/v2\/media\/22509"}],"wp:attachment":[{"href":"https:\/\/13.com.ar\/index.php\/wp-json\/wp\/v2\/media?parent=22508"}],"wp:term":[{"taxonomy":"category","embeddable":true,"href":"https:\/\/13.com.ar\/index.php\/wp-json\/wp\/v2\/categories?post=22508"},{"taxonomy":"post_tag","embeddable":true,"href":"https:\/\/13.com.ar\/index.php\/wp-json\/wp\/v2\/tags?post=22508"}],"curies":[{"name":"wp","href":"https:\/\/api.w.org\/{rel}","templated":true}]}}