{"id":22502,"date":"2025-05-05T15:19:04","date_gmt":"2025-05-05T18:19:04","guid":{"rendered":"https:\/\/13.com.ar\/index.php\/donde-queda-el-cablecarril-mas-alto-del-mundo\/"},"modified":"2025-05-05T15:19:04","modified_gmt":"2025-05-05T18:19:04","slug":"donde-queda-el-cablecarril-mas-alto-del-mundo","status":"publish","type":"post","link":"https:\/\/13.com.ar\/index.php\/donde-queda-el-cablecarril-mas-alto-del-mundo\/","title":{"rendered":"d\u00f3nde queda el cablecarril m\u00e1s alto del mundo"},"content":{"rendered":"<p> <br \/>\n<br \/><img decoding=\"async\" src=\"https:\/\/13.com.ar\/wp-content\/uploads\/2025\/05\/donde-queda-el-cablecarril-mas-alto-del-mundo.jpg\" \/><\/p>\n<div id=\"element-body-0\">\n<p>En pleno coraz\u00f3n del <strong>noroeste argentino<\/strong>, sobre las laderas del imponente <strong>Cerro Famatina<\/strong>, se esconde una de las obras m\u00e1s sorprendentes de la historia industrial del pa\u00eds: el<strong> Cable Carril Chilecito\u2013La Mejicana<\/strong>, considerado el m\u00e1s alto del mundo. Fue construido a principios del siglo XX con una precisi\u00f3n y un despliegue t\u00e9cnico que, incluso hoy, sigue despertando admiraci\u00f3n.<\/p>\n<\/div>\n<div id=\"element-body-1\">\n<p>Esta inmensa estructura fue pensada para unir la mina aur\u00edfera \u201cLa Mejicana\u201d con la ciudad de <strong>Chilecito<\/strong>, transportando oro y cobre en descenso, y todo tipo de provisiones e insumos en subida. Con m\u00e1s de<strong> 34 kil\u00f3metros de recorrido <\/strong>y una<strong> altura que supera los 4.500 metros<\/strong> sobre el nivel del mar, esta obra resume el ingenio argentino en uno de los entornos m\u00e1s desafiantes del pa\u00eds.<\/p>\n<\/div>\n<div id=\"element-body-3\">\n<p>La historia del cablecarril <strong>arranca oficialmente en 1902<\/strong>, cuando se adjudic\u00f3 su construcci\u00f3n a la empresa alemana Adolf Bleichert &amp; Co., especializada en sistemas de transporte a\u00e9reo por cable. Con una<strong> l\u00ednea de 260 torres, un t\u00fanel, once tensores y una torre doble<\/strong>, la obra se complet\u00f3 en 1905, tras el esfuerzo de m\u00e1s de 1.600 obreros que trabajaron a gran altura para lograr una haza\u00f1a \u00fanica.<\/p>\n<\/div>\n<div id=\"element-body-4\">\n<p>Durante m\u00e1s de dos d\u00e9cadas, el sistema de vagonetas \u2014capaces de transportar hasta 500 kilos cada una\u2014 <strong>moviliz\u00f3 m\u00e1s de 12 mil toneladas por mes entre minerales, herramientas, alimentos y combustible<\/strong>. En total, el complejo contaba con nueve estaciones estrat\u00e9gicamente ubicadas: Chilecito, El Durazno, El Parr\u00f3n, Siete Cuestas, Cueva del Romero, El Cielito, Calderita Nueva, Los Bayos y La Mejicana.<\/p>\n<\/div>\n<div id=\"element-body-15\">\n<p>A pesar de que <strong>dej\u00f3 de operar en 1927<\/strong>, tras la ca\u00edda de la actividad minera, el cable carril jam\u00e1s perdi\u00f3 su valor simb\u00f3lico ni t\u00e9cnico. En 1982 fue declarado <strong>Monumento Hist\u00f3rico Nacional<\/strong> por el Estado argentino, y aunque hoy no funciona plenamente, sigue atrayendo visitantes de todo el pa\u00eds. Muchos se acercan para hacer senderismo o simplemente para maravillarse con esta obra que alguna vez fue la instalaci\u00f3n de su tipo m\u00e1s extensa y alta del planeta.<\/p>\n<\/div>\n<div id=\"element-body-16\">\n<p>Durante los a\u00f1os 90, incluso, se intent\u00f3 reactivarlo como paseo tur\u00edstico, pero <strong>un accidente ocurrido en 1994 forz\u00f3 su cierre<\/strong>. Desde entonces, s\u00f3lo se mantiene operativo un peque\u00f1o tramo entre las dos primeras estaciones para fines de mantenimiento.<\/p>\n<\/div>\n<div id=\"element-body-18\">\n<p>El complejo <strong>se encuentra a apenas 2 horas y 20 minutos en auto desde la capital riojana<\/strong>, en la ciudad de Chilecito. Desde all\u00ed, puede recorrerse parte del antiguo trazado que sigue de pie, con sus estaciones parcialmente conservadas y las torres que a\u00fan se recortan sobre el cielo cordillerano.<\/p>\n<\/div>\n<div id=\"element-body-19\">\n<p>Hoy, m\u00e1s de un siglo despu\u00e9s de su construcci\u00f3n, el Cable Carril La Mejicana no solo es un orgullo t\u00e9cnico, sino tambi\u00e9n un s\u00edmbolo del norte argentino y del poder visionario de una Argentina que supo pensar en grande.<\/p>\n<\/div>\n<p><br \/>\n<br \/><a href=\"https:\/\/www.clarin.com\/informacion-general\/monumento-historico-representa-argentina-cuna-ingenieria-queda-cablecarril-alto-mundo_0_iSAbhMey8x.html\">Fuente Clarin.com <\/a><\/p>\n","protected":false},"excerpt":{"rendered":"<p>En pleno coraz\u00f3n del noroeste argentino, sobre las laderas del imponente Cerro Famatina, se esconde una de las obras m\u00e1s sorprendentes de la historia industrial del pa\u00eds: el Cable Carril Chilecito\u2013La Mejicana, considerado el m\u00e1s alto del mundo. Fue construido a principios del siglo XX con una precisi\u00f3n y un despliegue t\u00e9cnico que, incluso hoy, [&hellip;]<\/p>\n","protected":false},"author":1,"featured_media":22503,"comment_status":"open","ping_status":"open","sticky":false,"template":"","format":"standard","meta":{"footnotes":""},"categories":[2],"tags":[4195,17084,100,743,155,143,4541],"class_list":["post-22502","post","type-post","status-publish","format-standard","has-post-thumbnail","hentry","category-ultimas-noticias","tag-alto","tag-cablecarril","tag-del","tag-donde","tag-mas","tag-mundo","tag-queda"],"_links":{"self":[{"href":"https:\/\/13.com.ar\/index.php\/wp-json\/wp\/v2\/posts\/22502","targetHints":{"allow":["GET"]}}],"collection":[{"href":"https:\/\/13.com.ar\/index.php\/wp-json\/wp\/v2\/posts"}],"about":[{"href":"https:\/\/13.com.ar\/index.php\/wp-json\/wp\/v2\/types\/post"}],"author":[{"embeddable":true,"href":"https:\/\/13.com.ar\/index.php\/wp-json\/wp\/v2\/users\/1"}],"replies":[{"embeddable":true,"href":"https:\/\/13.com.ar\/index.php\/wp-json\/wp\/v2\/comments?post=22502"}],"version-history":[{"count":0,"href":"https:\/\/13.com.ar\/index.php\/wp-json\/wp\/v2\/posts\/22502\/revisions"}],"wp:featuredmedia":[{"embeddable":true,"href":"https:\/\/13.com.ar\/index.php\/wp-json\/wp\/v2\/media\/22503"}],"wp:attachment":[{"href":"https:\/\/13.com.ar\/index.php\/wp-json\/wp\/v2\/media?parent=22502"}],"wp:term":[{"taxonomy":"category","embeddable":true,"href":"https:\/\/13.com.ar\/index.php\/wp-json\/wp\/v2\/categories?post=22502"},{"taxonomy":"post_tag","embeddable":true,"href":"https:\/\/13.com.ar\/index.php\/wp-json\/wp\/v2\/tags?post=22502"}],"curies":[{"name":"wp","href":"https:\/\/api.w.org\/{rel}","templated":true}]}}