{"id":2250,"date":"2025-02-05T14:48:18","date_gmt":"2025-02-05T17:48:18","guid":{"rendered":"https:\/\/13.com.ar\/index.php\/el-impacto-concreto-para-la-salud-en-el-pais-y-que-pasara-con-el-precio-de-las-vacunas\/"},"modified":"2025-02-05T14:48:18","modified_gmt":"2025-02-05T17:48:18","slug":"el-impacto-concreto-para-la-salud-en-el-pais-y-que-pasara-con-el-precio-de-las-vacunas","status":"publish","type":"post","link":"https:\/\/13.com.ar\/index.php\/el-impacto-concreto-para-la-salud-en-el-pais-y-que-pasara-con-el-precio-de-las-vacunas\/","title":{"rendered":"el impacto concreto para la salud en el pa\u00eds y qu\u00e9 pasar\u00e1 con el precio de las vacunas"},"content":{"rendered":"<p> <br \/>\n<\/p>\n<div id=\"cuerpo\">\n<div class=\"sc-80531b6b-0 chRIGJ container-text text-embed\">\n<p>&#8220;Ayer, la <strong>Organizaci\u00f3n Mundial de la Salud (OMS)<\/strong> declar\u00f3 al brote del nuevo coronavirus como una pandemia&#8221;. Con esa frase, dicha apenas comenz\u00f3 la cadena nacional del 13 de marzo de 2020, el ex presidente Alberto Fern\u00e1ndez justific\u00f3 la decisi\u00f3n de iniciar el confinamiento en Argentina por el coronavirus.<\/p>\n<\/div>\n<div class=\"sc-80531b6b-0 chRIGJ container-text text-embed\">\n<p>Desde ah\u00ed en adelante, toda decisi\u00f3n de salud a nivel gobierno -desde qu\u00e9 vacunas aplicar hasta a qui\u00e9n hisopar- empez\u00f3 con<strong> &#8220;seg\u00fan las recomendaciones de la OMS&#8221;.<\/strong><\/p>\n<\/div>\n<div class=\"sc-80531b6b-0 chRIGJ container-text text-embed\">\n<p>Casi cinco a\u00f1os despu\u00e9s de ese primer mensaje presidencial y en sinton\u00eda con la decisi\u00f3n que d\u00edas atr\u00e1s tom\u00f3 Donald Trump para Estados Unidos, el Gobierno de Javier Milei anunci\u00f3 este mi\u00e9rcoles que <strong>Argentina <em>se va <\/em>de la OMS.<\/strong><\/p>\n<\/div>\n<div class=\"sc-80531b6b-0 chRIGJ container-text text-embed\">\n<p>Justamente, como dijo el magnate republicano, se anuncia tras<strong> duras cr\u00edticas sobre c\u00f3mo el organismo se manej\u00f3 durante la crisis del covid-19.<\/strong> Incluso antes de llegar a la Presidencia, Milei se mostr\u00f3 como un cr\u00edtico ac\u00e9rrimo de la OMS por sus recomendaciones durante la pandemia.<\/p>\n<\/div>\n<div class=\"sc-80531b6b-0 chRIGJ container-text text-embed\">\n<p><strong>\u00bfQu\u00e9 significa salirse de la OMS? <\/strong><\/p>\n<\/div>\n<div class=\"sc-198be8ec-0 cynXbu image-embed  image-embed \"><picture class=\"sc-198be8ec-1 kOjRiQ\"><source media=\"(min-width: 975px)\" width=\"720\" height=\"480\" \/><img alt=\"El vocero presidencial Manuel Adorni anunci\u00f3 que Argentina saldr\u00e1 de la OMS.\" loading=\"lazy\" width=\"720\" height=\"480\" decoding=\"async\" data-nimg=\"1\" style=\"color:transparent\" src=\"https:\/\/13.com.ar\/wp-content\/uploads\/2025\/02\/el-impacto-concreto-para-la-salud-en-el-pais-y.jpg\"\/><span class=\"epigraphe\">El vocero presidencial Manuel Adorni anunci\u00f3 que Argentina saldr\u00e1 de la OMS.<\/span><span class=\"bkg\"\/><span class=\"picture-open\"><button class=\"open-image\" aria-label=\"Open Image\"\/><\/span><\/picture><\/div>\n<div class=\"sc-80531b6b-0 chRIGJ container-text text-embed\">\n<p>&#8220;El presidente Javier Milei instruy\u00f3 al canciller Gerardo Werthein para<strong> retirar a la Argentina de la OMS. <\/strong>La misma se sustenta en las profundas diferencias respecto a la gesti\u00f3n sanitaria durante la pandemia, que junto al Gobierno de Alberto Fern\u00e1ndez nos llevaron al encierro m\u00e1s grande de la humanidad&#8221;, sostuvo el vocero presidencial, Manuel Adorni.<\/p>\n<\/div>\n<div class=\"sc-80531b6b-0 chRIGJ container-text text-embed\">\n<p>En el anuncio se afirm\u00f3 que la medida <strong>no representa p\u00e9rdida de fondos para el pa\u00eds<\/strong>.<\/p>\n<\/div>\n<div class=\"sc-80531b6b-0 chRIGJ container-text text-embed\">\n<p>&#8220;Le da al pa\u00eds mayor flexibilidad para implementar pol\u00edticas adaptadas al contexto de intereses que requiere Argentina,<strong> mayor disponibilidad de recursos y reafirma nuestro camino de soberan\u00eda tambi\u00e9n en materia de salud&#8221;,<\/strong> ampli\u00f3 Adorni.<\/p>\n<\/div>\n<div class=\"sc-80531b6b-0 chRIGJ container-text text-embed\">\n<p>Desde el Ministerio de Salud de la Naci\u00f3n explicaron a <strong>Clar\u00edn<\/strong> por qu\u00e9 esta salida <strong>no tiene implicancias econ\u00f3micas<\/strong>.<\/p>\n<\/div>\n<div class=\"sc-80531b6b-0 chRIGJ container-text text-embed\">\n<p>&#8220;Los v\u00ednculos materiales, en alg\u00fan punto, por los pedidos que se puedan hacer (para medicaciones de alto costo o vacunas) son a trav\u00e9s de la Organizaci\u00f3n Panamericana de la Salud (OPS), que depende de la Organizaci\u00f3n de Estados Americano (OEA). Con lo cual,<strong> irnos de OMS no es irnos de OPS&#8221;,<\/strong> detallan desde la cartera sanitaria nacional.<\/p>\n<\/div>\n<div class=\"sc-80531b6b-0 chRIGJ container-text text-embed\">\n<p>Esa es la gran cr\u00edtica de quienes rechazan este NO a la OMS. Es que los Fondos Rotatorios Regionales (FRR) de la OPS son mecanismos de cooperaci\u00f3n t\u00e9cnica que permiten a los pa\u00edses de las Am\u00e9ricas <strong>acceder a vacunas a precios m\u00e1s convenientes para los estados miembros.<\/strong><\/p>\n<\/div>\n<div class=\"sc-80531b6b-0 chRIGJ container-text text-embed\">\n<p>Uno de esos fondos en particular tom\u00f3 popularidad en Argentina en la pandemia: el mecanismo COVAX, que en las primeras tres tandas,<strong> trajo 800.000 vacunas contra el covid.<\/strong><\/p>\n<\/div>\n<div class=\"sc-80531b6b-0 chRIGJ container-text text-embed\">\n<p>&#8220;La compra de medicamentos, vacunas e insumos por esa v\u00eda <strong>va a seguir vigente<\/strong>. No va a haber problema ni para el Ministerio de Salud ni para los estados provinciales, que tambi\u00e9n est\u00e1n empezando a usar los fondos rotatorios para comprar insumos&#8221;, siguen desde ese ministerio.<\/p>\n<\/div>\n<div class=\"sc-80531b6b-0 chRIGJ container-text text-embed\">\n<p>Desde el equipo de Mario Lugones, ministro de Salud de la Naci\u00f3n, dicen a <strong>Clar\u00edn<\/strong> que Casa Rosada ya instruy\u00f3 al ministerio a que empiece con los<strong> informes t\u00e9cnicos de las implicancias de salir de la OMS.<\/strong><\/p>\n<\/div>\n<div class=\"sc-80531b6b-0 chRIGJ container-text text-embed\">\n<p>Anticipan que ya se envi\u00f3 una solicitud de informes a la ANMAT y a ANALIS-MALBR\u00c1N, que entienden &#8220;que son las dependencias que pueden tener un impedimento en el funcionamiento&#8221;, y anticipan que desde Malbr\u00e1n &#8220;dijeron que van a hacer un informe t\u00e9cnico&#8221; y que Anmat &#8220;ya dijo que <strong>la salida de la OMS no ofrece ninguna implicancia&#8221;.<\/strong><\/p>\n<\/div>\n<p><h2>Una salida, por ahora, anunciada<\/h2>\n<\/p>\n<div class=\"sc-80531b6b-0 chRIGJ container-text text-embed\">\n<p>&#8220;Es una decisi\u00f3n<strong> lamentable y profundamente equivocada del Gobierno<\/strong>, tomada, a mi juicio, sin mucho an\u00e1lisis ni consideraciones sanitarias, sin mencionar que es un tremendo error pol\u00edtico y estrat\u00e9gico&#8221;, le dice a <strong>Clar\u00edn <\/strong>Adolfo Rubinstein, ex ministro de Salud de la Naci\u00f3n durante la gesti\u00f3n de Mauricio Macri y director del Centro de Implementaci\u00f3n e Innovaci\u00f3n en Pol\u00edticas de Salud (CIIPS).<\/p>\n<\/div>\n<div class=\"sc-80531b6b-0 chRIGJ container-text text-embed\">\n<p>En medio de su propia cr\u00edtica y la de otros opositores a la salida de la OMS, Rubinstein aclara que &#8220;es <strong>grave porque es quedarse afuera de las pol\u00edticas sanitarias a nivel global y ni que hablar si esto se extiende a salir de la OPS&#8221;.<\/strong><\/p>\n<\/div>\n<div class=\"sc-80531b6b-0 chRIGJ container-text text-embed\">\n<p>Si bien, dice, &#8220;COVAX no fue importante en Argentina, porque en pandemia en Latinoam\u00e9rica cada pa\u00eds se manej\u00f3 en forma individual con casi nulo comportamiento y pol\u00edticas solidarias&#8221;, al salir de la OMS <strong>&#8220;podr\u00eda haber una desvinculaci\u00f3n de acuerdos internacionales de salud,<\/strong> como del Reglamento Sanitario Internacional (RSI), que establece medidas para la prevenci\u00f3n y respuesta a emergencias de salud globales&#8221;.<\/p>\n<\/div>\n<div class=\"sc-80531b6b-0 chRIGJ container-text text-embed\">\n<p>Adem\u00e1s, Rubinstein habla de un impacto desfavorable m\u00e1s administrativo: &#8220;En la cooperaci\u00f3n cient\u00edfica y regulatoria, como la reducci\u00f3n en la capacidad de participar en proyectos de investigaci\u00f3n globales en salud p\u00fablica, o dificultades para que organismos regulatorios de Argentina sean reconocidos internacionalmente,<strong> por ejemplo, para la certificaci\u00f3n de medicamentos y vacunas&#8221;.<\/strong><\/p>\n<\/div>\n<div class=\"sc-80531b6b-0 chRIGJ container-text text-embed\">\n<p>Tambi\u00e9n se habla de que la salida, por ahora,<strong> s\u00f3lo es un anuncio.<\/strong><\/p>\n<\/div>\n<div class=\"sc-80531b6b-0 chRIGJ container-text text-embed\">\n<p><strong>&#8220;Argentina no podr\u00eda salir de la OMS unilateralmente por decreto sin incurrir en conflictos jur\u00eddicos internos e internacionales<\/strong>. Porque su adhesi\u00f3n es un tratado internacional. La \u00fanica v\u00eda constitucionalmente v\u00e1lida ser\u00eda a trav\u00e9s del Congreso Nacional, lo que complica significativamente la posibilidad de una salida expr\u00e9s de la organizaci\u00f3n&#8221;, detallan desde la CIIPS.<\/p>\n<\/div>\n<div class=\"sc-80531b6b-0 chRIGJ container-text text-embed\">\n<p>Ruben Torres, presidente de la Federaci\u00f3n Latinoamericana de Hospitales, dice a<strong> Clar\u00edn <\/strong>que hay dos perspectivas a tener en cuenta en esta salida. <\/p>\n<\/div>\n<div class=\"sc-80531b6b-0 chRIGJ container-text text-embed\">\n<p>&#8220;La primera es que la salida de la OMS<strong> no implica autom\u00e1ticamente la salida de la OPS<\/strong>, que es su rama regional en cuestiones de salud. As\u00ed que<strong> el beneficio del 15% en la compra de vacunas, no se caer\u00eda<\/strong>. La segunda perspectiva es que salir de la OMS es perder condiciones de la multilateralidad que son muy \u00fatiles <strong>ante desastres naturales, no tendr\u00edamos esa ayuda&#8221;<\/strong>, marca Torres.<\/p>\n<\/div>\n<div class=\"sc-80531b6b-0 chRIGJ container-text text-embed\">\n<p>Respecto al manejo de la OMS en la pandemia, coincide con que &#8220;es probable que en el organismo haya <strong>problemas pol\u00edticos y burocr\u00e1ticos<\/strong>, pero la soluci\u00f3n no es salir, es aportar para mejorar esas cuestiones, porque los datos que mundialmente se encarga de conseguir<strong> la OMS sirven para la toma de decisiones en cuestiones de salud a nivel mundial <\/strong>\u00bfQui\u00e9n lo har\u00eda si no lo hacen ellos?&#8221;.<\/p>\n<\/div>\n<\/div>\n<p><br \/>\n<br \/><a href=\"https:\/\/www.clarin.com\/sociedad\/argentina-saldra-oms-impacto-concreto-salud-pais-pasara-precio-vacunas_0_0fONR1U6B6.html\">Fuente Clarin.com <\/a><\/p>\n","protected":false},"excerpt":{"rendered":"<p>&#8220;Ayer, la Organizaci\u00f3n Mundial de la Salud (OMS) declar\u00f3 al brote del nuevo coronavirus como una pandemia&#8221;. Con esa frase, dicha apenas comenz\u00f3 la cadena nacional del 13 de marzo de 2020, el ex presidente Alberto Fern\u00e1ndez justific\u00f3 la decisi\u00f3n de iniciar el confinamiento en Argentina por el coronavirus. Desde ah\u00ed en adelante, toda decisi\u00f3n [&hellip;]<\/p>\n","protected":false},"author":1,"featured_media":2251,"comment_status":"open","ping_status":"open","sticky":false,"template":"","format":"standard","meta":{"footnotes":""},"categories":[2],"tags":[18,4144,1988,48,134,16,287,866,286,243,4145],"class_list":["post-2250","post","type-post","status-publish","format-standard","has-post-thumbnail","hentry","category-ultimas-noticias","tag-con","tag-concreto","tag-impacto","tag-las","tag-pais","tag-para","tag-pasara","tag-precio","tag-que","tag-salud","tag-vacunas"],"_links":{"self":[{"href":"https:\/\/13.com.ar\/index.php\/wp-json\/wp\/v2\/posts\/2250","targetHints":{"allow":["GET"]}}],"collection":[{"href":"https:\/\/13.com.ar\/index.php\/wp-json\/wp\/v2\/posts"}],"about":[{"href":"https:\/\/13.com.ar\/index.php\/wp-json\/wp\/v2\/types\/post"}],"author":[{"embeddable":true,"href":"https:\/\/13.com.ar\/index.php\/wp-json\/wp\/v2\/users\/1"}],"replies":[{"embeddable":true,"href":"https:\/\/13.com.ar\/index.php\/wp-json\/wp\/v2\/comments?post=2250"}],"version-history":[{"count":0,"href":"https:\/\/13.com.ar\/index.php\/wp-json\/wp\/v2\/posts\/2250\/revisions"}],"wp:featuredmedia":[{"embeddable":true,"href":"https:\/\/13.com.ar\/index.php\/wp-json\/wp\/v2\/media\/2251"}],"wp:attachment":[{"href":"https:\/\/13.com.ar\/index.php\/wp-json\/wp\/v2\/media?parent=2250"}],"wp:term":[{"taxonomy":"category","embeddable":true,"href":"https:\/\/13.com.ar\/index.php\/wp-json\/wp\/v2\/categories?post=2250"},{"taxonomy":"post_tag","embeddable":true,"href":"https:\/\/13.com.ar\/index.php\/wp-json\/wp\/v2\/tags?post=2250"}],"curies":[{"name":"wp","href":"https:\/\/api.w.org\/{rel}","templated":true}]}}