{"id":22498,"date":"2025-05-05T15:12:38","date_gmt":"2025-05-05T18:12:38","guid":{"rendered":"https:\/\/13.com.ar\/index.php\/que-lineas-no-se-adhieren-al-paro-de-colectivos-del-6-de-mayo\/"},"modified":"2025-05-05T15:12:38","modified_gmt":"2025-05-05T18:12:38","slug":"que-lineas-no-se-adhieren-al-paro-de-colectivos-del-6-de-mayo","status":"publish","type":"post","link":"https:\/\/13.com.ar\/index.php\/que-lineas-no-se-adhieren-al-paro-de-colectivos-del-6-de-mayo\/","title":{"rendered":"\u00bfQu\u00e9 l\u00edneas no se adhieren al paro de colectivos del 6 de mayo?"},"content":{"rendered":"<p> <br \/>\n<br \/><img decoding=\"async\" src=\"https:\/\/13.com.ar\/wp-content\/uploads\/2025\/05\/\u00bfQue-lineas-no-se-adhieren-al-paro-de-colectivos-del.jpg\" \/><\/p>\n<div id=\"element-body-0\">\n<p>La Uni\u00f3n Tranviarios Automotor (UTA) anunci\u00f3 un <strong>paro de colectivos<\/strong> para este martes 6 de mayo. Si bien todav\u00eda no se confirm\u00f3 de manera definitoria esta medida, ya que se lleva a cabo esta tarde la<strong> \u00faltima reuni\u00f3n conciliatoria <\/strong>entre sindicalistas, c\u00e1maras empresariales y el Gobierno, el paro empezar\u00eda a las <strong>0 del martes y ser\u00eda por 24 horas<\/strong>. <\/p>\n<\/div>\n<div id=\"element-body-1\">\n<p>La medida ser\u00eda a<strong> nivel nacional<\/strong> y afectar\u00eda a m\u00e1s de <strong>300 l\u00edneas que circulan en el AMBA<\/strong>, de corta y larga distancia.<\/p>\n<\/div>\n<div id=\"element-body-2\">\n<p>Los desacuerdos entre las partes por los<strong> salarios<\/strong>, sumado a se agot\u00f3 el<strong> per\u00edodo de conciliaci\u00f3n obligatoria <\/strong>dictado por el Gobierno nacional, llevaron a la UTA a tomar esta decisi\u00f3n.<\/p>\n<\/div>\n<div id=\"element-body-4\">\n<p>Las l\u00edneas que pertenecen a la <strong>empresa DOTA <\/strong>(Doscientos Ocho Transporte Automotor), que habitualmente suelen funcionar aunque haya una medida de fuerza, en esta ocasi\u00f3n<strong> no confirmaron ni negaron su acatamiento<\/strong>.<\/p>\n<\/div>\n<div id=\"element-body-6\">\n<p>El director de DOTA, Marcelo Pasciuto, en declaraciones radiales, dijo que se respetar\u00e1 la decisi\u00f3n de cada chofer si decide prestar servicio o sumarse al reclamo salarial.<\/p>\n<\/div>\n<div id=\"element-body-7\">\n<p>En el caso de no acatar las medidas de este paro, las l\u00edneas que prestar\u00e1n sus<strong> servicios en la Ciudad de Buenos Aires<\/strong> el d\u00eda martes son: 5, 6, 7, 8, 9, 20, 21, 23, 24, 25, 28, 31, 44, 50, 51, 56, 57, 74, 76, 79, 84, 91, 99, 100, 101, 106, 107, 108, 115, 117, 130, 135, 146, 150, 161, 164, 168, 177 y 188.<\/p>\n<\/div>\n<div id=\"element-body-8\">\n<p>En tanto, las <strong>l\u00edneas que funcionar\u00edan en la provincia de Buenos Aires<\/strong> son las siguientes: 256, 263, 271, 299, 370, 384, 385, 388, 403, 405, 421, 429, 435, 440, 503, 514, 520, 540, 550, 551, 552, 553, 570, 740.<\/p>\n<\/div>\n<div id=\"element-body-10\">\n<p>En principio, m\u00e1s <strong>300 l\u00edneas<\/strong> cuyos trabajadores est\u00e1n afiliados a la UTA ser\u00e1n parte del paro de colectivos.<\/p>\n<\/div>\n<div id=\"element-body-12\">\n<p>Estas son algunas de las l\u00edneas que no prestar\u00e1n su servicio durante el paro: 1, 2, 4, 10, 12, 15, 17, 19, 22, 29, 32, 33, 34, 37, 39, 41, 42, 45, 46, 47, 49, 53, 55, 59, 60, 61, 62, 63, 64, 65, 67, 68, 70, 71, 75, 78, 86, 87, 88, 90, 92, 93, 95, 96, 97, 102, 103, 105, 109, 110, 111, 113, 114, 118, 119, 123, 124, 126, 127, 128, 129, 133, 136, 140, 143, 145, 148, 151, 152, 153, 154, 158, 159, 160, 163, 166, 169, 172, 174, 176, 178, 179, 180, 181, 182, 184, 185, 193, 194 y 195.<\/p>\n<\/div>\n<div id=\"element-body-14\">\n<p>A pesar de las reuniones conciliatorias entre los sindicatos y los empresarios en la Secretar\u00eda de Trabajo,<strong> la UTA public\u00f3 el mi\u00e9rcoles pasado un comunicado<\/strong> informando sobre la medida de fuerza para este martes.<\/p>\n<\/div>\n<div id=\"element-body-15\">\n<p>El sindicato expres\u00f3 su descontento con la contrapropuesta salarial. Adem\u00e1s, denunciaron que \u201clos empresarios han ofrecido por los meses de febrero, marzo, abril, mayo y junio un incremento remunerativo de menos del 6% a pagarse a partir del mes de junio\u201d.<\/p>\n<\/div>\n<div id=\"element-body-17\">\n<p>Por otro lado, hoy por la ma\u00f1ana durante una entrevista para Urbana play, el secretario gremial Gabriel Gusso declar\u00f3: &#8220;<strong>El paro est\u00e1 confirmado para ma\u00f1ana<\/strong>. No tengan ninguna esperanza porque la pol\u00edtica del Gobierno es mantener el 1% de inflaci\u00f3n para homologar como tope y ya vencido el per\u00edodo de conciliaci\u00f3n obligatoria estamos habilitados (para parar)&#8221;.<\/p>\n<\/div>\n<p><br \/>\n<br \/><a href=\"https:\/\/www.clarin.com\/informacion-general\/lineas-adhieren-paro-colectivos-6-mayo_0_HvygHXwv8X.html\">Fuente Clarin.com <\/a><\/p>\n","protected":false},"excerpt":{"rendered":"<p>La Uni\u00f3n Tranviarios Automotor (UTA) anunci\u00f3 un paro de colectivos para este martes 6 de mayo. Si bien todav\u00eda no se confirm\u00f3 de manera definitoria esta medida, ya que se lleva a cabo esta tarde la \u00faltima reuni\u00f3n conciliatoria entre sindicalistas, c\u00e1maras empresariales y el Gobierno, el paro empezar\u00eda a las 0 del martes y [&hellip;]<\/p>\n","protected":false},"author":1,"featured_media":22499,"comment_status":"open","ping_status":"open","sticky":false,"template":"","format":"standard","meta":{"footnotes":""},"categories":[2],"tags":[13961,6914,100,8430,9811,8177,286],"class_list":["post-22498","post","type-post","status-publish","format-standard","has-post-thumbnail","hentry","category-ultimas-noticias","tag-adhieren","tag-colectivos","tag-del","tag-lineas","tag-mayo","tag-paro","tag-que"],"_links":{"self":[{"href":"https:\/\/13.com.ar\/index.php\/wp-json\/wp\/v2\/posts\/22498","targetHints":{"allow":["GET"]}}],"collection":[{"href":"https:\/\/13.com.ar\/index.php\/wp-json\/wp\/v2\/posts"}],"about":[{"href":"https:\/\/13.com.ar\/index.php\/wp-json\/wp\/v2\/types\/post"}],"author":[{"embeddable":true,"href":"https:\/\/13.com.ar\/index.php\/wp-json\/wp\/v2\/users\/1"}],"replies":[{"embeddable":true,"href":"https:\/\/13.com.ar\/index.php\/wp-json\/wp\/v2\/comments?post=22498"}],"version-history":[{"count":0,"href":"https:\/\/13.com.ar\/index.php\/wp-json\/wp\/v2\/posts\/22498\/revisions"}],"wp:featuredmedia":[{"embeddable":true,"href":"https:\/\/13.com.ar\/index.php\/wp-json\/wp\/v2\/media\/22499"}],"wp:attachment":[{"href":"https:\/\/13.com.ar\/index.php\/wp-json\/wp\/v2\/media?parent=22498"}],"wp:term":[{"taxonomy":"category","embeddable":true,"href":"https:\/\/13.com.ar\/index.php\/wp-json\/wp\/v2\/categories?post=22498"},{"taxonomy":"post_tag","embeddable":true,"href":"https:\/\/13.com.ar\/index.php\/wp-json\/wp\/v2\/tags?post=22498"}],"curies":[{"name":"wp","href":"https:\/\/api.w.org\/{rel}","templated":true}]}}