{"id":22496,"date":"2025-05-05T15:09:31","date_gmt":"2025-05-05T18:09:31","guid":{"rendered":"https:\/\/13.com.ar\/index.php\/un-museo-rodante-recorre-las-escuelas\/"},"modified":"2025-05-05T15:09:31","modified_gmt":"2025-05-05T18:09:31","slug":"un-museo-rodante-recorre-las-escuelas","status":"publish","type":"post","link":"https:\/\/13.com.ar\/index.php\/un-museo-rodante-recorre-las-escuelas\/","title":{"rendered":"Un museo rodante recorre las escuelas"},"content":{"rendered":"<p> <br \/>\n<br \/><img decoding=\"async\" src=\"https:\/\/13.com.ar\/wp-content\/uploads\/2025\/05\/Un-museo-rodante-recorre-las-escuelas.jpg\" \/><\/p>\n<div id=\"element-body-0\">\n<p>Acercar el arte a los m\u00e1s chicos. Esa es la misi\u00f3n en la cuarta temporada del <strong>Museo Itinerante de Fotograf\u00eda<\/strong>, dedicada a recorrer colegios p\u00fablicos y privados de la Argentina, con un tr\u00e1iler especialmente acondicionado para mostrar arte en cualquier rinc\u00f3n. Este a\u00f1o, el programa incluye una exposici\u00f3n de grandes maestros argentinos de la fotograf\u00eda como Sara Facio, Jorge Aguirre, Helen Zout, Oscar Pintor, Esteban Pastorino, Romina Ressia, Mart\u00edn Weber, el Grupo Enfoco y Guillermo Srodek Hart; y adem\u00e1s <strong>un experimento de c\u00e1mara oscura<\/strong>, que es el favorito de los m\u00e1s chicos.<\/p>\n<\/div>\n<div id=\"element-body-1\">\n<p>\u201cLa experiencia es diferente y fascinante, porque estamos trabajando con una comunidad que no est\u00e1 tan habituada a ir a museos y ver obras de arte; son chicos desde jard\u00edn de infantes hasta sexto a\u00f1o y eso genera diferentes miradas\u201d, se\u00f1ala en di\u00e1logo con <strong>\u00d1 Gast\u00f3n Deleau<\/strong>, al frente de la <strong>Fundaci\u00f3n Fola<\/strong>, impulsora de la iniciativa junto a la <strong>Fundaci\u00f3n Alfonso y Luz Castillo<\/strong>, con el apoyo del Programa de Mecenazgo, la Fundaci\u00f3n IRSA, Fuji Argentina y Rogel Argentina.<\/p>\n<\/div>\n<div id=\"element-body-3\">\n<p>El primer destino de este museo sobre ruedas fue el <strong>Colegio Mar\u00eda Guadalupe<\/strong>, de la localidad de Las Tunas, en Tigre. La instituci\u00f3n gan\u00f3 notoriedad al ser destacada en 2024 como uno de los tres mejores colegios del mundo. Fundada en 2012 con la idea de desarrollar una escuela de calidad en un barrio popular, fue reconocida con el World \u2018s Best School Prizes T4 Education.<\/p>\n<\/div>\n<div id=\"element-body-4\">\n<p>\u201cEs un primer acercamiento al arte para algunos de los chicos, y para nosotros la oportunidad de contarles de qu\u00e9 se trata la fotograf\u00eda\u201d, se\u00f1ala Deleau. \u201cLos m\u00e1s grandes entienden un poco m\u00e1s qu\u00e9 es una muestra, pero como tenemos <strong>el proyecto de la c\u00e1mara oscura<\/strong>, que ponemos en pr\u00e1ctica los d\u00edas soleados, es una sensaci\u00f3n incre\u00edble que los m\u00e1s chicos ven como una magia\u201d.<\/p>\n<\/div>\n<div id=\"element-body-5\">\n<p>En esta recorrida por el pa\u00eds, el Museo permanecer\u00e1 durante <strong>una semana en cada instituci\u00f3n<\/strong>, recibiendo a toda la comunidad educativa y las familias de los alumnos, ofreciendo talleres y experiencias interactivas que fomentan la creatividad, la curiosidad y el pensamiento cr\u00edtico.<\/p>\n<\/div>\n<div id=\"element-body-6\">\n<p>\u201cCreemos en la cultura como un motor de transformaci\u00f3n social y en la educaci\u00f3n como una herramienta fundamental para ampliar horizontes y despertar nuevas miradas\u201d, cierra Deleau, muchas veces al volante \u00e9l mismo en los recorridos.<\/p>\n<\/div>\n<div id=\"element-body-8\">\n<p>En cada escuela, el proyecto busca generar una propuesta art\u00edstica con los alumnos, que convive con la <strong>muestra permanente del museo a lo largo de 2025<\/strong>. \u201cQueremos que cada visita deje una huella, promoviendo el arte como un espacio de encuentro, expresi\u00f3n y di\u00e1logo\u201d, completa Deleau.<\/p>\n<\/div>\n<div id=\"element-body-9\">\n<p>Una vez estacionado el tr\u00e1iler, los visitantes pueden recorrer la muestra, conocer m\u00e1s sobre la fotograf\u00eda argentina, experimentar con la <strong>C\u00e1mara Oscura <\/strong>y explorar los libros de la<strong> Biblioteca Rodante<\/strong>, con importantes ediciones de fotograf\u00eda.<\/p>\n<\/div>\n<div id=\"element-body-10\">\n<p>M\u00e1s que una exposici\u00f3n, una invitaci\u00f3n a descubrir el arte como una herramienta de expresi\u00f3n, identidad y memoria.<\/p>\n<\/div>\n<p><br \/>\n<br \/><a href=\"https:\/\/www.clarin.com\/revista-n\/museo-rodante-recorre-escuelas_0_VmAucJEgYd.html\">Fuente Clarin.com <\/a><\/p>\n","protected":false},"excerpt":{"rendered":"<p>Acercar el arte a los m\u00e1s chicos. Esa es la misi\u00f3n en la cuarta temporada del Museo Itinerante de Fotograf\u00eda, dedicada a recorrer colegios p\u00fablicos y privados de la Argentina, con un tr\u00e1iler especialmente acondicionado para mostrar arte en cualquier rinc\u00f3n. Este a\u00f1o, el programa incluye una exposici\u00f3n de grandes maestros argentinos de la fotograf\u00eda [&hellip;]<\/p>\n","protected":false},"author":1,"featured_media":22497,"comment_status":"open","ping_status":"open","sticky":false,"template":"","format":"standard","meta":{"footnotes":""},"categories":[2],"tags":[6218,48,17,3619,17082],"class_list":["post-22496","post","type-post","status-publish","format-standard","has-post-thumbnail","hentry","category-ultimas-noticias","tag-escuelas","tag-las","tag-museo","tag-recorre","tag-rodante"],"_links":{"self":[{"href":"https:\/\/13.com.ar\/index.php\/wp-json\/wp\/v2\/posts\/22496","targetHints":{"allow":["GET"]}}],"collection":[{"href":"https:\/\/13.com.ar\/index.php\/wp-json\/wp\/v2\/posts"}],"about":[{"href":"https:\/\/13.com.ar\/index.php\/wp-json\/wp\/v2\/types\/post"}],"author":[{"embeddable":true,"href":"https:\/\/13.com.ar\/index.php\/wp-json\/wp\/v2\/users\/1"}],"replies":[{"embeddable":true,"href":"https:\/\/13.com.ar\/index.php\/wp-json\/wp\/v2\/comments?post=22496"}],"version-history":[{"count":0,"href":"https:\/\/13.com.ar\/index.php\/wp-json\/wp\/v2\/posts\/22496\/revisions"}],"wp:featuredmedia":[{"embeddable":true,"href":"https:\/\/13.com.ar\/index.php\/wp-json\/wp\/v2\/media\/22497"}],"wp:attachment":[{"href":"https:\/\/13.com.ar\/index.php\/wp-json\/wp\/v2\/media?parent=22496"}],"wp:term":[{"taxonomy":"category","embeddable":true,"href":"https:\/\/13.com.ar\/index.php\/wp-json\/wp\/v2\/categories?post=22496"},{"taxonomy":"post_tag","embeddable":true,"href":"https:\/\/13.com.ar\/index.php\/wp-json\/wp\/v2\/tags?post=22496"}],"curies":[{"name":"wp","href":"https:\/\/api.w.org\/{rel}","templated":true}]}}