{"id":22494,"date":"2025-05-05T15:06:28","date_gmt":"2025-05-05T18:06:28","guid":{"rendered":"https:\/\/13.com.ar\/index.php\/el-gesto-de-la-mediatica-que-lo-sorprendio\/"},"modified":"2025-05-05T15:06:28","modified_gmt":"2025-05-05T18:06:28","slug":"el-gesto-de-la-mediatica-que-lo-sorprendio","status":"publish","type":"post","link":"https:\/\/13.com.ar\/index.php\/el-gesto-de-la-mediatica-que-lo-sorprendio\/","title":{"rendered":"el gesto de la medi\u00e1tica que lo sorprendi\u00f3"},"content":{"rendered":"<p> <br \/>\n<br \/><img decoding=\"async\" src=\"https:\/\/13.com.ar\/wp-content\/uploads\/2025\/05\/el-gesto-de-la-mediatica-que-lo-sorprendio.jpg\" \/><\/p>\n<div id=\"element-body-0\">\n<p>Una semana despu\u00e9s de anunciar su separaci\u00f3n de<strong> <\/strong>Wanda Nara, <strong>L-Gante<\/strong> se mostr\u00f3 en un almuerzo familiar con ella.<\/p>\n<\/div>\n<div id=\"element-body-1\">\n<p>Ahora, el m\u00fasico meti\u00f3 la pata y tuvo que revelar p\u00fablicamente c\u00f3mo es el <strong>v\u00ednculo que lo une con la medi\u00e1tica.<\/strong><\/p>\n<\/div>\n<div id=\"element-body-2\">\n<p>A fines de abril, tanto Wanda Nara como Eli\u00e1n Valenzuela confirmaron que estaban separados. <\/p>\n<\/div>\n<div id=\"element-body-3\">\n<p>Adem\u00e1s, el m\u00fasico se sincer\u00f3 respecto a los problemas de salud que atraviesa.<\/p>\n<\/div>\n<div id=\"element-body-4\">\n<p>En medio de esta situaci\u00f3n,<strong> Wanda comparti\u00f3 una foto en un almuerzo familiar<\/strong> del cantante de cumbia sentada al lado de <strong>la hija de \u00e9l, Jamaica, y de la madre de \u00e9l, Claudia Valenzuela.<\/strong><\/p>\n<\/div>\n<div id=\"element-body-5\">\n<p>La presencia de la hermana mayor de las Nara en ese multitudinario encuentro familiar dio inicio a <strong>rumores de reconciliaci\u00f3n<\/strong> con el ex de Tamara B\u00e1ez.<\/p>\n<\/div>\n<div id=\"element-body-6\">\n<p>Sin embargo, en la mesa de Juana Viale, L-Gante confes\u00f3 c\u00f3mo es su v\u00ednculo actual con la interprete de <em>Bad Bitch<\/em>.<\/p>\n<\/div>\n<div id=\"element-body-7\">\n<p>Al hablar sobre su hija Jamaica, a Eli\u00e1n se le escap\u00f3 un detalle, <strong>asegur\u00f3 que a su hija la estaban cuidando su mam\u00e1 y Wanda en su casa<\/strong>, mientras \u00e9l estaba en los estudios de El Trece.<\/p>\n<\/div>\n<div id=\"element-body-8\">\n<p><strong>&#8220;Es una ni\u00f1era que le contrat\u00e9 a Jamaica&#8221;, <\/strong>brome\u00f3 el cantante de RKT. <\/p>\n<\/div>\n<div id=\"element-body-9\">\n<p>&#8220;Una ni\u00f1era un poco cara&#8230;&#8221;, le retruc\u00f3 el actor Luciano C\u00e1ceres, que tambi\u00e9n estaba entre los invitados de la nieta de Mirtha Legrand.<\/p>\n<\/div>\n<div id=\"element-body-11\">\n<p><strong>&#8220;\u00bfQu\u00e9 nombre podemos ponerle a ese v\u00ednculo?&#8221;<\/strong>, le pregunt\u00f3 Juana Viale a Eli\u00e1n.<\/p>\n<\/div>\n<div id=\"element-body-12\">\n<p>&#8220;<strong>Lo mismo me pregunto porque tambi\u00e9n estoy medio confundido<\/strong>, la semana pasada se me ha acusado de todo&#8221;, lament\u00f3 el m\u00fasico.<\/p>\n<\/div>\n<div id=\"element-body-13\">\n<p>&#8220;La situaci\u00f3n fue as\u00ed, ella dijo que me hab\u00eda dejado y <strong>antes de ayer me cay\u00f3 a mi casa as\u00ed de la nada<\/strong>, pero todav\u00eda <strong>nos debemos una charla<\/strong>, as\u00ed que ahora no s\u00e9 en qu\u00e9 estamos&#8221;, se sincer\u00f3 L-Gante.<\/p>\n<\/div>\n<div id=\"element-body-15\">\n<p>&#8220;\u00bfC\u00f3mo te separ\u00e1s de alguien sin separarte?&#8221;, quiso saber la conductora del programa dominical de El Trece.<\/p>\n<\/div>\n<div id=\"element-body-16\">\n<p>&#8220;A veces va y viceversa, pero <strong>esta vez volvi\u00f3 sola, otras veces me pas\u00f3 a m\u00ed<\/strong>&#8220;, contest\u00f3. <\/p>\n<\/div>\n<div id=\"element-body-17\">\n<p>&#8220;M\u00e1s que nunca ten\u00e9s que cuidar tu coraz\u00f3n porque est\u00e1s sensible&#8221;, le sugiri\u00f3 el actor al m\u00fasico, en referencia a los problemas card\u00edacos que atraviesa.<\/p>\n<\/div>\n<div id=\"element-body-19\">\n<p>&#8220;Lo bueno es que nos llevamos bien, pero <strong>a veces quedamos muy expuestos<\/strong>&#8220;, lament\u00f3 Eli\u00e1n sobre el asedio medi\u00e1tico que cae sobre su relaci\u00f3n amorosa con Wanda.<\/p>\n<\/div>\n<div id=\"element-body-20\">\n<p>&#8220;Estaba camino a mi casa, mi mam\u00e1 ya estaba ah\u00ed con Jamaica y <strong>me avis\u00f3 que estaba Wanda<\/strong>&#8220;, cont\u00f3 respecto a la inesperada visita que recibi\u00f3 de parte de la hermana de Zaira Nara.<\/p>\n<\/div>\n<div id=\"element-body-21\">\n<p>&#8220;Pero cuando llegu\u00e9 <strong>lo vi distinto porque Wanda estaba dibujando con Jamaica<\/strong>, fue un acto de amor que me hizo olvidar de todo&#8221;, agreg\u00f3.<\/p>\n<\/div>\n<div id=\"element-body-22\">\n<p><strong>&#8220;Est\u00e1s muy enamorado&#8221;<\/strong>, coment\u00f3 Juana sobre el tono con el que hablaba de su ex pareja.<\/p>\n<\/div>\n<div id=\"element-body-23\">\n<p>En ese sentido, <strong>L-Gante confes\u00f3: &#8220;Puede ser, s\u00ed&#8221;.<\/strong><\/p>\n<\/div>\n<div id=\"element-body-25\">\n<p>En la mesa de Juana Viale, el m\u00fasico revel\u00f3 c\u00f3mo se encuentra de salud, luego de duro diagn\u00f3stico que recibi\u00f3.<\/p>\n<\/div>\n<div id=\"element-body-26\">\n<div class=\"sc-c2c2a3c6-1 kQhBlc videoText videoText\">\n<h2>Video<\/h2>\n<p>El m\u00fasico se confes\u00f3 en la mesa de Juana Viale<\/p>\n<\/div>\n<\/div>\n<div id=\"element-body-27\">\n<p>\u201cMe encontr\u00e9 con algo\u2026 <strong>Fui a hacerme un chequeo general y me encontraron insuficiencia card\u00edaca y renal<\/strong>\u201d, confes\u00f3.<\/p>\n<\/div>\n<div id=\"element-body-28\">\n<p>Respecto a la causa de este problema card\u00edaco, Eli\u00e1n explic\u00f3: \u201cEs <strong>una v\u00e1lvula del coraz\u00f3n tiene un problema<\/strong>, la sangre marcha, pero vuelve un poco para atr\u00e1s\u201d.<\/p>\n<\/div>\n<div id=\"element-body-29\">\n<p>Sobre una presentaci\u00f3n que tiene pautada para el <strong>pr\u00f3ximo 7 de mayo en Niceto Club<\/strong>, el m\u00fasico adelant\u00f3: <strong>\u201cSe dec\u00eda que iba a ser uno de los \u00faltimos shows, pero no creo que sea as\u00ed\u201d.<\/strong><\/p>\n<\/div>\n<p><br \/>\n<br \/><a href=\"https:\/\/www.clarin.com\/fama\/varias-idas-vueltas-l-gante-blanqueo-hoy-wanda-nara-gesto-mediatica-sorprendio_0_GKJvbypcTG.html\">Fuente Clarin.com <\/a><\/p>\n","protected":false},"excerpt":{"rendered":"<p>Una semana despu\u00e9s de anunciar su separaci\u00f3n de Wanda Nara, L-Gante se mostr\u00f3 en un almuerzo familiar con ella. Ahora, el m\u00fasico meti\u00f3 la pata y tuvo que revelar p\u00fablicamente c\u00f3mo es el v\u00ednculo que lo une con la medi\u00e1tica. A fines de abril, tanto Wanda Nara como Eli\u00e1n Valenzuela confirmaron que estaban separados. Adem\u00e1s, [&hellip;]<\/p>\n","protected":false},"author":1,"featured_media":22495,"comment_status":"open","ping_status":"open","sticky":false,"template":"","format":"standard","meta":{"footnotes":""},"categories":[2],"tags":[462,4984,2681],"class_list":["post-22494","post","type-post","status-publish","format-standard","has-post-thumbnail","hentry","category-ultimas-noticias","tag-gesto","tag-mediatica","tag-sorprendio"],"_links":{"self":[{"href":"https:\/\/13.com.ar\/index.php\/wp-json\/wp\/v2\/posts\/22494","targetHints":{"allow":["GET"]}}],"collection":[{"href":"https:\/\/13.com.ar\/index.php\/wp-json\/wp\/v2\/posts"}],"about":[{"href":"https:\/\/13.com.ar\/index.php\/wp-json\/wp\/v2\/types\/post"}],"author":[{"embeddable":true,"href":"https:\/\/13.com.ar\/index.php\/wp-json\/wp\/v2\/users\/1"}],"replies":[{"embeddable":true,"href":"https:\/\/13.com.ar\/index.php\/wp-json\/wp\/v2\/comments?post=22494"}],"version-history":[{"count":0,"href":"https:\/\/13.com.ar\/index.php\/wp-json\/wp\/v2\/posts\/22494\/revisions"}],"wp:featuredmedia":[{"embeddable":true,"href":"https:\/\/13.com.ar\/index.php\/wp-json\/wp\/v2\/media\/22495"}],"wp:attachment":[{"href":"https:\/\/13.com.ar\/index.php\/wp-json\/wp\/v2\/media?parent=22494"}],"wp:term":[{"taxonomy":"category","embeddable":true,"href":"https:\/\/13.com.ar\/index.php\/wp-json\/wp\/v2\/categories?post=22494"},{"taxonomy":"post_tag","embeddable":true,"href":"https:\/\/13.com.ar\/index.php\/wp-json\/wp\/v2\/tags?post=22494"}],"curies":[{"name":"wp","href":"https:\/\/api.w.org\/{rel}","templated":true}]}}